{"id":52147,"date":"2023-07-20T14:16:42","date_gmt":"2023-07-20T14:16:42","guid":{"rendered":"https:\/\/lestracesdelinfo.com\/?p=52147"},"modified":"2023-07-20T14:17:44","modified_gmt":"2023-07-20T14:17:44","slug":"52147","status":"publish","type":"post","link":"https:\/\/lestracesdelinfo.com\/index.php\/2023\/07\/20\/52147\/","title":{"rendered":"Remaniement en France: Gabriel Attal remplace Pap Ndiaye \u00e0 l&rsquo;\u00c9ducation, Aur\u00e9lien Rousseau \u00e0 la Sant\u00e9"},"content":{"rendered":"\n<p>Au terme de longues tractations entre Emmanuel Macron et Elisabeth Borne, l&rsquo;\u00c9lys\u00e9e doit annoncer ce jeudi apr\u00e8s-midi les \u00ab&nbsp;ajustements&nbsp;\u00bb de l&rsquo;\u00e9quipe gouvernementale. Des sources au sein de la majorit\u00e9 ont donn\u00e9 des noms de prochains membres du gouvernement.<\/p>\n\n\n\n<p>RFI<\/p>\n\n\n\n<figure class=\"wp-block-image\"><img decoding=\"async\" src=\"https:\/\/s.rfi.fr\/media\/display\/86ef2618-26fd-11ee-ab47-005056a90321\/w:980\/p:16x9\/000_33PF4MN.jpg\" alt=\"Gabriel Attal, actuellement ministre d\u00e9l\u00e9gu\u00e9e au Budget, remplace Pap Ndiaye \u00e0 l'\u00c9ducation nationale.\"\/><figcaption class=\"wp-element-caption\">Gabriel Attal, actuellement ministre d\u00e9l\u00e9gu\u00e9e au Budget, remplace Pap Ndiaye \u00e0 l&rsquo;\u00c9ducation nationale.&nbsp;\u00a9 BERTRAND GUAY \/ AFP<\/figcaption><\/figure>\n\n\n\n<p>D&rsquo;abord attendu mercredi, ce remaniement planait sur le camp pr\u00e9sidentiel depuis plusieurs semaines. Le casting s&rsquo;est pr\u00e9cis\u00e9 avant m\u00eame l&rsquo;annonce formelle, qui sera suivi vendredi matin par un Conseil des ministres. \u00c0 la rentr\u00e9e, ce nouveau gouvernement devra relever les d\u00e9fis assign\u00e9s par le pr\u00e9sident autour de l&rsquo;\u00e9cologie, l&rsquo;immigration et la r\u00e9ponse aux \u00e9meutes cons\u00e9cutives \u00e0&nbsp;<strong><a href=\"https:\/\/www.rfi.fr\/fr\/france\/20230628-mort-de-nahel-%C3%A0-nanterre-forte-%C3%A9motion-dans-le-pays-les-autorit%C3%A9s-craignent-un-embrasement\">la mort de Nahel,<\/a><\/strong>&nbsp;\u00e0 Nanterre, en banlieue parisienne.<\/p>\n\n\n\n<p><strong><a href=\"https:\/\/www.rfi.fr\/fr\/podcasts\/mardi-politique\/20220110-gabriel-attal-porte-parole-du-gouvernement\">Gabriel Attal<\/a><\/strong>, 34 ans, va succ\u00e9der \u00e0 Pap Ndiaye \u00e0 la t\u00eate du minist\u00e8re de l&rsquo;\u00c9ducation nationale, ont indiqu\u00e9 jeudi plusieurs sources de la majorit\u00e9 pr\u00e9sidentielle \u00e0 l&rsquo;AFP. Gabriel Attal, jusqu&rsquo;alors ministre d\u00e9l\u00e9gu\u00e9 aux Comptes publics, deviendra le plus jeune titulaire de ce poste, plus gros budget de l&rsquo;\u00c9tat, sous la Ve R\u00e9publique.<\/p>\n\n\n\n<p>De son c\u00f4t\u00e9, Aur\u00e9lien Rousseau, ancien directeur de cabinet d&rsquo;\u00c9lisabeth Borne \u00e0 Matignon, va \u00eatre nomm\u00e9 ministre de la Sant\u00e9 en remplacement de Fran\u00e7ois Braun, selon l&rsquo;AFP, citant des sources proches du dossier, confirmant une information de BFMTV.<\/p>\n\n\n\n<p>Le changement \u00e0 la t\u00eate de ces deux minist\u00e8res cl\u00e9s, sur des dossiers prioritaires du second quinquennat d&rsquo;Emmanuel Macron, semblent indiquer que la Premi\u00e8re ministre a r\u00e9ussi en partie son pari. Ministres et conseillers d\u00e9crivaient depuis lundi une bataille feutr\u00e9e entre la cheffe du gouvernement, qui esp\u00e9rait renouveler au moins ces deux postes pour asseoir son autorit\u00e9, et le pr\u00e9sident de la R\u00e9publique qui, lui, ne voulait qu&rsquo;un remaniement marginal.<\/p>\n\n\n\n<p>PUBLICIT\u00c9<\/p>\n\n\n\n<h2 class=\"wp-block-heading\">Marl\u00e8ne Schiappa quitte le gouvernement<\/h2>\n\n\n\n<p>Dans les autres noms donn\u00e9s avant l&rsquo;annonce officielle, il y a notamment la pr\u00e9sidente du groupe Renaissance \u00e0 l&rsquo;Assembl\u00e9e, Aurore Berg\u00e9, remplacera Jean-Christophe Combe \u00e0 la t\u00eate du minist\u00e8re des Solidarit\u00e9s, ont aussi d\u00e9clar\u00e9 \u00e0 l&rsquo;AFP des sources de la majorit\u00e9. Issue des rangs de la droite, Aurore Berg\u00e9, 36 ans, s&rsquo;est impos\u00e9e dans la Macronie lors de son \u00e9lection comme d\u00e9put\u00e9e dans les Yvelines en 2017.<\/p>\n\n\n\n<p>La secr\u00e9taire d&rsquo;\u00c9tat charg\u00e9e de l&rsquo;\u00c9conomie sociale et solidaire,&nbsp;<strong><a href=\"https:\/\/www.rfi.fr\/fr\/france\/20230614-france-la-secr%C3%A9taire-d-%C3%A9tat-marl%C3%A8ne-schiappa-en-difficult%C3%A9-devant-le-s%C3%A9nat\">Marl\u00e8ne Schiappa<\/a><\/strong>, \u00e9pingl\u00e9e pour sa gestion du Fonds Marianne, va quitter le gouvernement d&rsquo;Elisabeth Borne, a annonc\u00e9 vendredi une source proche du dossier. Les informations r\u00e9currentes sur son d\u00e9part sont \u00ab&nbsp;<em>exactes&nbsp;<\/em>\u00bb, a confirm\u00e9 cette source. Marl\u00e8ne Schiappa a aussi fait couler beaucoup d&rsquo;encre en s&rsquo;affichant en couverture du magazine Playboy, une initiative alors qualifi\u00e9e de \u00ab<em>&nbsp;pas du tout appropri\u00e9e<\/em>&nbsp;\u00bb par la Premi\u00e8re ministre.<\/p>\n\n\n\n<p><em>(Plus d&rsquo;informations \u00e0 venir.)<\/em><\/p>\n","protected":false},"excerpt":{"rendered":"<p>Au terme de longues tractations entre Emmanuel Macron et Elisabeth Borne, l&rsquo;\u00c9lys\u00e9e doit annoncer ce jeudi apr\u00e8s-midi les \u00ab&nbsp;ajustements&nbsp;\u00bb de l&rsquo;\u00e9quipe gouvernementale. Des sources au sein de la majorit\u00e9 ont donn\u00e9 des noms de prochains membres du gouvernement. RFI D&rsquo;abord attendu mercredi, ce remaniement planait sur le camp pr\u00e9sidentiel depuis plusieurs semaines. Le casting s&rsquo;est [&hellip;]<\/p>\n","protected":false},"author":2,"featured_media":52148,"comment_status":"open","ping_status":"open","sticky":false,"template":"","format":"standard","meta":{"footnotes":""},"categories":[1],"tags":[],"class_list":["post-52147","post","type-post","status-publish","format-standard","has-post-thumbnail","hentry","category-aucun"],"_links":{"self":[{"href":"https:\/\/lestracesdelinfo.com\/index.php\/wp-json\/wp\/v2\/posts\/52147","targetHints":{"allow":["GET"]}}],"collection":[{"href":"https:\/\/lestracesdelinfo.com\/index.php\/wp-json\/wp\/v2\/posts"}],"about":[{"href":"https:\/\/lestracesdelinfo.com\/index.php\/wp-json\/wp\/v2\/types\/post"}],"author":[{"embeddable":true,"href":"https:\/\/lestracesdelinfo.com\/index.php\/wp-json\/wp\/v2\/users\/2"}],"replies":[{"embeddable":true,"href":"https:\/\/lestracesdelinfo.com\/index.php\/wp-json\/wp\/v2\/comments?post=52147"}],"version-history":[{"count":2,"href":"https:\/\/lestracesdelinfo.com\/index.php\/wp-json\/wp\/v2\/posts\/52147\/revisions"}],"predecessor-version":[{"id":52150,"href":"https:\/\/lestracesdelinfo.com\/index.php\/wp-json\/wp\/v2\/posts\/52147\/revisions\/52150"}],"wp:featuredmedia":[{"embeddable":true,"href":"https:\/\/lestracesdelinfo.com\/index.php\/wp-json\/wp\/v2\/media\/52148"}],"wp:attachment":[{"href":"https:\/\/lestracesdelinfo.com\/index.php\/wp-json\/wp\/v2\/media?parent=52147"}],"wp:term":[{"taxonomy":"category","embeddable":true,"href":"https:\/\/lestracesdelinfo.com\/index.php\/wp-json\/wp\/v2\/categories?post=52147"},{"taxonomy":"post_tag","embeddable":true,"href":"https:\/\/lestracesdelinfo.com\/index.php\/wp-json\/wp\/v2\/tags?post=52147"}],"curies":[{"name":"wp","href":"https:\/\/api.w.org\/{rel}","templated":true}]}}