{"id":52198,"date":"2023-07-20T22:58:11","date_gmt":"2023-07-20T22:58:11","guid":{"rendered":"https:\/\/lestracesdelinfo.com\/?p=52198"},"modified":"2023-07-20T23:21:31","modified_gmt":"2023-07-20T23:21:31","slug":"boghe-inauguration-de-la-garderie-denfants-cheikh-oumar-tall","status":"publish","type":"post","link":"https:\/\/lestracesdelinfo.com\/index.php\/2023\/07\/20\/boghe-inauguration-de-la-garderie-denfants-cheikh-oumar-tall\/","title":{"rendered":"Bogh\u00e9: Inauguration de la garderie d\u2019enfants Cheikh Oumar Tall"},"content":{"rendered":"\n<p><strong><u>Bogh\u00e9: Inauguration de la garderie d\u2019enfants Cheikh Oumar Tall<\/u><\/strong><\/p>\n\n\n\n<figure class=\"wp-block-gallery has-nested-images columns-default is-cropped wp-block-gallery-1 is-layout-flex wp-block-gallery-is-layout-flex\">\n<figure class=\"wp-block-image size-large\"><img loading=\"lazy\" decoding=\"async\" width=\"1024\" height=\"768\" data-id=\"52208\" src=\"https:\/\/lestracesdelinfo.com\/wp-content\/uploads\/2023\/07\/thumbnail-1-6-1024x768.jpg\" alt=\"\" class=\"wp-image-52208\" srcset=\"https:\/\/lestracesdelinfo.com\/wp-content\/uploads\/2023\/07\/thumbnail-1-6-1024x768.jpg 1024w, https:\/\/lestracesdelinfo.com\/wp-content\/uploads\/2023\/07\/thumbnail-1-6-300x225.jpg 300w, https:\/\/lestracesdelinfo.com\/wp-content\/uploads\/2023\/07\/thumbnail-1-6-768x576.jpg 768w, https:\/\/lestracesdelinfo.com\/wp-content\/uploads\/2023\/07\/thumbnail-1-6.jpg 1080w\" sizes=\"auto, (max-width: 1024px) 100vw, 1024px\" \/><\/figure>\n<\/figure>\n\n\n\n<p>Le Maire de Bogh\u00e9, M. B\u00e2 Adama Moussa, a pr\u00e9sid\u00e9 ce dimanche 16 juillet 2023, une c\u00e9r\u00e9monie d\u2019inauguration de la toute nouvelle garderie d\u2019enfant \u00ab&nbsp;Cheikh Oumar Tall de Bogh\u00e9 Escale financ\u00e9e et ex\u00e9cut\u00e9e par l\u2019Association \u00ab&nbsp;<strong>Au c\u0153ur de nos enfants<\/strong>&nbsp;\u00bb. 0nt pris part \u00e0 cette c\u00e9r\u00e9monie, d\u2019importantes personnalit\u00e9s parmi lesquelles on pouvait citer&nbsp;: MM. Mohamed El Hady Macina (ancien SG du minist\u00e8re de l\u2019int\u00e9rieur), Dia Hamady Hassimiou (Chef de village de Bogh\u00e9 Escale et ancien maire de la ville), Habib Amadou Sy (Pr\u00e9sident de l\u2019Association \u00ab&nbsp;Au c\u0153ur de nos enfants&nbsp;\u00bb), Fatimata Macina, l\u2019artiste-chanteur Ousmane Gangu\u00e9, Gr\u00e9gory Alexandre Jonathan, Mohamed Nouredine Mohamed (Au c\u0153ur de nos enfants international), Djibi Seck, Mohamadou Amadou Sy et Neziha Mohamed. Une forte d\u00e9l\u00e9gation venue de Ndioum (S\u00e9n\u00e9gal) ainsi que plusieurs notables et pr\u00e9sidents d\u2019organisations de la soci\u00e9t\u00e9 civile de Bogh\u00e9, Ganki, Daghvet, Bakaw et Thienel ont tenu \u00e0 participer \u00e0 cet \u00e9v\u00e8nement historique. Griots, artistes, animateurs de toutes sortes ainsi que les tout-petits habill\u00e9s et coiff\u00e9s \u00e0 la traditionnelle, \u00e9taient aussi de la partie pour donner \u00e0 l\u2019\u00e9v\u00e8nement tout l\u2019\u00e9clat qu\u2019il m\u00e9rite.<\/p>\n\n\n\n<figure class=\"wp-block-image size-full\"><img loading=\"lazy\" decoding=\"async\" width=\"960\" height=\"540\" src=\"https:\/\/lestracesdelinfo.com\/wp-content\/uploads\/2023\/07\/thumbnail-3-1.jpg\" alt=\"\" class=\"wp-image-52202\" srcset=\"https:\/\/lestracesdelinfo.com\/wp-content\/uploads\/2023\/07\/thumbnail-3-1.jpg 960w, https:\/\/lestracesdelinfo.com\/wp-content\/uploads\/2023\/07\/thumbnail-3-1-300x169.jpg 300w, https:\/\/lestracesdelinfo.com\/wp-content\/uploads\/2023\/07\/thumbnail-3-1-768x432.jpg 768w\" sizes=\"auto, (max-width: 960px) 100vw, 960px\" \/><\/figure>\n\n\n\n<p><\/p>\n\n\n\n<figure class=\"wp-block-image size-full\"><img loading=\"lazy\" decoding=\"async\" width=\"1024\" height=\"677\" src=\"https:\/\/lestracesdelinfo.com\/wp-content\/uploads\/2023\/07\/thumbnail-5-1.jpg\" alt=\"\" class=\"wp-image-52203\" srcset=\"https:\/\/lestracesdelinfo.com\/wp-content\/uploads\/2023\/07\/thumbnail-5-1.jpg 1024w, https:\/\/lestracesdelinfo.com\/wp-content\/uploads\/2023\/07\/thumbnail-5-1-300x198.jpg 300w, https:\/\/lestracesdelinfo.com\/wp-content\/uploads\/2023\/07\/thumbnail-5-1-768x508.jpg 768w\" sizes=\"auto, (max-width: 1024px) 100vw, 1024px\" \/><\/figure>\n\n\n\n<p><\/p>\n\n\n\n<figure class=\"wp-block-image size-full\"><img loading=\"lazy\" decoding=\"async\" width=\"1024\" height=\"752\" src=\"https:\/\/lestracesdelinfo.com\/wp-content\/uploads\/2023\/07\/thumbnail-4-2.jpg\" alt=\"\" class=\"wp-image-52201\" srcset=\"https:\/\/lestracesdelinfo.com\/wp-content\/uploads\/2023\/07\/thumbnail-4-2.jpg 1024w, https:\/\/lestracesdelinfo.com\/wp-content\/uploads\/2023\/07\/thumbnail-4-2-300x220.jpg 300w, https:\/\/lestracesdelinfo.com\/wp-content\/uploads\/2023\/07\/thumbnail-4-2-768x564.jpg 768w\" sizes=\"auto, (max-width: 1024px) 100vw, 1024px\" \/><\/figure>\n\n\n\n<p>Selon la monitrice de la garderie, Mme B\u00e2 Ma\u00efmouna Sada Aw, \u00ab&nbsp;<em>l\u2019ouverture de ce bel \u00e9difice <\/em><em>flambant neuf (qui compte un grand hangar, un bureau, un loge-gardien et des toilettes) vient satisfaire un vieux r\u00eave et r\u00e9pond donc parfaitement \u00e0 nos attentes<\/em>&nbsp;\u00bb. Poursuivant, elle ajoute que \u00ab&nbsp;<em>ces locaux construits selon les normes standards offriront un cadre plus confortable, plus convivial, plus ouvert et a\u00e9r\u00e9 et par cons\u00e9quent plus propice aux enseignements\/apprentissages dispens\u00e9s aux tout<\/em><em>-petits<\/em>&nbsp;\u00bb.<\/p>\n\n\n\n<p>Quant au porte-parole des ambassadeurs de l\u2019association au niveau local, M. Dia Abdoulaye, il a indiqu\u00e9 que cette r\u00e9alisation grandiose ne manquera d\u2019avoir un impact positif sur la prise en charge des enfants en \u00e2ge pr\u00e9scolaire \u00ab&nbsp;<em>car c\u2019est d\u00e8s le jeune \u00e2ge que l\u2019on pose les jalons pour pr\u00e9venir nombre de difficult\u00e9s sociales que nous connaissons aujourd\u2019hui comme la recrudescence de la violence des jeunes&nbsp;<\/em>\u00bb. Il a ensuite rendu hommage au Pr\u00e9sident Habib Amadou SY \u00ab&nbsp;<em>qui a d\u00e9cid\u00e9 de mettre \u00e0 profit son s\u00e9jour en France pour nouer des relations f\u00e9condes avec des partenaires et cr\u00e9er une association pour venir en aide aux populations d\u00e9sh\u00e9rit\u00e9s de l\u2019Afrique en g\u00e9n\u00e9ral, de la Mauritanie en particulier&nbsp;\u00bb.<\/em><\/p>\n\n\n\n<p>Lui embo\u00eetant le pas, M. Sa\u00efdou Nourou Anne, a au nom de la d\u00e9l\u00e9gation de Ndioum, magnifi\u00e9 les multiples actions r\u00e9alis\u00e9es en un laps de temps aussi bien \u00e0 Ndioum qu\u2019\u00e0 Bogh\u00e9 par cette association de bienfaisance qui contribue ainsi au renforcement des liens d\u2019amiti\u00e9 et de fraternit\u00e9 entre les peuples s\u00e9n\u00e9galais et mauritanien.<\/p>\n\n\n\n<p>D\u2019autres intervenants telles que Sylla Ibrahima, Gr\u00e9gory Alexandre, Ousmane Gangu\u00e9 et Sala Hawoly Barro ont exprim\u00e9 leurs joies de prendre part \u00e0 cette c\u00e9r\u00e9monie marquante dans l\u2019histoire de l\u2019enseignement pr\u00e9scolaire dans la commune de Bogh\u00e9.<\/p>\n\n\n\n<p><\/p>\n\n\n\n<figure class=\"wp-block-image size-large\"><img loading=\"lazy\" decoding=\"async\" width=\"1024\" height=\"768\" src=\"https:\/\/lestracesdelinfo.com\/wp-content\/uploads\/2023\/07\/thumbnail-7-1024x768.jpg\" alt=\"\" class=\"wp-image-52204\" srcset=\"https:\/\/lestracesdelinfo.com\/wp-content\/uploads\/2023\/07\/thumbnail-7-1024x768.jpg 1024w, https:\/\/lestracesdelinfo.com\/wp-content\/uploads\/2023\/07\/thumbnail-7-300x225.jpg 300w, https:\/\/lestracesdelinfo.com\/wp-content\/uploads\/2023\/07\/thumbnail-7-768x576.jpg 768w, https:\/\/lestracesdelinfo.com\/wp-content\/uploads\/2023\/07\/thumbnail-7.jpg 1080w\" sizes=\"auto, (max-width: 1024px) 100vw, 1024px\" \/><\/figure>\n\n\n\n<p>Prenant la parole \u00e0 son tour, le Pr\u00e9sident de l\u2019Association, Habib Amadou Sy, \u00ab&nbsp;<em>a vivement remerci\u00e9 les participants ainsi que les ambassadeurs de Bogh\u00e9 qui se sont d\u00e9ploy\u00e9s corps et \u00e2me pour ex\u00e9cuter sur le terrain les projets de l\u2019Association<\/em>&nbsp;\u00bb avant de recevoir des cadeaux offerts en son honneur par le GIE Lekki Jammi de Bogh\u00e9 Escale en guise de reconnaissance \u00e0 ses multiples actions humanitaires dans la contr\u00e9e.<\/p>\n\n\n\n<p>Cl\u00f4turant le ballet des allocutions, le Maire de Bogh\u00e9, B\u00e2 Adama Moussa, a exprim\u00e9, au nom du conseil municipal et des populations de Bogh\u00e9, ses sinc\u00e8res remerciements et sa profonde reconnaissance \u00e0 l\u2019Association \u00ab&nbsp;Au c\u0153ur de nos enfants&nbsp;\u00bb et son pr\u00e9sident Habib Sy pour \u00ab&nbsp;<em>cette r\u00e9alisation g\u00e9n\u00e9reuse qui permettra aux m\u00e8res de familles occup\u00e9es par de longues journ\u00e9es de labeur de trouver sous ce toit hospitalier un asile s\u00fbr pour leurs enfants&nbsp;<\/em>\u00bb.<\/p>\n\n\n\n<p>La coupure du ruban symbolique et la remise d\u2019une attestation \u00e0 la monitrice de la garderie auront \u00e9t\u00e9 les derniers actes de cette c\u00e9r\u00e9monie m\u00e9morable.<\/p>\n\n\n\n<p><\/p>\n\n\n\n<p><\/p>\n\n\n\n<figure class=\"wp-block-image size-full\"><img loading=\"lazy\" decoding=\"async\" width=\"960\" height=\"540\" src=\"https:\/\/lestracesdelinfo.com\/wp-content\/uploads\/2023\/07\/thumbnail-2-1.jpg\" alt=\"\" class=\"wp-image-52205\" srcset=\"https:\/\/lestracesdelinfo.com\/wp-content\/uploads\/2023\/07\/thumbnail-2-1.jpg 960w, https:\/\/lestracesdelinfo.com\/wp-content\/uploads\/2023\/07\/thumbnail-2-1-300x169.jpg 300w, https:\/\/lestracesdelinfo.com\/wp-content\/uploads\/2023\/07\/thumbnail-2-1-768x432.jpg 768w\" sizes=\"auto, (max-width: 960px) 100vw, 960px\" \/><\/figure>\n\n\n\n<p>Notons que la veille, une soir\u00e9e de gala a \u00e9t\u00e9 anim\u00e9e par le grand artiste-chanteur Ousmane Gangu\u00e9 sous le haut marrainage de Mme Houriya Kon\u00e9 (une des ambassadrices de Bogh\u00e9) en pr\u00e9sence du Pr\u00e9sident de l\u2019association et des membres de sa famille ainsi que des ambassadeurs de ACNE et de plusieurs autres personnalit\u00e9s issues de la soci\u00e9t\u00e9 civile et du monde des arts.<\/p>\n\n\n\n<p><strong><u>Abdoulaye Dia<\/u><\/strong><\/p>\n","protected":false},"excerpt":{"rendered":"<p>Bogh\u00e9: Inauguration de la garderie d\u2019enfants Cheikh Oumar Tall Le Maire de Bogh\u00e9, M. B\u00e2 Adama Moussa, a pr\u00e9sid\u00e9 ce dimanche 16 juillet 2023, une c\u00e9r\u00e9monie d\u2019inauguration de la toute nouvelle garderie d\u2019enfant \u00ab&nbsp;Cheikh Oumar Tall de Bogh\u00e9 Escale financ\u00e9e et ex\u00e9cut\u00e9e par l\u2019Association \u00ab&nbsp;Au c\u0153ur de nos enfants&nbsp;\u00bb. 0nt pris part \u00e0 cette c\u00e9r\u00e9monie, [&hellip;]<\/p>\n","protected":false},"author":2,"featured_media":52200,"comment_status":"open","ping_status":"open","sticky":false,"template":"","format":"standard","meta":{"footnotes":""},"categories":[1],"tags":[],"class_list":["post-52198","post","type-post","status-publish","format-standard","has-post-thumbnail","hentry","category-aucun"],"_links":{"self":[{"href":"https:\/\/lestracesdelinfo.com\/index.php\/wp-json\/wp\/v2\/posts\/52198","targetHints":{"allow":["GET"]}}],"collection":[{"href":"https:\/\/lestracesdelinfo.com\/index.php\/wp-json\/wp\/v2\/posts"}],"about":[{"href":"https:\/\/lestracesdelinfo.com\/index.php\/wp-json\/wp\/v2\/types\/post"}],"author":[{"embeddable":true,"href":"https:\/\/lestracesdelinfo.com\/index.php\/wp-json\/wp\/v2\/users\/2"}],"replies":[{"embeddable":true,"href":"https:\/\/lestracesdelinfo.com\/index.php\/wp-json\/wp\/v2\/comments?post=52198"}],"version-history":[{"count":3,"href":"https:\/\/lestracesdelinfo.com\/index.php\/wp-json\/wp\/v2\/posts\/52198\/revisions"}],"predecessor-version":[{"id":52210,"href":"https:\/\/lestracesdelinfo.com\/index.php\/wp-json\/wp\/v2\/posts\/52198\/revisions\/52210"}],"wp:featuredmedia":[{"embeddable":true,"href":"https:\/\/lestracesdelinfo.com\/index.php\/wp-json\/wp\/v2\/media\/52200"}],"wp:attachment":[{"href":"https:\/\/lestracesdelinfo.com\/index.php\/wp-json\/wp\/v2\/media?parent=52198"}],"wp:term":[{"taxonomy":"category","embeddable":true,"href":"https:\/\/lestracesdelinfo.com\/index.php\/wp-json\/wp\/v2\/categories?post=52198"},{"taxonomy":"post_tag","embeddable":true,"href":"https:\/\/lestracesdelinfo.com\/index.php\/wp-json\/wp\/v2\/tags?post=52198"}],"curies":[{"name":"wp","href":"https:\/\/api.w.org\/{rel}","templated":true}]}}