{"id":52216,"date":"2023-07-21T09:21:01","date_gmt":"2023-07-21T09:21:01","guid":{"rendered":"https:\/\/lestracesdelinfo.com\/?p=52216"},"modified":"2023-07-21T09:21:04","modified_gmt":"2023-07-21T09:21:04","slug":"alger-condamne-la-reconnaissance-par-israel-de-la-souverainete-du-maroc-sur-le-sahara-occidental","status":"publish","type":"post","link":"https:\/\/lestracesdelinfo.com\/index.php\/2023\/07\/21\/alger-condamne-la-reconnaissance-par-israel-de-la-souverainete-du-maroc-sur-le-sahara-occidental\/","title":{"rendered":"Alger condamne la reconnaissance par Isra\u00ebl de la souverainet\u00e9 du Maroc sur le Sahara occidental"},"content":{"rendered":"\n<h1 class=\"wp-block-heading\">RFI<\/h1>\n\n\n\n<p>Lundi, Isra\u00ebl a officiellement reconnu la souverainet\u00e9 du Maroc sur le disput\u00e9 territoire du Sahara Occidental. Une annonce qui n\u2019a pas laiss\u00e9 de marbre l\u2019Alg\u00e9rie, qui estime que cette d\u00e9cision diplomatique est une \u00ab violation flagrante \u00bb du droit international.<\/p>\n\n\n\n<figure class=\"wp-block-image\"><img decoding=\"async\" src=\"https:\/\/s.rfi.fr\/media\/display\/faa90fca-134b-11ea-87c2-005056bf7c53\/w:980\/p:16x9\/carte-sahara-occidental-1920x1080_0.png\" alt=\"Le Sahara occidental et ses voisins.\"\/><figcaption class=\"wp-element-caption\">Le Sahara occidental et ses voisins.&nbsp;RFI<\/figcaption><\/figure>\n\n\n\n<p>Texte par :<a href=\"https:\/\/www.rfi.fr\/fr\/auteur\/rfi\/\">RFI<\/a><a rel=\"noreferrer noopener\" href=\"https:\/\/twitter.com\/intent\/follow?screen_name=rfi\" target=\"_blank\">S<\/a><\/p>\n\n\n\n<p><\/p>\n\n\n\n<p>Pour Alger,<a href=\"https:\/\/www.rfi.fr\/fr\/afrique\/20230718-reconnaissance-d-isra%C3%ABl-sur-le-sahara-occidental-succ%C3%A8s-diplomatique-de-rabat-mais-quelles-r%C3%A9percussions-au-maroc\"><strong>&nbsp;le Maroc et Isra\u00ebl&nbsp;<\/strong><\/a>d\u00e9fendent une m\u00eame id\u00e9ologie, une m\u00eame vision de la colonisation. Et cette d\u00e9cision,&nbsp;<a href=\"https:\/\/www.rfi.fr\/fr\/afrique\/20230717-isra%C3%ABl-reconna%C3%AEt-la-souverainet%C3%A9-du-maroc-sur-le-sahara-occidental\"><strong>prise par Isra\u00ebl<\/strong><\/a>&nbsp;et annonc\u00e9e d&rsquo;ailleurs par le cabinet royal \u00e0 Rabat, d\u00e9montre ainsi \u00ab&nbsp;<em>l&rsquo;harmonie des politiques des occupants, leur complicit\u00e9 dans la violation des loirs internationales<\/em>&nbsp;\u00bb.&nbsp;<\/p>\n\n\n\n<p>Dans son communiqu\u00e9, le minist\u00e8re alg\u00e9rien des Affaires \u00e9trang\u00e8res poursuit en d\u00e9non\u00e7ant \u00ab&nbsp;<em>l&#8217;empi\u00e8tement du droit l\u00e9gitime du peuple palestinien \u00e0 \u00e9tablir son \u00c9tat ind\u00e9pendant avec J\u00e9rusalem pour capitale et du peuple sahraoui \u00e0 l&rsquo;autod\u00e9termination&nbsp;<\/em>\u00bb.<\/p>\n\n\n\n<p>i<a href=\"https:\/\/www.rfi.fr\/fr\/afrique\/20230719-reconnaissance-d-isra%C3%ABl-sur-la-souverainet%C3%A9-du-sahara-occidental-les-r%C3%A9actions-affluent-au-maroc\">Reconnaissance d&rsquo;Isra\u00ebl sur la souverainet\u00e9 du Sahara occidental: les r\u00e9actions affluent au Maroc<\/a><\/p>\n\n\n\n<p>Alors que les relations billat\u00e9rales Maroc-Alg\u00e9rie sont rompues depuis aout 2021, cette \u00e9tape est vue par le gouvernement alg\u00e9rien comme \u00ab&nbsp;<em>un nouveau maillon dans la s\u00e9rie de man\u0153uvres et de la politique de fuite en avant adopt\u00e9e par l&rsquo;occupation marocaine<\/em>&nbsp;\u00bb.&nbsp;<\/p>\n\n\n\n<p>Rabat pr\u00f4ne pour le Sahara occidental, o\u00f9 le conflit pour cette vaste r\u00e9gion oppose depuis 1975 le Maroc aux ind\u00e9pendantistes du Front Polisario soutenus par l&rsquo;Alg\u00e9rie, un plan d&rsquo;autonomie sous sa souverainet\u00e9 exclusive. Le Polisario, lui, r\u00e9clame un r\u00e9f\u00e9rendum d&rsquo;autod\u00e9termination sous l&rsquo;\u00e9gide de l&rsquo;ONU, pr\u00e9vu lors de la signature en 1991 d&rsquo;un cessez-le-feu, mais jamais concr\u00e9tis\u00e9.<\/p>\n","protected":false},"excerpt":{"rendered":"<p>RFI Lundi, Isra\u00ebl a officiellement reconnu la souverainet\u00e9 du Maroc sur le disput\u00e9 territoire du Sahara Occidental. Une annonce qui n\u2019a pas laiss\u00e9 de marbre l\u2019Alg\u00e9rie, qui estime que cette d\u00e9cision diplomatique est une \u00ab violation flagrante \u00bb du droit international. Texte par :RFIS Pour Alger,&nbsp;le Maroc et Isra\u00ebl&nbsp;d\u00e9fendent une m\u00eame id\u00e9ologie, une m\u00eame vision [&hellip;]<\/p>\n","protected":false},"author":2,"featured_media":52217,"comment_status":"open","ping_status":"open","sticky":false,"template":"","format":"standard","meta":{"footnotes":""},"categories":[1],"tags":[],"class_list":["post-52216","post","type-post","status-publish","format-standard","has-post-thumbnail","hentry","category-aucun"],"_links":{"self":[{"href":"https:\/\/lestracesdelinfo.com\/index.php\/wp-json\/wp\/v2\/posts\/52216","targetHints":{"allow":["GET"]}}],"collection":[{"href":"https:\/\/lestracesdelinfo.com\/index.php\/wp-json\/wp\/v2\/posts"}],"about":[{"href":"https:\/\/lestracesdelinfo.com\/index.php\/wp-json\/wp\/v2\/types\/post"}],"author":[{"embeddable":true,"href":"https:\/\/lestracesdelinfo.com\/index.php\/wp-json\/wp\/v2\/users\/2"}],"replies":[{"embeddable":true,"href":"https:\/\/lestracesdelinfo.com\/index.php\/wp-json\/wp\/v2\/comments?post=52216"}],"version-history":[{"count":1,"href":"https:\/\/lestracesdelinfo.com\/index.php\/wp-json\/wp\/v2\/posts\/52216\/revisions"}],"predecessor-version":[{"id":52218,"href":"https:\/\/lestracesdelinfo.com\/index.php\/wp-json\/wp\/v2\/posts\/52216\/revisions\/52218"}],"wp:featuredmedia":[{"embeddable":true,"href":"https:\/\/lestracesdelinfo.com\/index.php\/wp-json\/wp\/v2\/media\/52217"}],"wp:attachment":[{"href":"https:\/\/lestracesdelinfo.com\/index.php\/wp-json\/wp\/v2\/media?parent=52216"}],"wp:term":[{"taxonomy":"category","embeddable":true,"href":"https:\/\/lestracesdelinfo.com\/index.php\/wp-json\/wp\/v2\/categories?post=52216"},{"taxonomy":"post_tag","embeddable":true,"href":"https:\/\/lestracesdelinfo.com\/index.php\/wp-json\/wp\/v2\/tags?post=52216"}],"curies":[{"name":"wp","href":"https:\/\/api.w.org\/{rel}","templated":true}]}}