{"id":53283,"date":"2023-09-02T09:51:48","date_gmt":"2023-09-02T09:51:48","guid":{"rendered":"https:\/\/lestracesdelinfo.com\/?p=53283"},"modified":"2023-09-02T09:51:51","modified_gmt":"2023-09-02T09:51:51","slug":"au-senegal-le-candidat-de-benno-connu-samedi-prochain-macky-remet-a-9","status":"publish","type":"post","link":"https:\/\/lestracesdelinfo.com\/index.php\/2023\/09\/02\/au-senegal-le-candidat-de-benno-connu-samedi-prochain-macky-remet-a-9\/","title":{"rendered":"au S\u00e9n\u00e9gal : Le candidat de Benno connu samedi prochain : Macky remet \u00e0 9"},"content":{"rendered":"\n<p><a href=\"https:\/\/lequotidien.sn\/author\/aicha\/\"><\/a><em>by<\/em><a href=\"https:\/\/lequotidien.sn\/author\/aicha\/\">Lequotidien<\/a>\u00a0<\/p>\n\n\n\n<figure class=\"wp-block-image\"><img decoding=\"async\" src=\"https:\/\/lequotidien.sn\/wp-content\/uploads\/2023\/09\/macky-sall.gif\" alt=\"\"\/><\/figure>\n\n\n\n<p><strong>Le leader de la Coalition Benno a pris tout son temps avant de faire conna\u00eetre le choix du candidat \u00e0 la magistrature supr\u00eame. Finalement, comme il en a pris l\u2019habitude, Macky Sall fera son annonce au retour de la c\u00e9l\u00e9bration du Magal, le samedi 9 septembre. Il va dans la foul\u00e9e, proc\u00e9der \u00e0 un l\u00e9ger remaniement du gouvernement, avant de s\u2019envoler pour les Etats-Unis.<\/strong><\/p>\n\n\n\n<p><strong>Par Mohamed GUEYE \u2013&nbsp;<\/strong>Avant d\u2019annoncer sa volont\u00e9 de ne pas se repr\u00e9senter \u00e0 un troisi\u00e8me mandat, le Pr\u00e9sident Macky Sall avait laiss\u00e9 les S\u00e9n\u00e9galais dig\u00e9rer leur mouton de Tabaski en pr\u00e9alable \u00e0 la bombe qu\u2019il leur avait pr\u00e9par\u00e9e. Si l\u2019on en juge par les effets que cette nouvelle avait produits, on peut comprendre qu\u2019il veuille la reproduire en ce qui concerne l\u2019autre suspense dans lequel il tient toute la population.<br>Le Quotidien a appris que le leader de la Coalition Benno bokk yaakaar a d\u00e9j\u00e0 fini de faire son choix quant au candidat qu\u2019il va proposer \u00e0 ses partisans en vue de la prochaine \u00e9lection. Il le fera savoir dans une semaine, le temps de laisser aux p\u00e8lerins, Mourides et non Mourides (le Magal de Touba \u00e9tant devenu avec les ann\u00e9es, une c\u00e9l\u00e9bration des plus \u0153cum\u00e9niques dans laquelle semblent se retrouver diff\u00e9rentes repr\u00e9sentations de S\u00e9n\u00e9galais), le temps de revenir de leur c\u00e9l\u00e9bration \u00e0 la capitale du Mouridisme.<br>Macky Sall choisira probablement une r\u00e9union des instances sup\u00e9rieures de sa coalition pour donner la primeur de son choix. Ce sera probablement aussi l\u2019occasion pour lui, ce samedi 9 septembre, de rappeler \u00e0 ses camarades, la n\u00e9cessit\u00e9 de pr\u00e9senter un front uni en vue de la prochaine Pr\u00e9sidentielle, car, ne cesse-t-il de le dire, ce n\u2019est que dans l\u2019unit\u00e9 que Benno pourra avoir la chance de remporter la Pr\u00e9sidentielle. Donc, les multiples candidats autoproclam\u00e9s, qui ne cessent de se faire conna\u00eetre, devraient, une fois le choix du Pr\u00e9sident connu, se ranger derri\u00e8re le champion d\u00e9sign\u00e9 de la coalition. On a vu certains proclamer \u00e0 travers les m\u00e9dias, qu\u2019ils n\u2019entendaient se ranger derri\u00e8re personne, parce qu\u2019estimant qu\u2019ils \u00e9taient les meilleurs. Ce sera le moment de voir s\u2019ils ont la maturit\u00e9 de ravaler leur fiert\u00e9 pour accepter de battre campagne au nom de celui qui sera soutenu par le leader de la coalition, et qui, en th\u00e9orie, aura plus de chances de pouvoir l\u2019emporter.<br>Une fois cette mission accomplie, le pr\u00e9sident de la R\u00e9publique va, selon les informations recueillies de sources s\u00fbres, op\u00e9rer un mini-remaniement de son gouvernement. Sans doute le dernier de sa mandature.&nbsp;Et certainement dans l\u2019id\u00e9e d\u2019imprimer plus d\u2019efficacit\u00e9 \u00e0 l\u2019action du gouvernement. N\u2019oublions pas que, depuis le d\u00e9part des ministres de Rewmi de l\u2019attelage gouvernemental, le Premier ministre Amadou Ba a \u00e9t\u00e9 oblig\u00e9 de prendre en charge les missions qui leur avaient \u00e9t\u00e9 assign\u00e9es, \u00e0 savoir le d\u00e9partement des Sports et celui de l\u2019Elevage. Mais rien ne dit que le r\u00e9am\u00e9nagement que compte op\u00e9rer le chef de l\u2019Etat portera sur ces deux minist\u00e8res en question. Pour le moment, seul l\u2019int\u00e9ress\u00e9 est en mesure de le dire.<br>Quoi qu\u2019il en soit, comme pour boucler son agenda de cette p\u00e9riode, le Pr\u00e9sident se rendra \u00e0 New York, pour assister \u00e0 l\u2019Assembl\u00e9e g\u00e9n\u00e9rale des Nations unies, comme il a l\u2019habitude de le faire depuis son arriv\u00e9e aux affaires.<br><strong>mgueye@lequotidien.sn<\/strong><\/p>\n","protected":false},"excerpt":{"rendered":"<p>byLequotidien\u00a0 Le leader de la Coalition Benno a pris tout son temps avant de faire conna\u00eetre le choix du candidat \u00e0 la magistrature supr\u00eame. Finalement, comme il en a pris l\u2019habitude, Macky Sall fera son annonce au retour de la c\u00e9l\u00e9bration du Magal, le samedi 9 septembre. Il va dans la foul\u00e9e, proc\u00e9der \u00e0 un [&hellip;]<\/p>\n","protected":false},"author":2,"featured_media":53284,"comment_status":"open","ping_status":"open","sticky":false,"template":"","format":"standard","meta":{"footnotes":""},"categories":[1],"tags":[],"class_list":["post-53283","post","type-post","status-publish","format-standard","has-post-thumbnail","hentry","category-aucun"],"_links":{"self":[{"href":"https:\/\/lestracesdelinfo.com\/index.php\/wp-json\/wp\/v2\/posts\/53283","targetHints":{"allow":["GET"]}}],"collection":[{"href":"https:\/\/lestracesdelinfo.com\/index.php\/wp-json\/wp\/v2\/posts"}],"about":[{"href":"https:\/\/lestracesdelinfo.com\/index.php\/wp-json\/wp\/v2\/types\/post"}],"author":[{"embeddable":true,"href":"https:\/\/lestracesdelinfo.com\/index.php\/wp-json\/wp\/v2\/users\/2"}],"replies":[{"embeddable":true,"href":"https:\/\/lestracesdelinfo.com\/index.php\/wp-json\/wp\/v2\/comments?post=53283"}],"version-history":[{"count":1,"href":"https:\/\/lestracesdelinfo.com\/index.php\/wp-json\/wp\/v2\/posts\/53283\/revisions"}],"predecessor-version":[{"id":53285,"href":"https:\/\/lestracesdelinfo.com\/index.php\/wp-json\/wp\/v2\/posts\/53283\/revisions\/53285"}],"wp:featuredmedia":[{"embeddable":true,"href":"https:\/\/lestracesdelinfo.com\/index.php\/wp-json\/wp\/v2\/media\/53284"}],"wp:attachment":[{"href":"https:\/\/lestracesdelinfo.com\/index.php\/wp-json\/wp\/v2\/media?parent=53283"}],"wp:term":[{"taxonomy":"category","embeddable":true,"href":"https:\/\/lestracesdelinfo.com\/index.php\/wp-json\/wp\/v2\/categories?post=53283"},{"taxonomy":"post_tag","embeddable":true,"href":"https:\/\/lestracesdelinfo.com\/index.php\/wp-json\/wp\/v2\/tags?post=53283"}],"curies":[{"name":"wp","href":"https:\/\/api.w.org\/{rel}","templated":true}]}}