{"id":53306,"date":"2023-09-03T08:35:59","date_gmt":"2023-09-03T08:35:59","guid":{"rendered":"https:\/\/lestracesdelinfo.com\/?p=53306"},"modified":"2023-09-03T08:36:03","modified_gmt":"2023-09-03T08:36:03","slug":"la-municipalite-du-ksar-lance-les-actions-de-sa-police-environnementale-et-urbaine-et-sengage-a-un-nettoyage-complet-et-permanent-de-la-commune","status":"publish","type":"post","link":"https:\/\/lestracesdelinfo.com\/index.php\/2023\/09\/03\/la-municipalite-du-ksar-lance-les-actions-de-sa-police-environnementale-et-urbaine-et-sengage-a-un-nettoyage-complet-et-permanent-de-la-commune\/","title":{"rendered":"La municipalit\u00e9 du Ksar lance les actions de sa police environnementale et urbaine et s\u2019engage \u00e0 un nettoyage complet et permanent de la commune"},"content":{"rendered":"\n<figure class=\"wp-block-image\"><a href=\"https:\/\/ami.mr\/fr\/wp-content\/uploads\/2023\/09\/02-09-2023-010.jpg\"><img decoding=\"async\" src=\"https:\/\/ami.mr\/fr\/wp-content\/uploads\/2023\/09\/02-09-2023-010-750x430.jpg\" alt=\"\"\/><\/a><\/figure>\n\n\n\n<p>La Commune du Ksar a lanc\u00e9, samedi, les actions de sa police environnementale et urbaine, charg\u00e9e de d\u00e9barrasser toutes les places et rues publiques des carcasses de voitures qui jonchent depuis quelques temps l\u2019espace public ternissant l\u2019image de la ville et encombrant la circulation.<\/p>\n\n\n\n<p>Le maire de la Commune du Ksar, Monsieur Mohamed Saleck Ould Oumar, a expliqu\u00e9 dans un mot \u00e0 l\u2019occasion du lancement officiel des activit\u00e9s de cette police municipale qu\u2019elle dispose de tous les moyens mat\u00e9riels n\u00e9cessaires pour commencer son travail imm\u00e9diatement au niveau de la zone g\u00e9ographique de la commune.<\/p>\n\n\n\n<p>Il a ajout\u00e9 que cette police entamera, \u00e0 partir d\u2019aujourd\u2019hui, samedi, une vaste campagne de nettoyage des quartiers, visant \u00e0 d\u00e9barrasser les places publiques et les rues principales des voitures endommag\u00e9es, apr\u00e8s avoir averti les propri\u00e9taires des magasins, des garages automobiles et autres ateliers.<\/p>\n\n\n\n<p>De son c\u00f4t\u00e9, Baba Ould Hendeh, pr\u00e9sident de la commission de l\u2019environnement et de l\u2019urbanisme \u00e0 la commune du Ksar, a appel\u00e9 tous les habitants de la commune \u00e0 r\u00e9pondre \u00e0 cette campagne et \u00e0 contribuer \u00e0 sa r\u00e9ussite \u00e0 travers la sensibilisation et la prise de conscience de la n\u00e9cessit\u00e9 d\u2019\u00e9liminer de la voie et des espaces publics toutes ces carcasses de voitures et autres ordures qui ternissent l\u2019image de la commune.<\/p>\n","protected":false},"excerpt":{"rendered":"<p>La Commune du Ksar a lanc\u00e9, samedi, les actions de sa police environnementale et urbaine, charg\u00e9e de d\u00e9barrasser toutes les places et rues publiques des carcasses de voitures qui jonchent depuis quelques temps l\u2019espace public ternissant l\u2019image de la ville et encombrant la circulation. Le maire de la Commune du Ksar, Monsieur Mohamed Saleck Ould [&hellip;]<\/p>\n","protected":false},"author":2,"featured_media":53307,"comment_status":"open","ping_status":"open","sticky":false,"template":"","format":"standard","meta":{"footnotes":""},"categories":[1],"tags":[],"class_list":["post-53306","post","type-post","status-publish","format-standard","has-post-thumbnail","hentry","category-aucun"],"_links":{"self":[{"href":"https:\/\/lestracesdelinfo.com\/index.php\/wp-json\/wp\/v2\/posts\/53306","targetHints":{"allow":["GET"]}}],"collection":[{"href":"https:\/\/lestracesdelinfo.com\/index.php\/wp-json\/wp\/v2\/posts"}],"about":[{"href":"https:\/\/lestracesdelinfo.com\/index.php\/wp-json\/wp\/v2\/types\/post"}],"author":[{"embeddable":true,"href":"https:\/\/lestracesdelinfo.com\/index.php\/wp-json\/wp\/v2\/users\/2"}],"replies":[{"embeddable":true,"href":"https:\/\/lestracesdelinfo.com\/index.php\/wp-json\/wp\/v2\/comments?post=53306"}],"version-history":[{"count":1,"href":"https:\/\/lestracesdelinfo.com\/index.php\/wp-json\/wp\/v2\/posts\/53306\/revisions"}],"predecessor-version":[{"id":53308,"href":"https:\/\/lestracesdelinfo.com\/index.php\/wp-json\/wp\/v2\/posts\/53306\/revisions\/53308"}],"wp:featuredmedia":[{"embeddable":true,"href":"https:\/\/lestracesdelinfo.com\/index.php\/wp-json\/wp\/v2\/media\/53307"}],"wp:attachment":[{"href":"https:\/\/lestracesdelinfo.com\/index.php\/wp-json\/wp\/v2\/media?parent=53306"}],"wp:term":[{"taxonomy":"category","embeddable":true,"href":"https:\/\/lestracesdelinfo.com\/index.php\/wp-json\/wp\/v2\/categories?post=53306"},{"taxonomy":"post_tag","embeddable":true,"href":"https:\/\/lestracesdelinfo.com\/index.php\/wp-json\/wp\/v2\/tags?post=53306"}],"curies":[{"name":"wp","href":"https:\/\/api.w.org\/{rel}","templated":true}]}}