{"id":53309,"date":"2023-09-03T08:40:48","date_gmt":"2023-09-03T08:40:48","guid":{"rendered":"https:\/\/lestracesdelinfo.com\/?p=53309"},"modified":"2023-09-03T08:40:51","modified_gmt":"2023-09-03T08:40:51","slug":"presidentielle-a-madagascar-jean-brunelle-razafitsiandraofa-depute-dikongo-se-lance-dans-la-course","status":"publish","type":"post","link":"https:\/\/lestracesdelinfo.com\/index.php\/2023\/09\/03\/presidentielle-a-madagascar-jean-brunelle-razafitsiandraofa-depute-dikongo-se-lance-dans-la-course\/","title":{"rendered":"Pr\u00e9sidentielle \u00e0 Madagascar: Jean-Brunelle Razafitsiandraofa, d\u00e9put\u00e9 d\u2019Ikongo, se lance dans la course"},"content":{"rendered":"\n<p>A Madagascar, il est le 11\u00e8me candidat \u00e0 s\u2019\u00eatre d\u00e9clar\u00e9 officiellement en lice pour la pr\u00e9sidentielle le 9 novembre prochain. Aujourd\u2019hui, le d\u00e9put\u00e9 Jean-Brunelle Razafitsiandraofa&nbsp;s\u2019est mis en t\u00eate de d\u00e9fendre et repr\u00e9senter une \u00ab population en danger \u00bb.<\/p>\n\n\n\n<p><strong>RFI<\/strong><\/p>\n\n\n\n<figure class=\"wp-block-image\"><img decoding=\"async\" src=\"https:\/\/s.rfi.fr\/media\/display\/1c0b688c-5efa-11ed-a709-005056a97e36\/w:980\/p:16x9\/D%C3%A9put%C3%A9%20Jean%20Brunelle.jpg\" alt=\"Le d\u00e9put\u00e9 d'Ikongo, Jean-Brunelle Razafintsiandraofa, et d\u00e9sormais candidat \u00e0 l'\u00e9lection pr\u00e9sidentielle de nombre 2023. Elu \u00e9lu sous la banni\u00e8re de l\u2019IRD, le parti pr\u00e9sidentiel, il se pr\u00e9sente sous les couleurs du parti \u00ab Antoko Politika Madio \u00bb, litt\u00e9ralement le parti politique propre.\t\n\"\/><figcaption class=\"wp-element-caption\">Le d\u00e9put\u00e9 d&rsquo;Ikongo, Jean-Brunelle Razafintsiandraofa, et d\u00e9sormais candidat \u00e0 l&rsquo;\u00e9lection pr\u00e9sidentielle de nombre 2023. Elu \u00e9lu sous la banni\u00e8re de l\u2019IRD, le parti pr\u00e9sidentiel, il se pr\u00e9sente sous les couleurs du parti \u00ab Antoko Politika Madio \u00bb, litt\u00e9ralement le parti politique propre.&nbsp;\u00a9 Sarah T\u00e9taud\/RFI<\/figcaption><\/figure>\n\n\n\n<p><strong>Par :<a href=\"https:\/\/www.rfi.fr\/fr\/auteur\/rfi\/\">RFI<\/a><\/strong><\/p>\n\n\n\n<p><strong><em>avec notre correspondante \u00e0 Antananarivo,<\/em>\u00a0Sarah T\u00e9taud<\/strong><\/p>\n\n\n\n<p>\u00ab&nbsp;<em>Je ne pouvais plus rester les bras crois\u00e9s<\/em>&nbsp;\u00bb affirme le d\u00e9put\u00e9 d\u2019Ikongo et vice-pr\u00e9sident de l\u2019Assembl\u00e9e Nationale. S\u2019il est \u00e9lu, Jean-Brunelle Razafitsiandraofa entend d\u00e9fendre la terre \u00ab&nbsp;<em>au sens noble et large du terme<\/em>&nbsp;\u00bb (le paysannat, le patrimoine, les traditions) mais aussi la population malagasy, aujourd\u2019hui \u00ab&nbsp;<em>m\u00e9pris\u00e9e<\/em>&nbsp;\u00bb dit-il, \u00ab&nbsp;<em>\u00e9cras\u00e9e et spoli\u00e9e par les oligarques. Les gens disent \u00ab \u00e9lites \u00bb, mais ce ne sont pas des \u00e9lites. Ce ne sont que des oligarques mafieux ! Tous les voyants du pays sont au rouge.<\/em>\u00bb<\/p>\n\n\n\n<p>Malnutrition, famine,&nbsp;<a href=\"https:\/\/www.rfi.fr\/fr\/afrique\/20221108-madagascar-cr%C3%A9ation-d-une-enqu%C3%AAte-parlementaire-sur-la-tuerie-d-ikongo\"><strong>tuerie de masse<\/strong><\/a>&nbsp;:&nbsp;ce sont ces situations d\u2019urgence r\u00e9p\u00e9t\u00e9es et enregistr\u00e9es dans son district du sud-est de l&rsquo;\u00eele qui ont convaincu l\u2019\u00e9lu de se pr\u00e9senter \u00e0 la magistrature supr\u00eame.&nbsp;Le d\u00e9put\u00e9, \u00e9lu sous la banni\u00e8re de l\u2019IRD, le parti pr\u00e9sidentiel, n\u2019a cess\u00e9 de donner du fil \u00e0 retordre \u00e0 son camp ces derniers mois. Ses prises de position en dehors de la ligne de pens\u00e9e du parti et son verbe haut pour d\u00e9noncer \u00e0 de multiples reprises des situations humaines et sanitaires catastrophiques dans son district d\u2019Ikongo, ont fait sa renomm\u00e9e dans le pays.<\/p>\n\n\n\n<p>\u00c0 lire aussi<a href=\"https:\/\/www.rfi.fr\/fr\/afrique\/20221023-%C3%A0-madagascar-isol%C3%A9es-apr%C3%A8s-les-destructions-des-cyclones-des-populations-meurent-de-faim\">\u00c0 Madagascar, isol\u00e9es apr\u00e8s les destructions des cyclones, des populations souffrent de la faim<\/a><\/p>\n\n\n\n<p><strong>Newsletter<\/strong>Recevez toute l&rsquo;actualit\u00e9 internationale directement dans votre boite mail<a href=\"https:\/\/emailing.rfi.fr\/fr\/subscribe\" target=\"_blank\" rel=\"noreferrer noopener\">Je m&rsquo;abonne<\/a><\/p>\n\n\n\n<p>\u00ab<em>&nbsp;Je vous invite \u00e0 recouper et \u00e0 faire le bilan. Sous deux l\u00e9gislatures pro-r\u00e9gime, qu\u2019a obtenu ma circonscription \u00e9lectorale en termes de d\u00e9veloppement et d\u2019infrastructures ? Rien ! En \u00a0\u00bb r\u00e9compense \u00ab\u00a0, mes compatriotes ont \u00e9t\u00e9 massacr\u00e9s par des tirs \u00e0 balles r\u00e9elles le 29 ao\u00fbt dernier alors qu\u2019ils n\u2019avaient pas franchi la ligne rouge \u00e0 l\u2019entr\u00e9e de la caserne de la gendarmerie. Sans enqu\u00eate. Dans quelle r\u00e9publique sommes-nous ?!&nbsp;<\/em>\u00bb<\/p>\n\n\n\n<p>\u00ab&nbsp;<em>Je ne serai pas en mesure de suivre le rythme des candidats qui poss\u00e8dent et d\u00e9penseront beaucoup d\u2019argent. Mais je m\u2019en accommoderai.<\/em>&nbsp;\u00bb&nbsp;<\/p>\n\n\n\n<p>Conscient de ses moyens financiers beaucoup plus limit\u00e9s que ceux de certains de ses concurrents, le parlementaire Jean-Brunelle Razafitsiandraofa compte sur la clairvoyance des \u00e9lecteurs et leur d\u00e9sir de changement.<\/p>\n\n\n\n<p>L\u2019ex-chef de service central de la Police de l\u2019air et des fronti\u00e8res \u00e0 l\u2019a\u00e9roport international d\u2019Ivato se pr\u00e9sente aujourd\u2019hui sous les couleurs du parti \u00ab&nbsp;<em>Antoko Politika Madio<\/em>&nbsp;\u00bb, litt\u00e9ralement le \u00ab Parti politique propre \u00bb.<\/p>\n","protected":false},"excerpt":{"rendered":"<p>A Madagascar, il est le 11\u00e8me candidat \u00e0 s\u2019\u00eatre d\u00e9clar\u00e9 officiellement en lice pour la pr\u00e9sidentielle le 9 novembre prochain. Aujourd\u2019hui, le d\u00e9put\u00e9 Jean-Brunelle Razafitsiandraofa&nbsp;s\u2019est mis en t\u00eate de d\u00e9fendre et repr\u00e9senter une \u00ab population en danger \u00bb. RFI Par :RFI avec notre correspondante \u00e0 Antananarivo,\u00a0Sarah T\u00e9taud \u00ab&nbsp;Je ne pouvais plus rester les bras crois\u00e9s&nbsp;\u00bb [&hellip;]<\/p>\n","protected":false},"author":2,"featured_media":53310,"comment_status":"open","ping_status":"open","sticky":false,"template":"","format":"standard","meta":{"footnotes":""},"categories":[1],"tags":[],"class_list":["post-53309","post","type-post","status-publish","format-standard","has-post-thumbnail","hentry","category-aucun"],"_links":{"self":[{"href":"https:\/\/lestracesdelinfo.com\/index.php\/wp-json\/wp\/v2\/posts\/53309","targetHints":{"allow":["GET"]}}],"collection":[{"href":"https:\/\/lestracesdelinfo.com\/index.php\/wp-json\/wp\/v2\/posts"}],"about":[{"href":"https:\/\/lestracesdelinfo.com\/index.php\/wp-json\/wp\/v2\/types\/post"}],"author":[{"embeddable":true,"href":"https:\/\/lestracesdelinfo.com\/index.php\/wp-json\/wp\/v2\/users\/2"}],"replies":[{"embeddable":true,"href":"https:\/\/lestracesdelinfo.com\/index.php\/wp-json\/wp\/v2\/comments?post=53309"}],"version-history":[{"count":1,"href":"https:\/\/lestracesdelinfo.com\/index.php\/wp-json\/wp\/v2\/posts\/53309\/revisions"}],"predecessor-version":[{"id":53311,"href":"https:\/\/lestracesdelinfo.com\/index.php\/wp-json\/wp\/v2\/posts\/53309\/revisions\/53311"}],"wp:featuredmedia":[{"embeddable":true,"href":"https:\/\/lestracesdelinfo.com\/index.php\/wp-json\/wp\/v2\/media\/53310"}],"wp:attachment":[{"href":"https:\/\/lestracesdelinfo.com\/index.php\/wp-json\/wp\/v2\/media?parent=53309"}],"wp:term":[{"taxonomy":"category","embeddable":true,"href":"https:\/\/lestracesdelinfo.com\/index.php\/wp-json\/wp\/v2\/categories?post=53309"},{"taxonomy":"post_tag","embeddable":true,"href":"https:\/\/lestracesdelinfo.com\/index.php\/wp-json\/wp\/v2\/tags?post=53309"}],"curies":[{"name":"wp","href":"https:\/\/api.w.org\/{rel}","templated":true}]}}