{"id":53324,"date":"2023-09-04T07:20:04","date_gmt":"2023-09-04T07:20:04","guid":{"rendered":"https:\/\/lestracesdelinfo.com\/?p=53324"},"modified":"2023-09-04T07:20:08","modified_gmt":"2023-09-04T07:20:08","slug":"le-general-brice-oligui-nguema-va-preter-serment","status":"publish","type":"post","link":"https:\/\/lestracesdelinfo.com\/index.php\/2023\/09\/04\/le-general-brice-oligui-nguema-va-preter-serment\/","title":{"rendered":"le g\u00e9n\u00e9ral Brice Oligui Nguema va pr\u00eater serment"},"content":{"rendered":"\n<p>Le g\u00e9n\u00e9ral Brice <strong>Oligui Nguema,<\/strong> qui a renvers\u00e9 <strong>Ali Bongo<\/strong> il y a cinq jours au Gabon, pr\u00eate serment ce lundi comme pr\u00e9sident d&rsquo;une \u00ab\u00a0transition\u00a0\u00bb dont il n&rsquo;a pas fix\u00e9 la dur\u00e9e. Il promet d&rsquo;installer des<em>\u00a0\u00ab\u00a0institutions plus d\u00e9mocratiques\u00a0\u00bb<\/em>\u00a0avant des\u00a0<em>\u00ab\u00a0\u00e9lections libres\u00a0\u00bb.\u00a0<\/em>La famille Bongo dirigeait depuis plus de 55 ans ce petit Etat d&rsquo;Afrique centrale, parmi les plus riches du continent gr\u00e2ce \u00e0 son p\u00e9trole.\u00a0<a href=\"https:\/\/www.addtoany.com\/share#url=https%3A%2F%2Finformation.tv5monde.com%2Fdirect%2Fdirect-gabon-le-general-brice-oligui-nguema-va-preter-serment-2666504&amp;title=DIRECT-Gabon%20%3A%20le%20g%C3%A9n%C3%A9ral%20Brice%20Oligui%20Nguema%20va%20pr%C3%AAter%20serment%20\"><\/a><\/p>\n\n\n\n<figure class=\"wp-block-image\"><img decoding=\"async\" src=\"https:\/\/information.tv5monde.com\/sites\/tv5-info\/files\/styles\/live\/public\/2023-09\/brice%20clotaire%20logiui%20nguema.jpg?h=1e5b9efd&amp;itok=Ot5T4vSt\" alt=\"gabon - brice clotaire oligui nguema\" title=\"gabon - brice clotaire oligui nguema\"\/><\/figure>\n\n\n\n<p>Le g\u00e9n\u00e9ral Brice Clotaire Oligui Nguema, pr\u00e9sident du comit\u00e9 pour la transition et la restauration des instutions au Gabon lors d&rsquo;une conf\u00e9rence de presse le dimanche 3 ao\u00fbt \u00e0 Libreville.&nbsp;<\/p>\n\n\n\n<p>Gabon 24 t\u00e9l\u00e9visions &#8211; capture d&rsquo;\u00e9cran<\/p>\n\n\n\n<p>Ali Bongo Ondimba est en r\u00e9sidence surveill\u00e9e depuis le putsch<\/p>\n\n\n\n<p>Depuis le putsch de mercredi, <strong>le g\u00e9n\u00e9ral Brice Oligui Nguema<\/strong> s&rsquo;affiche chaque jour entour\u00e9 des g\u00e9n\u00e9raux et colonels commandant les corps de l&rsquo;arm\u00e9e, de la gendarmerie et de la police. En dehors d&rsquo;une frange de l&rsquo;ancienne opposition, qui l&rsquo;exhorte \u00e0 lui remettre le pouvoir, la population semble majoritairement afficher, dans de petites manifestations quotidiennes, sa gratitude envers une arm\u00e9e qui l&rsquo;a\u00a0<em>\u00ab\u00a0lib\u00e9r\u00e9e du clan Bongo\u00a0\u00bb.<\/em><\/p>\n\n\n\n<figure class=\"wp-block-image\"><img decoding=\"async\" src=\"https:\/\/information.tv5monde.com\/sites\/tv5-info\/files\/styles\/entete\/public\/2023-09\/346036262_6343899989034762_2192537012672661321_n.jpg?itok=85QhjG_a\" alt=\"gabon ali bongo\" title=\"gabon ali bongo\"\/><\/figure>\n\n\n\n<p>Le 11 mai 2023, le pr\u00e9sident du Gabon Ali Bongo, arriv\u00e9 au pouvoir en 2009, a rencontr\u00e9 des officiels locaux \u00e0 la capitale Libreville.&nbsp;<\/p>\n\n\n\n<p>Pr\u00e9sidence de la R\u00e9publique Gabonaise<\/p>\n\n\n\n<p>La famille Bongo dirigeait sans partage depuis plus de 55 ans ce petit Etat d&rsquo;Afrique centrale, parmi les plus riches du continent gr\u00e2ce \u00e0 son p\u00e9trole mais dont la richesse \u00e9tait accapar\u00e9e par une \u00e9lite dans et autour de cette famille que l&rsquo;opposition, et les putschistes depuis mercredi, accusent de\u00a0<em>\u00ab\u00a0corruption\u00a0\u00bb \u00ab\u00a0massive\u00a0\u00bb<\/em>\u00a0et de<em>\u00a0\u00ab\u00a0mauvaise gouvernance\u00a0\u00bb<\/em><\/p>\n\n\n\n<p>Ali Bongo Ondimba, 64 ans, en r\u00e9sidence surveill\u00e9e depuis le putsch, avait \u00e9t\u00e9 \u00e9lu en 2009 \u00e0 la mort de son p\u00e8re Omar Bongo Ondimba, qui avait d\u00e9j\u00e0 dirig\u00e9 le pays plus de 41 ans. Le&nbsp;<em>\u00ab\u00a0patriarche\u00a0\u00bb<\/em>&nbsp;\u00e9tait aussi l&rsquo;un des piliers de la&nbsp;<em>\u00ab\u00a0Fran\u00e7afrique\u00a0\u00bb,<\/em>&nbsp;syst\u00e8me de cooptation politique, chasses gard\u00e9es commerciales et corruption entre la France et certaines de ses ex-colonies du continent.<\/p>\n\n\n\n<figure class=\"wp-block-image\"><img decoding=\"async\" src=\"https:\/\/information.tv5monde.com\/sites\/tv5-info\/files\/styles\/entete\/public\/2023-09\/366064915_692503436238936_4109996389491617940_n.jpg?itok=2UQGCWOS\" alt=\"ali bongo sylvia bongo 2023\" title=\"ali bongo sylvia bongo 2023\"\/><\/figure>\n\n\n\n<p>Les \u00e9poux Bongo en 2023 lors de la f\u00eate nationale du Gabon, c\u00e9l\u00e9br\u00e9e le 17 ao\u00fbt, pour comm\u00e9morer l\u2019ind\u00e9pendance du pays obtenue vis-\u00e0-vis de la France en 1960.&nbsp;<\/p>\n\n\n\n<p>Pr\u00e9sidence de la R\u00e9publique Gabonaise<\/p>\n\n\n\n<p><a href=\"https:\/\/information.tv5monde.com\/\">information.tv5monde.com<\/a><\/p>\n","protected":false},"excerpt":{"rendered":"<p>Le g\u00e9n\u00e9ral Brice Oligui Nguema, qui a renvers\u00e9 Ali Bongo il y a cinq jours au Gabon, pr\u00eate serment ce lundi comme pr\u00e9sident d&rsquo;une \u00ab\u00a0transition\u00a0\u00bb dont il n&rsquo;a pas fix\u00e9 la dur\u00e9e. Il promet d&rsquo;installer des\u00a0\u00ab\u00a0institutions plus d\u00e9mocratiques\u00a0\u00bb\u00a0avant des\u00a0\u00ab\u00a0\u00e9lections libres\u00a0\u00bb.\u00a0La famille Bongo dirigeait depuis plus de 55 ans ce petit Etat d&rsquo;Afrique centrale, parmi les [&hellip;]<\/p>\n","protected":false},"author":2,"featured_media":53325,"comment_status":"open","ping_status":"open","sticky":false,"template":"","format":"standard","meta":{"footnotes":""},"categories":[1],"tags":[],"class_list":["post-53324","post","type-post","status-publish","format-standard","has-post-thumbnail","hentry","category-aucun"],"_links":{"self":[{"href":"https:\/\/lestracesdelinfo.com\/index.php\/wp-json\/wp\/v2\/posts\/53324","targetHints":{"allow":["GET"]}}],"collection":[{"href":"https:\/\/lestracesdelinfo.com\/index.php\/wp-json\/wp\/v2\/posts"}],"about":[{"href":"https:\/\/lestracesdelinfo.com\/index.php\/wp-json\/wp\/v2\/types\/post"}],"author":[{"embeddable":true,"href":"https:\/\/lestracesdelinfo.com\/index.php\/wp-json\/wp\/v2\/users\/2"}],"replies":[{"embeddable":true,"href":"https:\/\/lestracesdelinfo.com\/index.php\/wp-json\/wp\/v2\/comments?post=53324"}],"version-history":[{"count":1,"href":"https:\/\/lestracesdelinfo.com\/index.php\/wp-json\/wp\/v2\/posts\/53324\/revisions"}],"predecessor-version":[{"id":53326,"href":"https:\/\/lestracesdelinfo.com\/index.php\/wp-json\/wp\/v2\/posts\/53324\/revisions\/53326"}],"wp:featuredmedia":[{"embeddable":true,"href":"https:\/\/lestracesdelinfo.com\/index.php\/wp-json\/wp\/v2\/media\/53325"}],"wp:attachment":[{"href":"https:\/\/lestracesdelinfo.com\/index.php\/wp-json\/wp\/v2\/media?parent=53324"}],"wp:term":[{"taxonomy":"category","embeddable":true,"href":"https:\/\/lestracesdelinfo.com\/index.php\/wp-json\/wp\/v2\/categories?post=53324"},{"taxonomy":"post_tag","embeddable":true,"href":"https:\/\/lestracesdelinfo.com\/index.php\/wp-json\/wp\/v2\/tags?post=53324"}],"curies":[{"name":"wp","href":"https:\/\/api.w.org\/{rel}","templated":true}]}}