{"id":53327,"date":"2023-09-04T07:27:48","date_gmt":"2023-09-04T07:27:48","guid":{"rendered":"https:\/\/lestracesdelinfo.com\/?p=53327"},"modified":"2023-09-04T07:27:51","modified_gmt":"2023-09-04T07:27:51","slug":"mauritanie-sortie-dune-promotion-de-7-filles-en-recitation-du-saint-coran","status":"publish","type":"post","link":"https:\/\/lestracesdelinfo.com\/index.php\/2023\/09\/04\/mauritanie-sortie-dune-promotion-de-7-filles-en-recitation-du-saint-coran\/","title":{"rendered":"Mauritanie :  Sortie d\u2019une promotion de 7 filles en r\u00e9citation du Saint Coran"},"content":{"rendered":"\n<h1 class=\"wp-block-heading\">ami<\/h1>\n\n\n\n<figure class=\"wp-block-image\"><a href=\"https:\/\/ami.mr\/fr\/wp-content\/uploads\/2023\/09\/havidatt-07.jpg\"><img decoding=\"async\" src=\"https:\/\/ami.mr\/fr\/wp-content\/uploads\/2023\/09\/havidatt-07-750x430.jpg\" alt=\"\"\/><\/a><\/figure>\n\n\n\n<p>Le ministre des Affaires islamiques et de l\u2019Enseignement originel, M. Dah Ould Sidi Ould Amar Taleb a pr\u00e9sid\u00e9, dimanche \u00e0 Nouakchott, la sortie d\u2019une 3\u00e8me promotion de la mahadra \u201cEl Imane\u201d, compos\u00e9e de 7 filles sp\u00e9cialis\u00e9es dans la r\u00e9citation du Saint Coran. Ces filles ont \u00e9galement \u00e9tudi\u00e9 la vie du Proph\u00e8te Mohamed (PSL) (Syra), la jurisprudence (Fikh) ainsi que la grammaire et la conjugaison arabes.<\/p>\n\n\n\n<p>Dans son intervention, le ministre a lou\u00e9 les efforts de cet \u00e9tablissement, efforts qui s\u2019inscrivent dans le cadre de l\u2019attention particuli\u00e8re qu\u2019accorde la Pr\u00e9sident de la R\u00e9publique, Son Excellence Monsieur Mohamed Ould Cheikh El Ghazouani au secteur des affaires islamiques, en particulier les mahadras. Il a affirm\u00e9 que la sortie de 3 promotions d\u00e9montre l\u2019importance de la mahadra et du d\u00e9vouement de ses responsables.<\/p>\n\n\n\n<p>De son c\u00f4t\u00e9, le maire de la commune de Sebka a f\u00e9licit\u00e9 les responsables d&rsquo;\u201dEl Imane\u201d pour le choix de sa municipalit\u00e9, qui a-t-il dit, a besoin d\u2019efforts pour la sauver de la d\u00e9viation.<\/p>\n\n\n\n<p>\u201cEl Imane\u201d, qui a \u00e9t\u00e9 cr\u00e9\u00e9e en 2013, a d\u00e9j\u00e0 form\u00e9 25 \u00e9tudiantes sur les 700 \u00e9l\u00e8ves qui \u00e9tudient dans la Mahadra.<\/p>\n\n\n\n<p>La c\u00e9r\u00e9monie s\u2019est d\u00e9roul\u00e9e en pr\u00e9sence du directeur g\u00e9n\u00e9ral de Radio Mauritanie et des responsables des mahadras.<\/p>\n\n\n\n<figure class=\"wp-block-image\"><img decoding=\"async\" src=\"https:\/\/ami.mr\/fr\/wp-content\/uploads\/2023\/09\/IMG_1898-300x200.jpg\" alt=\"\" class=\"wp-image-229048\"\/><\/figure>\n","protected":false},"excerpt":{"rendered":"<p>ami Le ministre des Affaires islamiques et de l\u2019Enseignement originel, M. Dah Ould Sidi Ould Amar Taleb a pr\u00e9sid\u00e9, dimanche \u00e0 Nouakchott, la sortie d\u2019une 3\u00e8me promotion de la mahadra \u201cEl Imane\u201d, compos\u00e9e de 7 filles sp\u00e9cialis\u00e9es dans la r\u00e9citation du Saint Coran. Ces filles ont \u00e9galement \u00e9tudi\u00e9 la vie du Proph\u00e8te Mohamed (PSL) (Syra), [&hellip;]<\/p>\n","protected":false},"author":2,"featured_media":53328,"comment_status":"open","ping_status":"open","sticky":false,"template":"","format":"standard","meta":{"footnotes":""},"categories":[1],"tags":[],"class_list":["post-53327","post","type-post","status-publish","format-standard","has-post-thumbnail","hentry","category-aucun"],"_links":{"self":[{"href":"https:\/\/lestracesdelinfo.com\/index.php\/wp-json\/wp\/v2\/posts\/53327","targetHints":{"allow":["GET"]}}],"collection":[{"href":"https:\/\/lestracesdelinfo.com\/index.php\/wp-json\/wp\/v2\/posts"}],"about":[{"href":"https:\/\/lestracesdelinfo.com\/index.php\/wp-json\/wp\/v2\/types\/post"}],"author":[{"embeddable":true,"href":"https:\/\/lestracesdelinfo.com\/index.php\/wp-json\/wp\/v2\/users\/2"}],"replies":[{"embeddable":true,"href":"https:\/\/lestracesdelinfo.com\/index.php\/wp-json\/wp\/v2\/comments?post=53327"}],"version-history":[{"count":1,"href":"https:\/\/lestracesdelinfo.com\/index.php\/wp-json\/wp\/v2\/posts\/53327\/revisions"}],"predecessor-version":[{"id":53329,"href":"https:\/\/lestracesdelinfo.com\/index.php\/wp-json\/wp\/v2\/posts\/53327\/revisions\/53329"}],"wp:featuredmedia":[{"embeddable":true,"href":"https:\/\/lestracesdelinfo.com\/index.php\/wp-json\/wp\/v2\/media\/53328"}],"wp:attachment":[{"href":"https:\/\/lestracesdelinfo.com\/index.php\/wp-json\/wp\/v2\/media?parent=53327"}],"wp:term":[{"taxonomy":"category","embeddable":true,"href":"https:\/\/lestracesdelinfo.com\/index.php\/wp-json\/wp\/v2\/categories?post=53327"},{"taxonomy":"post_tag","embeddable":true,"href":"https:\/\/lestracesdelinfo.com\/index.php\/wp-json\/wp\/v2\/tags?post=53327"}],"curies":[{"name":"wp","href":"https:\/\/api.w.org\/{rel}","templated":true}]}}