{"id":53330,"date":"2023-09-04T15:03:24","date_gmt":"2023-09-04T15:03:24","guid":{"rendered":"https:\/\/lestracesdelinfo.com\/?p=53330"},"modified":"2023-09-04T15:03:27","modified_gmt":"2023-09-04T15:03:27","slug":"gabon-le-general-oligui-nguema-a-prete-serment-en-tant-que-president-de-la-transition","status":"publish","type":"post","link":"https:\/\/lestracesdelinfo.com\/index.php\/2023\/09\/04\/gabon-le-general-oligui-nguema-a-prete-serment-en-tant-que-president-de-la-transition\/","title":{"rendered":"Gabon: le g\u00e9n\u00e9ral Oligui Nguema a pr\u00eat\u00e9 serment en tant que pr\u00e9sident de la transition"},"content":{"rendered":"\n<p>Au Gabon, cinq jours apr\u00e8s le coup d\u2019\u00c9tat du 30 ao\u00fbt 2023 contre le pr\u00e9sident Ali Bongo Ondimba, le g\u00e9n\u00e9ral Brice Clotaire Oligui Nguema, qui dirige le Comit\u00e9 pour la transition et la restauration des institutions (CTRI), a pr\u00eat\u00e9 serment sur une \u00ab&nbsp;<em>charte de la transition<\/em>&nbsp;\u00bb en tant que \u00ab&nbsp;<em>pr\u00e9sident de la transition<\/em>&nbsp;\u00bb du pays, ce 4 septembre 2023 \u00e0 Libreville. \u00ab&nbsp;<em>Je jure devant Dieu et le peuple gabonais de pr\u00e9server en toute fid\u00e9lit\u00e9 le r\u00e9gime r\u00e9publicain, de respecter et de faire respecter la charte de la transition et la loi<\/em>&nbsp;\u00bb, a d\u00e9clar\u00e9 le nouvel homme fort du pays, qui a \u00e9galement affirm\u00e9 qu&rsquo;il pr\u00e9servera \u00ab&nbsp;<em>les acquis de la d\u00e9mocratie&nbsp;<\/em>\u00bb.<\/p>\n\n\n\n<p>RFI<\/p>\n\n\n\n<figure class=\"wp-block-image\"><img decoding=\"async\" src=\"https:\/\/s.rfi.fr\/media\/display\/1252b862-4b27-11ee-a9f2-005056a90321\/w:980\/p:16x9\/000_33UC33N-1.jpg\" alt=\"Le nouvel homme fort du Gabon, le g\u00e9n\u00e9ral Brice Oligui Nguema, saluant lors de son investiture en tant que pr\u00e9sident de transition du Gabon, \u00e0 Libreville le 4 septembre 2023.\"\/><figcaption class=\"wp-element-caption\">Le nouvel homme fort du Gabon, le g\u00e9n\u00e9ral Brice Oligui Nguema, saluant lors de son investiture en tant que pr\u00e9sident de transition du Gabon, \u00e0 Libreville le 4 septembre 2023.\u00a0\u00a9 AFP &#8211; &#8211;<br><br>RFI<\/figcaption><\/figure>\n\n\n\n<p><em>Avec notre envoy\u00e9 sp\u00e9cial \u00e0 Libreville,&nbsp;<\/em><strong>Fran\u00e7ois Mazet<\/strong><\/p>\n\n\n\n<p>Ce 4 septembre 2023 \u00e0 Libreville, le g\u00e9n\u00e9ral Brice Clotaire Oligui Nguema a pr\u00eat\u00e9 serment, serment de pr\u00e9server le r\u00e9gime r\u00e9publicain, de respecter la charte de transition, au&nbsp;<strong><a href=\"https:\/\/www.rfi.fr\/fr\/tag\/gabon\/\">Gabon<\/a><\/strong>. Cette prestation s\u2019est faite sur ce texte qui n\u2019a pas \u00e9t\u00e9 publi\u00e9 jusque-l\u00e0. Un serment applaudi chaleureusement dans la salle et par plusieurs coups de canon \u00e0 l\u2019ext\u00e9rieur.<\/p>\n\n\n\n<p>00:40<\/p>\n\n\n\n<p>Le g\u00e9n\u00e9ral Brice Clotaire Oligui Nguema pr\u00eatant serment ce 4 septembre 2023Fran\u00e7ois Mazet<\/p>\n\n\n\n<p>Finalement, les juges de la Cour constitutionnelle ont pr\u00e9sid\u00e9 \u00e0 la c\u00e9r\u00e9monie, \u00e0 l\u2019exception de sa pr\u00e9sidente qui a \u00e9t\u00e9 \u00e9cart\u00e9e. Dans la salle, \u00e9galement, il y avait des autorit\u00e9s administratives, militaires, diplomates, l\u2019ancien gouvernement dissous r\u00e9cemment, le Premier ministre Alain-Claude Bilie-By-Nze et la vice-pr\u00e9sidente Rose Christiane Ossouka Raponda qui venaient d\u2019\u00eatre \u00e9cart\u00e9s par le putsch militaire. Une mani\u00e8re de marquer leur acceptation de la transition qui d\u00e9bute.<\/p>\n\n\n\n<p>M\u00eame chose pour les leaders de la plateforme d\u2019opposition Alternance 2023,&nbsp;<strong><a href=\"https:\/\/www.rfi.fr\/fr\/podcasts\/invit%C3%A9-afrique\/20230901-l-opposant-gabonais-albert-ondo-ossa-ce-n-est-pas-un-coup-d-%C3%A9tat-c-est-une-r%C3%A9volution-de-palais\">\u00e0 l\u2019exception du candidat Albert Ondo Ossa<\/a><\/strong>.&nbsp;Des&nbsp;<em>leaders&nbsp;<\/em>qui ont marqu\u00e9 hier leur ralliement \u00e0 la transition, pour \u00ab<em>&nbsp;le bien sup\u00e9rieur de la nation<\/em>&nbsp;\u00bb, ont-ils dit.<\/p>\n\n\n\n<figure class=\"wp-block-image\"><img decoding=\"async\" src=\"https:\/\/s.rfi.fr\/media\/display\/23acf5c4-4b17-11ee-9c60-005056a90321\/WhatsApp%20Image%202023-09-04%20at%2011.34.45.jpeg\" alt=\"Rose Christiane Ossouka Raponda (\u00e0 droite) avec \u00e0 ses c\u00f4t\u00e9s Alain-Claude Bilie-By-Nze lors de la c\u00e9r\u00e9monie de prestation de serment du g\u00e9n\u00e9ral Brice Oligui Nguema, le 4 septembre 2023 \u00e0 Libreville.\"\/><figcaption class=\"wp-element-caption\">Rose Christiane Ossouka Raponda (\u00e0 droite) avec \u00e0 ses c\u00f4t\u00e9s Alain-Claude Bilie-By-Nze lors de la c\u00e9r\u00e9monie de prestation de serment du g\u00e9n\u00e9ral Brice Oligui Nguema, le 4 septembre 2023 \u00e0 Libreville.&nbsp;\u00a9 Fran\u00e7ois Mazet\/RFI<\/figcaption><\/figure>\n\n\n\n<p>La prestation de serment a \u00e9t\u00e9 suivie d\u2019un discours. Dans sa tenue rouge de commandant de la garde r\u00e9publicaine, le g\u00e9n\u00e9ral Oligui Nguema est revenu sur les raisons du coup d\u2019\u00c9tat du 30 ao\u00fbt. \u00ab&nbsp;<em>Le processus \u00e9lectoral \u00e9tait inique, l\u2019arm\u00e9e a pris ses responsabilit\u00e9s et le peuple a adh\u00e9r\u00e9. Les militaires n\u2019ont fait que respecter leur serment&nbsp;<\/em>\u00bb, a dit le nouveau chef de la transition.<\/p>\n\n\n\n<p>Il a promis un nouveau gouvernement dans les prochains jours, avec de l\u2019exp\u00e9rience et des comp\u00e9tences, et une transition devant d\u00e9boucher sur un r\u00e9f\u00e9rendum sur une nouvelle constitution. \u00ab&nbsp;<em>Le peuple demande que sa voix soit garantie \u00e0 travers des institutions fonctionnelles&nbsp;<\/em>\u00bb, a-t-il d\u00e9clar\u00e9, sans donner d\u2019indication sur la dur\u00e9e de la transition.<\/p>\n\n\n\n<p>Le nouveau pr\u00e9sident de transition Brice Clothaire Oligui Nguema doit d\u00e9sormais pr\u00e9sider un d\u00e9fil\u00e9 militaire, devant une foule assez nombreuse rassembl\u00e9e devant le palais pr\u00e9sidentiel.<\/p>\n\n\n\n<p><\/p>\n","protected":false},"excerpt":{"rendered":"<p>Au Gabon, cinq jours apr\u00e8s le coup d\u2019\u00c9tat du 30 ao\u00fbt 2023 contre le pr\u00e9sident Ali Bongo Ondimba, le g\u00e9n\u00e9ral Brice Clotaire Oligui Nguema, qui dirige le Comit\u00e9 pour la transition et la restauration des institutions (CTRI), a pr\u00eat\u00e9 serment sur une \u00ab&nbsp;charte de la transition&nbsp;\u00bb en tant que \u00ab&nbsp;pr\u00e9sident de la transition&nbsp;\u00bb du pays, [&hellip;]<\/p>\n","protected":false},"author":2,"featured_media":53331,"comment_status":"open","ping_status":"open","sticky":false,"template":"","format":"standard","meta":{"footnotes":""},"categories":[1],"tags":[],"class_list":["post-53330","post","type-post","status-publish","format-standard","has-post-thumbnail","hentry","category-aucun"],"_links":{"self":[{"href":"https:\/\/lestracesdelinfo.com\/index.php\/wp-json\/wp\/v2\/posts\/53330","targetHints":{"allow":["GET"]}}],"collection":[{"href":"https:\/\/lestracesdelinfo.com\/index.php\/wp-json\/wp\/v2\/posts"}],"about":[{"href":"https:\/\/lestracesdelinfo.com\/index.php\/wp-json\/wp\/v2\/types\/post"}],"author":[{"embeddable":true,"href":"https:\/\/lestracesdelinfo.com\/index.php\/wp-json\/wp\/v2\/users\/2"}],"replies":[{"embeddable":true,"href":"https:\/\/lestracesdelinfo.com\/index.php\/wp-json\/wp\/v2\/comments?post=53330"}],"version-history":[{"count":1,"href":"https:\/\/lestracesdelinfo.com\/index.php\/wp-json\/wp\/v2\/posts\/53330\/revisions"}],"predecessor-version":[{"id":53332,"href":"https:\/\/lestracesdelinfo.com\/index.php\/wp-json\/wp\/v2\/posts\/53330\/revisions\/53332"}],"wp:featuredmedia":[{"embeddable":true,"href":"https:\/\/lestracesdelinfo.com\/index.php\/wp-json\/wp\/v2\/media\/53331"}],"wp:attachment":[{"href":"https:\/\/lestracesdelinfo.com\/index.php\/wp-json\/wp\/v2\/media?parent=53330"}],"wp:term":[{"taxonomy":"category","embeddable":true,"href":"https:\/\/lestracesdelinfo.com\/index.php\/wp-json\/wp\/v2\/categories?post=53330"},{"taxonomy":"post_tag","embeddable":true,"href":"https:\/\/lestracesdelinfo.com\/index.php\/wp-json\/wp\/v2\/tags?post=53330"}],"curies":[{"name":"wp","href":"https:\/\/api.w.org\/{rel}","templated":true}]}}