{"id":53386,"date":"2023-09-06T10:17:15","date_gmt":"2023-09-06T10:17:15","guid":{"rendered":"https:\/\/lestracesdelinfo.com\/?p=53386"},"modified":"2023-09-06T10:17:17","modified_gmt":"2023-09-06T10:17:17","slug":"au-burkina-une-nouvelle-attaque-tue-53-soldats-et-suppletifs-de-larmee","status":"publish","type":"post","link":"https:\/\/lestracesdelinfo.com\/index.php\/2023\/09\/06\/au-burkina-une-nouvelle-attaque-tue-53-soldats-et-suppletifs-de-larmee\/","title":{"rendered":"\u00a0Au Burkina, une nouvelle attaque tue 53 soldats et suppl\u00e9tifs de l\u2019arm\u00e9e"},"content":{"rendered":"\n<figure class=\"wp-block-image size-large\"><img loading=\"lazy\" decoding=\"async\" width=\"1024\" height=\"512\" src=\"https:\/\/lestracesdelinfo.com\/wp-content\/uploads\/2023\/09\/9t29wa-nord-burkina-faso-1256x628-1693935949-1024x512.jpg\" alt=\"\" class=\"wp-image-53387\" srcset=\"https:\/\/lestracesdelinfo.com\/wp-content\/uploads\/2023\/09\/9t29wa-nord-burkina-faso-1256x628-1693935949-1024x512.jpg 1024w, https:\/\/lestracesdelinfo.com\/wp-content\/uploads\/2023\/09\/9t29wa-nord-burkina-faso-1256x628-1693935949-300x150.jpg 300w, https:\/\/lestracesdelinfo.com\/wp-content\/uploads\/2023\/09\/9t29wa-nord-burkina-faso-1256x628-1693935949-768x384.jpg 768w, https:\/\/lestracesdelinfo.com\/wp-content\/uploads\/2023\/09\/9t29wa-nord-burkina-faso-1256x628-1693935949.jpg 1256w\" sizes=\"auto, (max-width: 1024px) 100vw, 1024px\" \/><\/figure>\n\n\n\n<p><strong>Jeune Afrique &#8211;<\/strong> \u00ab Cinquante-trois combattants \u00bb, pr\u00e9cis\u00e9ment \u00ab dix-sept militaires et trente-six VDP (Volontaires pour la d\u00e9fense de la patrie, suppl\u00e9tifs civils de l\u2019arm\u00e9e) ont perdu la vie \u00bb le lundi 4 septembre, indique l\u2019\u00e9tat-major de l\u2019arm\u00e9e burkinab\u00e8 dans un communiqu\u00e9 publi\u00e9 ce mardi.<br><br>L\u2019unit\u00e9 attaqu\u00e9e \u00e9tait d\u00e9ploy\u00e9e \u00e0 Koumbri, dans la province du Yatenga, pour \u00ab permettre la r\u00e9installation \u00bb de populations \u00ab qui ont quitt\u00e9 la zone depuis plus de deux ans \u00bb, chass\u00e9es par les jihadistes.<br><br>L\u2019\u00e9tat-major de l\u2019arm\u00e9e, qui a pris le pouvoir en 2022, \u00ab enregistre aussi une trentaine de bless\u00e9s qui ont \u00e9t\u00e9 \u00e9vacu\u00e9s et pris en charge \u00bb.<br><br>Il pr\u00e9cise que \u00ab des op\u00e9rations de riposte \u00bb ont permis de \u00ab neutraliser plusieurs assaillants \u00bb, de \u00ab d\u00e9truire leur mat\u00e9riel de combat \u00bb et affirme que des \u00ab op\u00e9rations sont toujours en cours dans la zone \u00bb. \u00ab Tout est mis en \u0153uvre pour mettre hors d\u2019\u00e9tat de nuire les \u00e9l\u00e9ments terroristes \u00bb qui sont \u00ab en fuite \u00bb, ajoute-t-il.<br>Les violences de groupes arm\u00e9s li\u00e9s \u00e0 Al-Qa\u00efda et \u00e0 l\u2019\u00c9tat islamique ont entra\u00een\u00e9 le d\u00e9placement de plus de deux millions de personnes \u00e0 l\u2019int\u00e9rieur du pays depuis 2015. En sept ans, ces attaques ont \u00e9galement fait plus de 16 000 morts \u2013 civils et militaires \u2013 selon l\u2019ONG Acled, qui r\u00e9pertorie les victimes de conflits.<br><br><strong>Coop\u00e9ration avec Moscou et T\u00e9h\u00e9ran<\/strong><br>Les attaques attribu\u00e9es par l\u2019arm\u00e9e \u00e0 des \u00ab groupes arm\u00e9s terroristes \u00bb se sont multipli\u00e9es au cours des derniers mois au Burkina. Vendredi, quatre suppl\u00e9tifs civils de l\u2019arm\u00e9e et un policier ont \u00e9t\u00e9 tu\u00e9s lors d\u2019une attaque dans le Centre-Nord.<br><\/p>\n\n\n\n<p>En ao\u00fbt, ce sont cinq policiers burkinab\u00e8 et une vingtaine de personnes qui avaient \u00e9t\u00e9 tu\u00e9s dans le Centre-Est dans deux attaques. Le 26 juin, 71 hommes \u2013 31 soldats et 40 suppl\u00e9tifs civils de l\u2019arm\u00e9e \u2013 avaient \u00e9t\u00e9 tu\u00e9s dans trois attaques, dont les deux plus meurtri\u00e8res avaient eu lieu dans la province du Centre-Nord.<br><br>D\u00e9but septembre, l\u2019\u00e9tat-major indiquait que \u00ab diff\u00e9rentes actions \u00bb men\u00e9es entre le 7 ao\u00fbt et le 1er septembre dans l\u2019ouest du pays avaient permis de \u00ab neutraliser plus de 65 terroristes \u00bb. Le capitaine Ibrahim Traor\u00e9, pr\u00e9sident de la transition, avait d\u00e9plor\u00e9 en juillet \u00ab des attaques de plus en plus r\u00e9currentes contre les civils \u00bb, estimant que les jihadistes, qui contr\u00f4lent environ 40 % du territoire, faisaient preuve de \u00ab l\u00e2chet\u00e9 \u00bb.<br><br>Au pouvoir depuis pr\u00e8s d\u2019un an apr\u00e8s un coup d\u2019\u00c9tat en septembre 2022 \u2013 le deuxi\u00e8me en huit mois \u2013, le capitaine Traor\u00e9 avait notamment justifi\u00e9 son coup de force par l\u2019augmentation des violences des groupes arm\u00e9s. Depuis qu\u2019il a exig\u00e9 le d\u00e9part des forces fran\u00e7aises de son sol en janvier dernier, le Burkina Faso cherche de nouveaux partenaires, notamment en mati\u00e8re de d\u00e9fense.<br><br>Une d\u00e9l\u00e9gation russe, conduite par le vice-ministre de la D\u00e9fense, Yunus-Bek Yevkurov, a \u00e9chang\u00e9 avec le pr\u00e9sident burkinab\u00e8 la semaine derni\u00e8re sur des questions de d\u00e9veloppement et de coop\u00e9ration militaire. La ministre des Affaires \u00e9trang\u00e8res burkinab\u00e8, Olivia Rouamba, avait manifest\u00e9 lundi le souhait de son pays de \u00ab renforcer la coop\u00e9ration bilat\u00e9rale \u00bb avec l\u2019Iran, lors d\u2019un entretien \u00e0 T\u00e9h\u00e9ran avec le pr\u00e9sident Ebrahim Ra\u00efssi.<br><br>(avec AFP)<\/p>\n","protected":false},"excerpt":{"rendered":"<p>Jeune Afrique &#8211; \u00ab Cinquante-trois combattants \u00bb, pr\u00e9cis\u00e9ment \u00ab dix-sept militaires et trente-six VDP (Volontaires pour la d\u00e9fense de la patrie, suppl\u00e9tifs civils de l\u2019arm\u00e9e) ont perdu la vie \u00bb le lundi 4 septembre, indique l\u2019\u00e9tat-major de l\u2019arm\u00e9e burkinab\u00e8 dans un communiqu\u00e9 publi\u00e9 ce mardi. L\u2019unit\u00e9 attaqu\u00e9e \u00e9tait d\u00e9ploy\u00e9e \u00e0 Koumbri, dans la province du [&hellip;]<\/p>\n","protected":false},"author":2,"featured_media":53388,"comment_status":"open","ping_status":"open","sticky":false,"template":"","format":"standard","meta":{"footnotes":""},"categories":[1],"tags":[],"class_list":["post-53386","post","type-post","status-publish","format-standard","has-post-thumbnail","hentry","category-aucun"],"_links":{"self":[{"href":"https:\/\/lestracesdelinfo.com\/index.php\/wp-json\/wp\/v2\/posts\/53386","targetHints":{"allow":["GET"]}}],"collection":[{"href":"https:\/\/lestracesdelinfo.com\/index.php\/wp-json\/wp\/v2\/posts"}],"about":[{"href":"https:\/\/lestracesdelinfo.com\/index.php\/wp-json\/wp\/v2\/types\/post"}],"author":[{"embeddable":true,"href":"https:\/\/lestracesdelinfo.com\/index.php\/wp-json\/wp\/v2\/users\/2"}],"replies":[{"embeddable":true,"href":"https:\/\/lestracesdelinfo.com\/index.php\/wp-json\/wp\/v2\/comments?post=53386"}],"version-history":[{"count":1,"href":"https:\/\/lestracesdelinfo.com\/index.php\/wp-json\/wp\/v2\/posts\/53386\/revisions"}],"predecessor-version":[{"id":53389,"href":"https:\/\/lestracesdelinfo.com\/index.php\/wp-json\/wp\/v2\/posts\/53386\/revisions\/53389"}],"wp:featuredmedia":[{"embeddable":true,"href":"https:\/\/lestracesdelinfo.com\/index.php\/wp-json\/wp\/v2\/media\/53388"}],"wp:attachment":[{"href":"https:\/\/lestracesdelinfo.com\/index.php\/wp-json\/wp\/v2\/media?parent=53386"}],"wp:term":[{"taxonomy":"category","embeddable":true,"href":"https:\/\/lestracesdelinfo.com\/index.php\/wp-json\/wp\/v2\/categories?post=53386"},{"taxonomy":"post_tag","embeddable":true,"href":"https:\/\/lestracesdelinfo.com\/index.php\/wp-json\/wp\/v2\/tags?post=53386"}],"curies":[{"name":"wp","href":"https:\/\/api.w.org\/{rel}","templated":true}]}}