{"id":53402,"date":"2023-09-06T15:27:00","date_gmt":"2023-09-06T15:27:00","guid":{"rendered":"https:\/\/lestracesdelinfo.com\/?p=53402"},"modified":"2023-09-06T15:27:02","modified_gmt":"2023-09-06T15:27:02","slug":"le-president-ghazouani-appelle-a-la-prise-de-mesures-judiciaires-contre-les-societes-en-retard-dans-lexecution-des-projets","status":"publish","type":"post","link":"https:\/\/lestracesdelinfo.com\/index.php\/2023\/09\/06\/le-president-ghazouani-appelle-a-la-prise-de-mesures-judiciaires-contre-les-societes-en-retard-dans-lexecution-des-projets\/","title":{"rendered":"Le pr\u00e9sident Ghazouani appelle \u00e0 la prise de mesures judiciaires contre les soci\u00e9t\u00e9s en retard dans l\u2019ex\u00e9cution des projets"},"content":{"rendered":"\n<p><a href=\"https:\/\/fr.saharamedias.net\/author\/elbou\/\">Sahara Media<\/a><\/p>\n\n\n\n<figure class=\"wp-block-image\"><img decoding=\"async\" src=\"https:\/\/b1969909.smushcdn.com\/1969909\/wp-content\/uploads\/2023\/07\/pt-780x470.jpeg?lossy=1&amp;strip=1&amp;webp=1\" alt=\"\"\/><\/figure>\n\n\n\n<p>Le pr\u00e9sident mauritanien Mohamed O. Cheikh El Ghazouani a appel\u00e9 le gouvernement \u00e0 prendre des mesures judiciaires dissuasives contre les soci\u00e9t\u00e9s et les entrepreneurs qui ne se sont pas conform\u00e9s aux d\u00e9lais et aux caract\u00e9ristiques d\u00e9finies dans les cahiers de charge pour l\u2019ex\u00e9cution des projets, r\u00e9affirmant que les retards n\u2019\u00e9taient pas tol\u00e9rables.<\/p>\n\n\n\n<p>Cette instruction a \u00e9t\u00e9 annonc\u00e9e \u00e0 l\u2019issue d\u2019une r\u00e9union minist\u00e9rielle mardi qui a r\u00e9uni le premier ministre Mohamed Bilal Messaoud, le ministre charg\u00e9 du cabinet du pr\u00e9sident de la r\u00e9publique, Moctar O. Djay, le ministre secr\u00e9taire g\u00e9n\u00e9ral de la pr\u00e9sidence de la r\u00e9publique, Moulaye O. Mohamed Lagdaf en plus d\u2019autres membres du gouvernement.<\/p>\n\n\n\n<p>Articles similaires<\/p>\n","protected":false},"excerpt":{"rendered":"<p>Sahara Media Le pr\u00e9sident mauritanien Mohamed O. Cheikh El Ghazouani a appel\u00e9 le gouvernement \u00e0 prendre des mesures judiciaires dissuasives contre les soci\u00e9t\u00e9s et les entrepreneurs qui ne se sont pas conform\u00e9s aux d\u00e9lais et aux caract\u00e9ristiques d\u00e9finies dans les cahiers de charge pour l\u2019ex\u00e9cution des projets, r\u00e9affirmant que les retards n\u2019\u00e9taient pas tol\u00e9rables. Cette [&hellip;]<\/p>\n","protected":false},"author":2,"featured_media":53403,"comment_status":"open","ping_status":"open","sticky":false,"template":"","format":"standard","meta":{"footnotes":""},"categories":[1],"tags":[],"class_list":["post-53402","post","type-post","status-publish","format-standard","has-post-thumbnail","hentry","category-aucun"],"_links":{"self":[{"href":"https:\/\/lestracesdelinfo.com\/index.php\/wp-json\/wp\/v2\/posts\/53402","targetHints":{"allow":["GET"]}}],"collection":[{"href":"https:\/\/lestracesdelinfo.com\/index.php\/wp-json\/wp\/v2\/posts"}],"about":[{"href":"https:\/\/lestracesdelinfo.com\/index.php\/wp-json\/wp\/v2\/types\/post"}],"author":[{"embeddable":true,"href":"https:\/\/lestracesdelinfo.com\/index.php\/wp-json\/wp\/v2\/users\/2"}],"replies":[{"embeddable":true,"href":"https:\/\/lestracesdelinfo.com\/index.php\/wp-json\/wp\/v2\/comments?post=53402"}],"version-history":[{"count":1,"href":"https:\/\/lestracesdelinfo.com\/index.php\/wp-json\/wp\/v2\/posts\/53402\/revisions"}],"predecessor-version":[{"id":53404,"href":"https:\/\/lestracesdelinfo.com\/index.php\/wp-json\/wp\/v2\/posts\/53402\/revisions\/53404"}],"wp:featuredmedia":[{"embeddable":true,"href":"https:\/\/lestracesdelinfo.com\/index.php\/wp-json\/wp\/v2\/media\/53403"}],"wp:attachment":[{"href":"https:\/\/lestracesdelinfo.com\/index.php\/wp-json\/wp\/v2\/media?parent=53402"}],"wp:term":[{"taxonomy":"category","embeddable":true,"href":"https:\/\/lestracesdelinfo.com\/index.php\/wp-json\/wp\/v2\/categories?post=53402"},{"taxonomy":"post_tag","embeddable":true,"href":"https:\/\/lestracesdelinfo.com\/index.php\/wp-json\/wp\/v2\/tags?post=53402"}],"curies":[{"name":"wp","href":"https:\/\/api.w.org\/{rel}","templated":true}]}}