{"id":53405,"date":"2023-09-06T16:11:15","date_gmt":"2023-09-06T16:11:15","guid":{"rendered":"https:\/\/lestracesdelinfo.com\/?p=53405"},"modified":"2023-09-06T16:11:18","modified_gmt":"2023-09-06T16:11:18","slug":"au-kenya-le-premier-sommet-africain-sur-le-climat-adopte-la-declaration-de-nairobi","status":"publish","type":"post","link":"https:\/\/lestracesdelinfo.com\/index.php\/2023\/09\/06\/au-kenya-le-premier-sommet-africain-sur-le-climat-adopte-la-declaration-de-nairobi\/","title":{"rendered":"Au Kenya, le premier sommet africain sur le climat adopte la \u00abD\u00e9claration de Nairobi\u00bb"},"content":{"rendered":"\n<p>Une taxe carbone mondiale et une r\u00e9forme des institutions financi\u00e8res internationales pour financer l&rsquo;action climatique en Afrique. C&rsquo;est ce que pr\u00e9conise la \u00ab D\u00e9claration de Nairobi\u00a0\u00bb adopt\u00e9e, mercredi 6 septembre, \u00e0 l&rsquo;issue du premier sommet africain sur le climat, l&rsquo;Africa Climate Summit 2023. Ce texte doit permettre au continent de parler d&rsquo;une seule voix lors des prochaines discussions sur le climat. Mais les n\u00e9gociations entre \u00c9tats africains pour aboutir \u00e0 ce texte ont \u00e9t\u00e9 ardues.<\/p>\n\n\n\n<figure class=\"wp-block-image\"><img decoding=\"async\" src=\"https:\/\/s.rfi.fr\/media\/display\/ad54c5f2-4cae-11ee-9fcf-005056a90284\/w:980\/p:16x9\/000_33UG74J.jpg\" alt=\"Le pr\u00e9sident du Kenya, William Ruto (au centre), prononce son discours de cl\u00f4ture du premier sommet africain sur le climat, l\u2019Africa Climate Summit, \u00e0 Nairobi, le 6 septembre 2023.\"\/><figcaption class=\"wp-element-caption\">Le pr\u00e9sident du Kenya, William Ruto (au centre), prononce son discours de cl\u00f4ture du premier sommet africain sur le climat, l\u2019Africa Climate Summit, \u00e0 Nairobi, le 6 septembre 2023.&nbsp;AFP &#8211; LUIS TATO<\/figcaption><\/figure>\n\n\n\n<p>Tout comme les discours qui ont \u00e9t\u00e9 tenus \u00e0 Nairobi, la d\u00e9claration commence par souligner tout le potentiel de l\u2019Afrique pour faire partie des solutions dans la lutte contre le changement climatique. Les chefs d\u2019\u00c9tat et de gouvernement africains s\u2019engagent notamment \u00e0 d\u00e9velopper les \u00e9nergies renouvelables, l\u2019agriculture ou encore encourager les industries vertes, rapporte&nbsp;<strong>Albane Thirouard,&nbsp;<\/strong>notre correspondante \u00e0 Nairobi.<\/p>\n\n\n\n<p>Mais ils insistent aussi largement sur le besoin de financement. Le texte demande \u00e0 la communaut\u00e9 internationale d\u2019honorer ses promesses, comme les 100 milliards de dollars par an promis en 2014 ou la mise en place d\u2019un m\u00e9canisme de pertes et dommages annonc\u00e9 lors de la COP27.<\/p>\n\n\n\n<h2 class=\"wp-block-heading\">Une transition \u00e9nerg\u00e9tique \u00e0 co\u00fbts abordables<\/h2>\n\n\n\n<p>La \u00ab&nbsp;D\u00e9claration de Nairobi&nbsp;\u00bb \u00e9tait au d\u00e9part inspir\u00e9e par la pr\u00e9sidence du Kenya, un pays mod\u00e8le de transition verte sur le continent. Elle appelait \u00e0 intensifier les investissements dans&nbsp;<strong><a href=\"https:\/\/www.rfi.fr\/fr\/afrique\/20230904-africa-climate-summit-le-pr%C3%A9sident-k%C3%A9nyan-invite-%C3%A0-voir-tout-le-potentiel-de-la-croissance-verte\">les \u00e9nergies renouvelables<\/a><\/strong>, une opportunit\u00e9 pour l&rsquo;Afrique, selon le chef de l&rsquo;\u00c9tat k\u00e9nyan, William Ruto. Ce dernier a annonc\u00e9 que 23 milliards de dollars d&rsquo;investissements avaient \u00e9t\u00e9 promis au cours de ces trois jours de sommet, dont 4, 5 milliards des \u00c9mirats arabes unis qui accueilleront la prochaine COP.<\/p>\n\n\n\n<p>\u00c0 l&rsquo;arriv\u00e9e, le texte final de&nbsp;<strong><a href=\"https:\/\/www.rfi.fr\/fr\/afrique\/20230903-att-africa-climate-summit-2023-le-premier-sommet-africain-pour-le-climat-s-ouvre-%C3%A0-nairobi\">l&rsquo;Africa Climate Summit 2023<\/a><\/strong>&nbsp;est plus exigeant, pr\u00e9cise&nbsp;<strong>Claire Fages<\/strong>, du service Afrique de RFI. Les \u00c9tats africains demandent l&rsquo;instauration d&rsquo;une taxe carbone mondiale, la cr\u00e9ation de nouveaux droits de tirage sp\u00e9ciaux du FMI pour le \u00ab&nbsp;climat&nbsp;\u00bb, \u00e0 la hauteur de ceux qui avaient \u00e9t\u00e9 allou\u00e9s aux pays pauvres face au Covid-19, et plus g\u00e9n\u00e9ralement que l&rsquo;Afrique, de nouveau \u00e9trangl\u00e9e par la dette, ait acc\u00e8s \u00e0 des financements \u00e0 un co\u00fbt abordable pour sa transition \u00e9nerg\u00e9tique et son adaptation au changement climatique.<\/p>\n\n\n\n<h2 class=\"wp-block-heading\">Les puits de carbone et de biodiversit\u00e9<\/h2>\n\n\n\n<p>La d\u00e9claration mentionne d\u00e9sormais le fait que 600 millions d&rsquo;Africains n&rsquo;ont toujours pas acc\u00e8s \u00e0 l&rsquo;\u00e9lectricit\u00e9 et \u00e0 un mode de cuisson propre. On peut y voir la main des \u00c9tats africains producteurs de gaz qui d\u00e9fendent cette \u00e9nergie fossile, moins nocive, affirment-ils, que le charbon de bois.<\/p>\n\n\n\n<p>Les for\u00eats du bassin du Congo, qui avaient \u00e9t\u00e9 oubli\u00e9es dans la premi\u00e8re version, ont obtenu un paragraphe sur leurs r\u00e9serves de puits de carbone et de biodiversit\u00e9, de m\u00eame que les oc\u00e9ans, o\u00f9 les \u00c9tats africains veulent leur part des ressources, notamment min\u00e9rales, des fonds marins.<\/p>\n\n\n\n<p>Le pr\u00e9sident de la Commission de l\u2019Union africaine, Moussa Faki Mahamat, a annonc\u00e9 que cette d\u00e9claration avait \u00e9t\u00e9 adopt\u00e9e unanimement apr\u00e8s \u00ab&nbsp;<em>trois journ\u00e9es d\u2019intenses d\u00e9bats et d\u2019\u00e9changes<\/em>&nbsp;\u00bb. Il a applaudi le succ\u00e8s du sommet, tout comme le pr\u00e9sident k\u00e9nyan William Ruto.&nbsp;Le prochain Africa Climate Summit devrait avoir lieu dans deux ans d\u00e9sormais.&nbsp;<\/p>\n\n\n\n<p>Au Kenya, le premier sommet africain sur le climat adopte la \u00abD\u00e9claration de Nairobi\u00bb<\/p>\n","protected":false},"excerpt":{"rendered":"<p>Une taxe carbone mondiale et une r\u00e9forme des institutions financi\u00e8res internationales pour financer l&rsquo;action climatique en Afrique. C&rsquo;est ce que pr\u00e9conise la \u00ab D\u00e9claration de Nairobi\u00a0\u00bb adopt\u00e9e, mercredi 6 septembre, \u00e0 l&rsquo;issue du premier sommet africain sur le climat, l&rsquo;Africa Climate Summit 2023. Ce texte doit permettre au continent de parler d&rsquo;une seule voix lors [&hellip;]<\/p>\n","protected":false},"author":2,"featured_media":53406,"comment_status":"open","ping_status":"open","sticky":false,"template":"","format":"standard","meta":{"footnotes":""},"categories":[1],"tags":[],"class_list":["post-53405","post","type-post","status-publish","format-standard","has-post-thumbnail","hentry","category-aucun"],"_links":{"self":[{"href":"https:\/\/lestracesdelinfo.com\/index.php\/wp-json\/wp\/v2\/posts\/53405","targetHints":{"allow":["GET"]}}],"collection":[{"href":"https:\/\/lestracesdelinfo.com\/index.php\/wp-json\/wp\/v2\/posts"}],"about":[{"href":"https:\/\/lestracesdelinfo.com\/index.php\/wp-json\/wp\/v2\/types\/post"}],"author":[{"embeddable":true,"href":"https:\/\/lestracesdelinfo.com\/index.php\/wp-json\/wp\/v2\/users\/2"}],"replies":[{"embeddable":true,"href":"https:\/\/lestracesdelinfo.com\/index.php\/wp-json\/wp\/v2\/comments?post=53405"}],"version-history":[{"count":1,"href":"https:\/\/lestracesdelinfo.com\/index.php\/wp-json\/wp\/v2\/posts\/53405\/revisions"}],"predecessor-version":[{"id":53407,"href":"https:\/\/lestracesdelinfo.com\/index.php\/wp-json\/wp\/v2\/posts\/53405\/revisions\/53407"}],"wp:featuredmedia":[{"embeddable":true,"href":"https:\/\/lestracesdelinfo.com\/index.php\/wp-json\/wp\/v2\/media\/53406"}],"wp:attachment":[{"href":"https:\/\/lestracesdelinfo.com\/index.php\/wp-json\/wp\/v2\/media?parent=53405"}],"wp:term":[{"taxonomy":"category","embeddable":true,"href":"https:\/\/lestracesdelinfo.com\/index.php\/wp-json\/wp\/v2\/categories?post=53405"},{"taxonomy":"post_tag","embeddable":true,"href":"https:\/\/lestracesdelinfo.com\/index.php\/wp-json\/wp\/v2\/tags?post=53405"}],"curies":[{"name":"wp","href":"https:\/\/api.w.org\/{rel}","templated":true}]}}