{"id":53408,"date":"2023-09-07T08:02:41","date_gmt":"2023-09-07T08:02:41","guid":{"rendered":"https:\/\/lestracesdelinfo.com\/?p=53408"},"modified":"2023-09-07T08:03:59","modified_gmt":"2023-09-07T08:03:59","slug":"gabon-ali-bongo-est-libre-de-ses-mouvements-et-peut-quitter-le-pays-annonce-le-general-oligui","status":"publish","type":"post","link":"https:\/\/lestracesdelinfo.com\/index.php\/2023\/09\/07\/gabon-ali-bongo-est-libre-de-ses-mouvements-et-peut-quitter-le-pays-annonce-le-general-oligui\/","title":{"rendered":"Gabon: Ali Bongo est \u00ablibre de ses mouvements\u00bb et peut quitter le pays, annonce le g\u00e9n\u00e9ral Oligui"},"content":{"rendered":"\n<p>C&rsquo;est ce qu&rsquo;a annonc\u00e9 un communiqu\u00e9 du pr\u00e9sident de la transition lu ce mercredi soir \u00e0 la t\u00e9l\u00e9vis<\/p>\n\n\n\n<figure class=\"wp-block-image\"><img decoding=\"async\" src=\"https:\/\/s.rfi.fr\/media\/display\/7ee3b7d2-4781-11ee-b375-005056bf30b7\/w:980\/p:16x9\/000_33AD99J.jpg\" alt=\"Le pr\u00e9sident gabonais Ali Bongo (\u00e0 droite) au Palais pr\u00e9sidentiel de Libreville le 2 mars 2023.\"\/><figcaption class=\"wp-element-caption\">Le pr\u00e9sident gabonais Ali Bongo (\u00e0 droite) au Palais pr\u00e9sidentiel de Libreville le 2 mars 2023.&nbsp;AFP &#8211; LUDOVIC MARIN<\/figcaption><\/figure>\n\n\n\n<p><\/p>\n\n\n\n<p>RFI<\/p>\n\n\n\n<p>Par :<a href=\"https:\/\/www.rfi.fr\/fr\/auteur\/rfi\/\">RFI<\/a><\/p>\n\n\n\n<p>Le pr\u00e9sident d\u00e9chu du Gabon, Ali Bongo Ondimba, est \u00ab<em>&nbsp;libre de ses mouvements<\/em>&nbsp;\u00bb et \u00ab&nbsp;<em>peut se rendre, s&rsquo;il le souhaite, \u00e0 l&rsquo;\u00e9tranger<\/em>&nbsp;\u00bb, a annonc\u00e9 \u00e0 l&rsquo;antenne de la t\u00e9l\u00e9vision d&rsquo;\u00c9tat le colonel Ulrich Manfoumbi Manfoumbi en lisant un communiqu\u00e9 \u00ab&nbsp;<em>sign\u00e9<\/em>&nbsp;\u00bb par le g\u00e9n\u00e9ral Oligui, qui&nbsp;<strong><a href=\"https:\/\/www.rfi.fr\/fr\/en-bref\/20230904-gabon-le-g%C3%A9n%C3%A9ral-brice-clotaire-oligui-nguema-a-pr%C3%AAt%C3%A9-serment-en-tant-que-pr%C3%A9sident-de-la-transition\">dirige d\u00e9sormais la transition<\/a><\/strong>.<\/p>\n\n\n\n<p>Ali Bongo, au pouvoir depuis 14 ans, \u00e9tait en r\u00e9sidence surveill\u00e9e depuis le coup d&rsquo;\u00c9tat militaire du 30 ao\u00fbt, men\u00e9 sans effusion de sang moins d&rsquo;une heure apr\u00e8s que son camp eut proclam\u00e9 sa r\u00e9\u00e9lection dans un scrutin qualifi\u00e9 de frauduleux par les putschistes.<\/p>\n\n\n\n<p>\u00ab&nbsp;<em>Compte tenu de son \u00e9tat de sant\u00e9, l&rsquo;ancien pr\u00e9sident de la R\u00e9publique Ali Bongo Ondimba est libre de ses mouvements. Il peut, s&rsquo;il le souhaite, se rendre \u00e0 l&rsquo;\u00e9tranger afin d&rsquo;y effectuer ses contr\u00f4les m\u00e9dicaux<\/em>&nbsp;\u00bb, poursuit le communiqu\u00e9.<\/p>\n\n\n\n<p>Ali Bongo a subi un grave AVC en octobre 2018 qui l&rsquo;a laiss\u00e9 diminu\u00e9 physiquement, la jambe et le bras droits notamment se mouvant avec difficult\u00e9s. Il a \u00e9t\u00e9&nbsp;absent du Gabon pendant quasiment un an. L&rsquo;opposition d\u00e9non\u00e7ait alors un pr\u00e9sident incapable de gouverner. Un argument repris par le g\u00e9n\u00e9ral Oligui Nguema quelques heures apr\u00e8s le coup. Il expliquait alors au journal&nbsp;<em>Le Monde<\/em>&nbsp;qu&rsquo;au Gabon, \u00ab&nbsp;<em>il y a une grogne et, au-del\u00e0 de cette grogne, il y a la maladie du chef de l\u2019\u00c9tat. Tout le monde en parle, mais personne ne prend ses responsabilit\u00e9s<\/em>&nbsp;\u00bb.<\/p>\n\n\n\n<p>Le pr\u00e9sident en r\u00e9sidence surveill\u00e9e depuis le 30 ao\u00fbt&nbsp;<strong><a href=\"https:\/\/www.rfi.fr\/fr\/afrique\/20230906-gabon-le-facilitateur-de-la-ceeac-faustin-archange-touad%C3%A9ra-a-rencontr%C3%A9-ali-bongo\">a re\u00e7u mercredi la visite<\/a><\/strong>&nbsp;du pr\u00e9sident centrafricain Faustin Archange Touad\u00e9ra, d\u00e9sign\u00e9 facilitateur par la CEEA et d&rsquo;Abdou Abarry, repr\u00e9sentant du secr\u00e9taire g\u00e9n\u00e9ral des Nations Unies en Afrique centrale.<\/p>\n\n\n\n<p><em>(Avec&nbsp;<\/em>AFP<em>)<\/em><\/p>\n","protected":false},"excerpt":{"rendered":"<p>C&rsquo;est ce qu&rsquo;a annonc\u00e9 un communiqu\u00e9 du pr\u00e9sident de la transition lu ce mercredi soir \u00e0 la t\u00e9l\u00e9vis RFI Par :RFI Le pr\u00e9sident d\u00e9chu du Gabon, Ali Bongo Ondimba, est \u00ab&nbsp;libre de ses mouvements&nbsp;\u00bb et \u00ab&nbsp;peut se rendre, s&rsquo;il le souhaite, \u00e0 l&rsquo;\u00e9tranger&nbsp;\u00bb, a annonc\u00e9 \u00e0 l&rsquo;antenne de la t\u00e9l\u00e9vision d&rsquo;\u00c9tat le colonel Ulrich Manfoumbi [&hellip;]<\/p>\n","protected":false},"author":2,"featured_media":53409,"comment_status":"open","ping_status":"open","sticky":false,"template":"","format":"standard","meta":{"footnotes":""},"categories":[1],"tags":[],"class_list":["post-53408","post","type-post","status-publish","format-standard","has-post-thumbnail","hentry","category-aucun"],"_links":{"self":[{"href":"https:\/\/lestracesdelinfo.com\/index.php\/wp-json\/wp\/v2\/posts\/53408","targetHints":{"allow":["GET"]}}],"collection":[{"href":"https:\/\/lestracesdelinfo.com\/index.php\/wp-json\/wp\/v2\/posts"}],"about":[{"href":"https:\/\/lestracesdelinfo.com\/index.php\/wp-json\/wp\/v2\/types\/post"}],"author":[{"embeddable":true,"href":"https:\/\/lestracesdelinfo.com\/index.php\/wp-json\/wp\/v2\/users\/2"}],"replies":[{"embeddable":true,"href":"https:\/\/lestracesdelinfo.com\/index.php\/wp-json\/wp\/v2\/comments?post=53408"}],"version-history":[{"count":3,"href":"https:\/\/lestracesdelinfo.com\/index.php\/wp-json\/wp\/v2\/posts\/53408\/revisions"}],"predecessor-version":[{"id":53412,"href":"https:\/\/lestracesdelinfo.com\/index.php\/wp-json\/wp\/v2\/posts\/53408\/revisions\/53412"}],"wp:featuredmedia":[{"embeddable":true,"href":"https:\/\/lestracesdelinfo.com\/index.php\/wp-json\/wp\/v2\/media\/53409"}],"wp:attachment":[{"href":"https:\/\/lestracesdelinfo.com\/index.php\/wp-json\/wp\/v2\/media?parent=53408"}],"wp:term":[{"taxonomy":"category","embeddable":true,"href":"https:\/\/lestracesdelinfo.com\/index.php\/wp-json\/wp\/v2\/categories?post=53408"},{"taxonomy":"post_tag","embeddable":true,"href":"https:\/\/lestracesdelinfo.com\/index.php\/wp-json\/wp\/v2\/tags?post=53408"}],"curies":[{"name":"wp","href":"https:\/\/api.w.org\/{rel}","templated":true}]}}