{"id":53419,"date":"2023-09-07T15:22:49","date_gmt":"2023-09-07T15:22:49","guid":{"rendered":"https:\/\/lestracesdelinfo.com\/?p=53419"},"modified":"2023-09-07T15:22:53","modified_gmt":"2023-09-07T15:22:53","slug":"sommet-africain-pour-le-climat-lafrique-espere-des-investissements-pour-agir-sur-le-climat","status":"publish","type":"post","link":"https:\/\/lestracesdelinfo.com\/index.php\/2023\/09\/07\/sommet-africain-pour-le-climat-lafrique-espere-des-investissements-pour-agir-sur-le-climat\/","title":{"rendered":"Sommet africain pour le climat : l\u2019Afrique esp\u00e8re des investissements pour agir sur le climat"},"content":{"rendered":"\n<p><\/p>\n\n\n\n<h1 class=\"wp-block-heading\">Sommet africain pour le climat : l\u2019Afrique esp\u00e8re des investissements pour agir sur le climat<\/h1>\n\n\n\n<p>\u00a0<a href=\"https:\/\/www.maliweb.net\/author\/lewagadu\">Le Wagadu<\/a><\/p>\n\n\n\n<figure class=\"wp-block-image\"><a href=\"https:\/\/www.maliweb.net\/wp-content\/news\/images\/2023\/09\/sommet-africain-climat.jpg\"><img decoding=\"async\" src=\"https:\/\/www.maliweb.net\/wp-content\/news\/images\/2023\/09\/sommet-africain-climat.jpg\" alt=\"\" title=\"sommet africain climat\"\/><\/a><\/figure>\n\n\n\n<p><strong><em>Le Sommet africain pour le climat, qui prend fin ce mercredi 06 septembre \u00e0 Nairobi, au Kenya, a port\u00e9 sur la fourniture de solutions innovantes en mati\u00e8re de croissance verte et de financement du climat pour l\u2019Afrique et le monde. La c\u00e9r\u00e9monie d\u2019ouverture, qui a eu lieu le lundi 04 septembre, a \u00e9t\u00e9 pr\u00e9sid\u00e9e par le pr\u00e9sident k\u00e9nyan, William Ruto.<\/em><\/strong><\/p>\n\n\n\n<p>Organis\u00e9 sous l\u2019\u00e9gide de l\u2019Union africaine, le premier Sommet africain pour le climat, d\u00e9fendu par le pr\u00e9sident K\u00e9nyan, William Ruto, vise \u00e0 r\u00e9pondre \u00e0 l\u2019exposition croissante au changement climatique et \u00e0 ses co\u00fbts associ\u00e9s, tant \u00e0 l\u2019\u00e9chelle mondiale qu\u2019en Afrique en particulier.<\/p>\n\n\n\n<p>Des d\u00e9l\u00e9gations venues de tout le continent et d\u2019ailleurs, dont le secr\u00e9taire g\u00e9n\u00e9ral de l\u2019ONU, Antonio Guterres, ont planch\u00e9 sur des th\u00e9matiques comme&nbsp;:&nbsp;<em>\u00ab&nbsp;Financement de l\u2019action climat ; Agenda de la croissance verte en Afrique ; Action climat et d\u00e9veloppement \u00e9conomique ; Optimisation du capital global&nbsp;<\/em>\u00bb.<\/p>\n\n\n\n<p>Le pr\u00e9sident k\u00e9nyan, William Ruto. M. Ruto, souhaite que ce sommet permette au continent de trouver un langage commun sur le d\u00e9veloppement et le climat afin de&nbsp;<em>\u00ab proposer des solutions africaines<\/em>&nbsp;\u00bb \u00e0 la COP28, qui aura lieu en novembre aux \u00c9mirats arabes unis. \u00ab&nbsp;<em>L\u2019action climatique n\u2019est pas un probl\u00e8me du Nord ni un probl\u00e8me du Sud. C\u2019est notre d\u00e9fi collectif, et il nous concerne tous. Nous devons nous rassembler pour trouver des solutions communes et mondiales<\/em>&nbsp;\u00bb, assure le pr\u00e9sident k\u00e9nyan sur le site&nbsp;<a href=\"http:\/\/africaclimatesummit.org\/\">africaclimatesummit.org<\/a>.<\/p>\n\n\n\n<p>Selon le pr\u00e9sident k\u00e9nyan, l\u2019Afrique n\u2019a pendant tr\u00e8s longtemps fait que regarder cette question. \u00ab&nbsp;<em>Il est temps de nous lancer. Nous devons voir dans la croissance verte non seulement un imp\u00e9ratif climatique mais aussi une source d\u2019opportunit\u00e9s \u00e9conomiques repr\u00e9sentant des milliards de dollars que l\u2019Afrique et le monde sont pr\u00eats \u00e0 capitaliser<\/em>&nbsp;\u00bb, a-t-il soulign\u00e9 dans son discours inaugural.<\/p>\n\n\n\n<p>Sur X (ex-Twitter), le pr\u00e9sident Ruto a appel\u00e9 la communaut\u00e9 internationale \u00e0 d\u00e9gager des fonds pour le continent et \u00e0 all\u00e9ger le poids de la dette pesant sur les pays africains. Une solidarit\u00e9 de la communaut\u00e9 internationale qui va permettre au continent africain de faire face aux enjeux du changement climatique. Bien que l\u2019Afrique ne soit responsable que de 6% du total des \u00e9missions de CO2, elle reste particuli\u00e8rement touch\u00e9e par les cons\u00e9quences du changement climatique.<\/p>\n\n\n\n<p>Le Mali qui participe au sommet de Nairobi, \u00e0 travers l\u2019Agence de l\u2019Environnement et du D\u00e9veloppement Durable (AEDD), n\u2019\u00e9chappe pas \u00e0 cette situation. Pour toutes les localit\u00e9s du Mali, le sc\u00e9nario climatique le plus plausible pr\u00e9voit une diminution de la pluviom\u00e9trie et l\u2019augmentation de la temp\u00e9rature, selon la Contribution D\u00e9termin\u00e9e Nationale (CDN) r\u00e9vis\u00e9e.<\/p>\n\n\n\n<p>Cons\u00e9quence&nbsp;: on assistera \u00e0&nbsp;une diminution de la pluviom\u00e9trie qui se traduirait par un d\u00e9placement des isohy\u00e8tes (ligne reliant des points d\u2019\u00e9gales quantit\u00e9s de pr\u00e9cipitations tomb\u00e9es en une p\u00e9riode d\u00e9termin\u00e9e) plus vers le sud.<\/p>\n\n\n\n<p>Le Sommet va servir de plate-forme pour informer, encadrer et influencer les engagements, les promesses et les r\u00e9sultats, conduisant finalement \u00e0 l\u2019\u00e9laboration de la D\u00e9claration de Nairobi. Il lance les quatre mois les plus charg\u00e9s pour les n\u00e9gociations climatiques dont le point d\u2019orgue serait la bataille sur la fin des \u00e9nergies fossiles \u00e0 la COP28 \u00e0 Duba\u00ef de fin novembre \u00e0 d\u00e9but d\u00e9cembre.<\/p>\n\n\n\n<p><strong>Abdrahamane SISSOK<\/strong>O<\/p>\n","protected":false},"excerpt":{"rendered":"<p>Sommet africain pour le climat : l\u2019Afrique esp\u00e8re des investissements pour agir sur le climat \u00a0Le Wagadu Le Sommet africain pour le climat, qui prend fin ce mercredi 06 septembre \u00e0 Nairobi, au Kenya, a port\u00e9 sur la fourniture de solutions innovantes en mati\u00e8re de croissance verte et de financement du climat pour l\u2019Afrique et [&hellip;]<\/p>\n","protected":false},"author":2,"featured_media":53420,"comment_status":"open","ping_status":"open","sticky":false,"template":"","format":"standard","meta":{"footnotes":""},"categories":[1],"tags":[],"class_list":["post-53419","post","type-post","status-publish","format-standard","has-post-thumbnail","hentry","category-aucun"],"_links":{"self":[{"href":"https:\/\/lestracesdelinfo.com\/index.php\/wp-json\/wp\/v2\/posts\/53419","targetHints":{"allow":["GET"]}}],"collection":[{"href":"https:\/\/lestracesdelinfo.com\/index.php\/wp-json\/wp\/v2\/posts"}],"about":[{"href":"https:\/\/lestracesdelinfo.com\/index.php\/wp-json\/wp\/v2\/types\/post"}],"author":[{"embeddable":true,"href":"https:\/\/lestracesdelinfo.com\/index.php\/wp-json\/wp\/v2\/users\/2"}],"replies":[{"embeddable":true,"href":"https:\/\/lestracesdelinfo.com\/index.php\/wp-json\/wp\/v2\/comments?post=53419"}],"version-history":[{"count":1,"href":"https:\/\/lestracesdelinfo.com\/index.php\/wp-json\/wp\/v2\/posts\/53419\/revisions"}],"predecessor-version":[{"id":53421,"href":"https:\/\/lestracesdelinfo.com\/index.php\/wp-json\/wp\/v2\/posts\/53419\/revisions\/53421"}],"wp:featuredmedia":[{"embeddable":true,"href":"https:\/\/lestracesdelinfo.com\/index.php\/wp-json\/wp\/v2\/media\/53420"}],"wp:attachment":[{"href":"https:\/\/lestracesdelinfo.com\/index.php\/wp-json\/wp\/v2\/media?parent=53419"}],"wp:term":[{"taxonomy":"category","embeddable":true,"href":"https:\/\/lestracesdelinfo.com\/index.php\/wp-json\/wp\/v2\/categories?post=53419"},{"taxonomy":"post_tag","embeddable":true,"href":"https:\/\/lestracesdelinfo.com\/index.php\/wp-json\/wp\/v2\/tags?post=53419"}],"curies":[{"name":"wp","href":"https:\/\/api.w.org\/{rel}","templated":true}]}}