{"id":53422,"date":"2023-09-07T21:09:00","date_gmt":"2023-09-07T21:09:00","guid":{"rendered":"https:\/\/lestracesdelinfo.com\/?p=53422"},"modified":"2023-09-07T21:10:42","modified_gmt":"2023-09-07T21:10:42","slug":"53422","status":"publish","type":"post","link":"https:\/\/lestracesdelinfo.com\/index.php\/2023\/09\/07\/53422\/","title":{"rendered":"Gabon: Raymond Ndong Sima, opposant \u00e0 Ali Bongo, nomm\u00e9 Premier ministre de transition"},"content":{"rendered":"\n<h1 class=\"wp-block-heading\"><\/h1>\n\n\n\n<p>Le Pr\u00e9sident de la transition au Gabon, <strong>le g\u00e9n\u00e9ral Brice Oligui Nguema, a<\/strong> nomm\u00e9 ce jeudi 7 septembre Premier ministre de transition <strong>Raymond Ndong Sima,<\/strong> un \u00e9conomiste et opposant au pr\u00e9sident, Ali Bongo, renvers\u00e9 par les militaires il y a une semaine, selon un d\u00e9cret lu \u00e0 la t\u00e9l\u00e9vision d&rsquo;\u00c9tat.<\/p>\n\n\n\n<p><\/p>\n\n\n\n<p><strong>RFI<\/strong><\/p>\n\n\n\n<figure class=\"wp-block-image\"><img decoding=\"async\" src=\"https:\/\/s.rfi.fr\/media\/display\/32cc81d2-4d92-11ee-b4b7-005056bf30b7\/w:980\/p:16x9\/000_Par7145111.jpg\" alt=\"Raymond Ndong Sima a nomm\u00e9  Premier ministre de transition. Ici, \u00e0 Libreville, le 8 juin 2012.\"\/><figcaption class=\"wp-element-caption\">Raymond Ndong Sima a nomm\u00e9 Premier ministre de transition. Ici, \u00e0 Libreville, le 8 juin 2012.&nbsp;\u00a9 WILFRIED MBINAH \/ A<\/figcaption><\/figure>\n\n\n\n<p><strong>Raymond Ndong Sima, 68 ans<\/strong>, avait \u00e9t\u00e9 Premier ministre d<strong>&lsquo;Ali Bongo de 2012 \u00e0 2014, <\/strong>mais il s&rsquo;\u00e9tait \u00e9loign\u00e9 du pouvoir. Il&nbsp;accusait r\u00e9guli\u00e8rement le pouvoir d&rsquo;Ali Bongo de mauvaise gouvernance, jusqu&rsquo;\u00e0 se pr\u00e9senter contre le chef de l&rsquo;\u00c9tat aux pr\u00e9sidentielles de 2016 et 2023. Cette ann\u00e9e, il avait rejoint la plate-forme Alternance 2023 apr\u00e8s s&rsquo;\u00eatre pr\u00e9sent\u00e9 et avait donc retir\u00e9 sa candidature pour c\u00e9der la place \u00e0 un candidat consensuel,&nbsp;<strong><a href=\"https:\/\/www.rfi.fr\/fr\/afrique\/20230905-gabon-le-pr%C3%A9sident-de-la-transition-a-rencontr%C3%A9-albert-ondo-ossa-leader-de-l-opposition\">Albert Ondo Ossa<\/a><\/strong>.<\/p>\n\n\n\n<p>Finalement, mercredi 6 septembre, Raymond Ndong Sima a claqu\u00e9 la porte de la coalition, d\u00e9clarant que la situation \u00e9tait \u00ab&nbsp;<em>confuse depuis plusieurs jours<\/em>&nbsp;\u00bb au sein du groupe. Il \u00e9tait donc libre de tout parti puisqu&rsquo;\u00e0 la base, c&rsquo;est un candidat ind\u00e9pendant. Il n&rsquo;est pas surprenant que la junte l&rsquo;ait choisi.<\/p>\n\n\n\n<p>Raymond Ndong Sima est d&rsquo;abord un \u00e9conomiste, originaire du nord du pays. Il a fait une partie de ses \u00e9tudes en France avant de rejoindre le minist\u00e8re gabonais de l&rsquo;\u00c9conomie. Membre du parti pr\u00e9sidentiel, le Parti d\u00e9mocratique gabonais (PDG), il d\u00e9croche finalement un portefeuille en 2009, en devenant ministre de l\u2019Agriculture, l\u2019\u00c9levage et la P\u00eache.<\/p>\n\n\n\n<h2 class=\"wp-block-heading\">Rupture avec le PDG en 2015<\/h2>\n\n\n\n<p>Deux ans plus tard, il obtient aussi un si\u00e8ge de d\u00e9put\u00e9. Raymond Ndong Sima est connu pour son temp\u00e9rament vif. Il n&rsquo;h\u00e9sitait pas \u00e0 critiquer le PDG, ce qui avait entra\u00een\u00e9&nbsp;<strong><a href=\"https:\/\/www.rfi.fr\/fr\/afrique\/20150703-gabon-raymond-ndong-sima-claque-porte-parti-pouvoir\">une rupture en 2015<\/a>,&nbsp;<\/strong>ann\u00e9e o\u00f9 il est pass\u00e9 \u00e0 l&rsquo;opposition. Depuis, c&rsquo;\u00e9tait un critique virulent du r\u00e9gime d&rsquo;Ali Bongo.<\/p>\n\n\n\n<p>Au Gabon, le g\u00e9n\u00e9ral Brice Oligui Nguema, qui a men\u00e9 le coup d&rsquo;\u00c9tat du 30 ao\u00fbt contre un Ali Bongo \u00e0 peine proclam\u00e9 r\u00e9\u00e9lu,&nbsp;<strong><a href=\"https:\/\/www.rfi.fr\/fr\/en-bref\/20230904-gabon-le-g%C3%A9n%C3%A9ral-brice-clotaire-oligui-nguema-a-pr%C3%AAt%C3%A9-serment-en-tant-que-pr%C3%A9sident-de-la-transition\">a pr\u00eat\u00e9 serment&nbsp;<\/a><\/strong>lundi&nbsp;4 septembre en tant que Pr\u00e9sident d&rsquo;une p\u00e9riode de transition, dont il n&rsquo;a pas fix\u00e9 la dur\u00e9e, et au terme de laquelle il a promis des \u00ab&nbsp;<em>\u00e9lections libres&nbsp;<\/em>\u00bb. Ce lundi, il avait aussi annonc\u00e9 la formation d&rsquo;un gouvernement de transition comprenant des personnalit\u00e9s de tous bords politiques.<\/p>\n","protected":false},"excerpt":{"rendered":"<p>Le Pr\u00e9sident de la transition au Gabon, le g\u00e9n\u00e9ral Brice Oligui Nguema, a nomm\u00e9 ce jeudi 7 septembre Premier ministre de transition Raymond Ndong Sima, un \u00e9conomiste et opposant au pr\u00e9sident, Ali Bongo, renvers\u00e9 par les militaires il y a une semaine, selon un d\u00e9cret lu \u00e0 la t\u00e9l\u00e9vision d&rsquo;\u00c9tat. RFI Raymond Ndong Sima, 68 [&hellip;]<\/p>\n","protected":false},"author":2,"featured_media":53423,"comment_status":"open","ping_status":"open","sticky":false,"template":"","format":"standard","meta":{"footnotes":""},"categories":[1],"tags":[],"class_list":["post-53422","post","type-post","status-publish","format-standard","has-post-thumbnail","hentry","category-aucun"],"_links":{"self":[{"href":"https:\/\/lestracesdelinfo.com\/index.php\/wp-json\/wp\/v2\/posts\/53422","targetHints":{"allow":["GET"]}}],"collection":[{"href":"https:\/\/lestracesdelinfo.com\/index.php\/wp-json\/wp\/v2\/posts"}],"about":[{"href":"https:\/\/lestracesdelinfo.com\/index.php\/wp-json\/wp\/v2\/types\/post"}],"author":[{"embeddable":true,"href":"https:\/\/lestracesdelinfo.com\/index.php\/wp-json\/wp\/v2\/users\/2"}],"replies":[{"embeddable":true,"href":"https:\/\/lestracesdelinfo.com\/index.php\/wp-json\/wp\/v2\/comments?post=53422"}],"version-history":[{"count":2,"href":"https:\/\/lestracesdelinfo.com\/index.php\/wp-json\/wp\/v2\/posts\/53422\/revisions"}],"predecessor-version":[{"id":53425,"href":"https:\/\/lestracesdelinfo.com\/index.php\/wp-json\/wp\/v2\/posts\/53422\/revisions\/53425"}],"wp:featuredmedia":[{"embeddable":true,"href":"https:\/\/lestracesdelinfo.com\/index.php\/wp-json\/wp\/v2\/media\/53423"}],"wp:attachment":[{"href":"https:\/\/lestracesdelinfo.com\/index.php\/wp-json\/wp\/v2\/media?parent=53422"}],"wp:term":[{"taxonomy":"category","embeddable":true,"href":"https:\/\/lestracesdelinfo.com\/index.php\/wp-json\/wp\/v2\/categories?post=53422"},{"taxonomy":"post_tag","embeddable":true,"href":"https:\/\/lestracesdelinfo.com\/index.php\/wp-json\/wp\/v2\/tags?post=53422"}],"curies":[{"name":"wp","href":"https:\/\/api.w.org\/{rel}","templated":true}]}}