{"id":53429,"date":"2023-09-08T10:35:51","date_gmt":"2023-09-08T10:35:51","guid":{"rendered":"https:\/\/lestracesdelinfo.com\/?p=53429"},"modified":"2023-09-08T10:35:54","modified_gmt":"2023-09-08T10:35:54","slug":"boghe-fin-dun-atelier-de-rencontre-synergie-et-de-formation-sur-la-derniere-loi-dorientation-sur-leducation-en-mauritanie-au-profit-des-membres-de-la","status":"publish","type":"post","link":"https:\/\/lestracesdelinfo.com\/index.php\/2023\/09\/08\/boghe-fin-dun-atelier-de-rencontre-synergie-et-de-formation-sur-la-derniere-loi-dorientation-sur-leducation-en-mauritanie-au-profit-des-membres-de-la\/","title":{"rendered":"Bogh\u00e9\u00a0:\u00a0 Fin d\u2019un atelier de Rencontre \/ Synergie et de formation sur la derni\u00e8re loi d\u2019orientation sur l\u2019\u00e9ducation en Mauritanie au profit des membres de l\u2019AMP et des repr\u00e9sentants des comit\u00e9s locaux CVA"},"content":{"rendered":"\n<figure class=\"wp-block-image size-full\"><img loading=\"lazy\" decoding=\"async\" width=\"1000\" height=\"563\" src=\"https:\/\/lestracesdelinfo.com\/wp-content\/uploads\/2023\/09\/309b2e4b-84c5-4960-9478-c4ef9aeebf96.jpg\" alt=\"\" class=\"wp-image-53430\" srcset=\"https:\/\/lestracesdelinfo.com\/wp-content\/uploads\/2023\/09\/309b2e4b-84c5-4960-9478-c4ef9aeebf96.jpg 1000w, https:\/\/lestracesdelinfo.com\/wp-content\/uploads\/2023\/09\/309b2e4b-84c5-4960-9478-c4ef9aeebf96-300x169.jpg 300w, https:\/\/lestracesdelinfo.com\/wp-content\/uploads\/2023\/09\/309b2e4b-84c5-4960-9478-c4ef9aeebf96-768x432.jpg 768w\" sizes=\"auto, (max-width: 1000px) 100vw, 1000px\" \/><\/figure>\n\n\n\n<p><strong>L\u2019Auberge de Thiorphy de Bogh\u00e9<\/strong> a abrit\u00e9 du 5 au 7septembre 2023, un atelier de Rencontre \/ Synergie et de formation sur la derni\u00e8re loi d\u2019orientation sur l\u2019\u00e9ducation en<strong> Mauritanie<\/strong> au profit des membres de l\u2019AMP et des repr\u00e9sentants des comit\u00e9s locaux CV avec l\u2019appui de World Vision (Mauritanie).<\/p>\n\n\n\n<p>&nbsp;Mr <strong>Mohamed Diallo<\/strong> pr\u00e9sident de l\u2019association mauritanienne pour le plaidoyer et Mr <strong>Adama Sidib\u00e9<\/strong> du plaidoyer national de World Vision (BN) bureau national ont pr\u00e9sid\u00e9 l\u2019atelier de rencontre \/synergie et de formation sur la derni\u00e8re loi d\u2019orientation sur l\u2019\u00e9ducation en RIM.<\/p>\n\n\n\n<p>\u00a0L\u2019initiative \u00e9mane de l\u2019association Mauritanienne pour le Plaidoyer (AMP).<\/p>\n\n\n\n<figure class=\"wp-block-image size-full\"><img loading=\"lazy\" decoding=\"async\" width=\"1000\" height=\"563\" src=\"https:\/\/lestracesdelinfo.com\/wp-content\/uploads\/2023\/09\/a7fcb505-c8ad-4e69-8707-9aeb6ddd0635.jpg\" alt=\"\" class=\"wp-image-53432\" srcset=\"https:\/\/lestracesdelinfo.com\/wp-content\/uploads\/2023\/09\/a7fcb505-c8ad-4e69-8707-9aeb6ddd0635.jpg 1000w, https:\/\/lestracesdelinfo.com\/wp-content\/uploads\/2023\/09\/a7fcb505-c8ad-4e69-8707-9aeb6ddd0635-300x169.jpg 300w, https:\/\/lestracesdelinfo.com\/wp-content\/uploads\/2023\/09\/a7fcb505-c8ad-4e69-8707-9aeb6ddd0635-768x432.jpg 768w\" sizes=\"auto, (max-width: 1000px) 100vw, 1000px\" \/><\/figure>\n\n\n\n<p>40 personnes participent \u00e0 l\u2019atelier de rencontre de Bogh\u00e9 dont 17 sont issues de l\u2019association mauritanienne pour le plaidoyer, 14 autres sont des repr\u00e9sentants des comit\u00e9s locaux CVA\u00a0\u00a0 et 9 sont des responsables clusters de WORLD VISION.<\/p>\n\n\n\n<figure class=\"wp-block-image size-full\"><img loading=\"lazy\" decoding=\"async\" width=\"1000\" height=\"563\" src=\"https:\/\/lestracesdelinfo.com\/wp-content\/uploads\/2023\/09\/a7fcb505-c8ad-4e69-8707-9aeb6ddd0635-1.jpg\" alt=\"\" class=\"wp-image-53433\" srcset=\"https:\/\/lestracesdelinfo.com\/wp-content\/uploads\/2023\/09\/a7fcb505-c8ad-4e69-8707-9aeb6ddd0635-1.jpg 1000w, https:\/\/lestracesdelinfo.com\/wp-content\/uploads\/2023\/09\/a7fcb505-c8ad-4e69-8707-9aeb6ddd0635-1-300x169.jpg 300w, https:\/\/lestracesdelinfo.com\/wp-content\/uploads\/2023\/09\/a7fcb505-c8ad-4e69-8707-9aeb6ddd0635-1-768x432.jpg 768w\" sizes=\"auto, (max-width: 1000px) 100vw, 1000px\" \/><\/figure>\n\n\n\n<p>Apr\u00e8s la c\u00e9r\u00e9monie d\u2019ouverture, les allocutions, La premi\u00e8re journ\u00e9e et la deuxi\u00e8me journ\u00e9e de l\u2019atelier sont consacr\u00e9es \u00e0 la pr\u00e9sentation des rapports d\u2019activit\u00e9s des comit\u00e9s locaux et des membres de l\u2019AMP (association mauritanienne pour le plaidoyer). \u00a0\u00a0La derni\u00e8re journ\u00e9e a \u00e9t\u00e9 consacr\u00e9e \u00e0 la formation des 40 s\u00e9minaristes\u00a0 \u00a0sur la loi d\u2019orientation (Brainstorming sur la loi) et des d\u00e9bats- expos\u00e9s tr\u00e8s pertinents et riches sur les dispositions g\u00e9n\u00e9rales de la loi d\u2019orientation, des expos\u00e9s \u2013 d\u00e9bats sur les principes de l\u2019\u00e9ducation, des expos\u00e9s- d\u00e9bats sur les missions de l\u2019\u00e9cole, de l\u2019enseignement des langues nationales et en fin des expos\u00e9s- d\u00e9bats sur de la communaut\u00e9 \u00e9ducative.<\/p>\n\n\n\n<figure class=\"wp-block-image size-large\"><img loading=\"lazy\" decoding=\"async\" width=\"1024\" height=\"576\" src=\"https:\/\/lestracesdelinfo.com\/wp-content\/uploads\/2023\/09\/2772c328-36e5-4c91-9747-3a5ac6c23e56-1024x576.jpg\" alt=\"\" class=\"wp-image-53434\" srcset=\"https:\/\/lestracesdelinfo.com\/wp-content\/uploads\/2023\/09\/2772c328-36e5-4c91-9747-3a5ac6c23e56-1024x576.jpg 1024w, https:\/\/lestracesdelinfo.com\/wp-content\/uploads\/2023\/09\/2772c328-36e5-4c91-9747-3a5ac6c23e56-300x169.jpg 300w, https:\/\/lestracesdelinfo.com\/wp-content\/uploads\/2023\/09\/2772c328-36e5-4c91-9747-3a5ac6c23e56-768x432.jpg 768w, https:\/\/lestracesdelinfo.com\/wp-content\/uploads\/2023\/09\/2772c328-36e5-4c91-9747-3a5ac6c23e56.jpg 1080w\" sizes=\"auto, (max-width: 1024px) 100vw, 1024px\" \/><\/figure>\n\n\n\n<p>Enfin, rappelons que les s\u00e9minaristes sont tous issus des repr\u00e9sentants des comit\u00e9s (CVA) de <strong>Nouakchott, D\u2019Aleg, de Bogh\u00e9, Babab\u00e9, Mbagne, keadi, Bark\u00e9ole, kiffa, Gu\u00e9rou et de Kankossa<\/strong>.<\/p>\n\n\n\n<figure class=\"wp-block-image size-full\"><img loading=\"lazy\" decoding=\"async\" width=\"563\" height=\"1000\" src=\"https:\/\/lestracesdelinfo.com\/wp-content\/uploads\/2023\/09\/0b240c26-8ed9-4b47-9573-b208135b1cce.jpg\" alt=\"\" class=\"wp-image-53435\" srcset=\"https:\/\/lestracesdelinfo.com\/wp-content\/uploads\/2023\/09\/0b240c26-8ed9-4b47-9573-b208135b1cce.jpg 563w, https:\/\/lestracesdelinfo.com\/wp-content\/uploads\/2023\/09\/0b240c26-8ed9-4b47-9573-b208135b1cce-169x300.jpg 169w\" sizes=\"auto, (max-width: 563px) 100vw, 563px\" \/><\/figure>\n\n\n\n<p>A la c\u00e9r\u00e9monie de cl\u00f4ture, nous avons tendu le micro aux s\u00e9minaristes, ils ont \u00e0 l\u2019unanimit\u00e9 remerci\u00e9 leurs formateurs\u00a0: <strong><em>Mohamed Abdallah Moussa<\/em><\/strong> et <strong><em>Mohamedou Diallo<\/em><\/strong> de leurs expertises<\/p>\n\n\n\n<figure class=\"wp-block-image size-full\"><img loading=\"lazy\" decoding=\"async\" width=\"563\" height=\"1000\" src=\"https:\/\/lestracesdelinfo.com\/wp-content\/uploads\/2023\/09\/b7d27cc3-03a5-4e1b-96d0-050ed42ba429.jpg\" alt=\"\" class=\"wp-image-53436\" srcset=\"https:\/\/lestracesdelinfo.com\/wp-content\/uploads\/2023\/09\/b7d27cc3-03a5-4e1b-96d0-050ed42ba429.jpg 563w, https:\/\/lestracesdelinfo.com\/wp-content\/uploads\/2023\/09\/b7d27cc3-03a5-4e1b-96d0-050ed42ba429-169x300.jpg 169w\" sizes=\"auto, (max-width: 563px) 100vw, 563px\" \/><\/figure>\n\n\n\n<p>\u00a0 \u00a0\u00a0\u00a0\u00a0<strong>\u00a0Diop Mohamedou Abou dit HBodiel (les traces de l\u2019info<\/strong><\/p>\n","protected":false},"excerpt":{"rendered":"<p>L\u2019Auberge de Thiorphy de Bogh\u00e9 a abrit\u00e9 du 5 au 7septembre 2023, un atelier de Rencontre \/ Synergie et de formation sur la derni\u00e8re loi d\u2019orientation sur l\u2019\u00e9ducation en Mauritanie au profit des membres de l\u2019AMP et des repr\u00e9sentants des comit\u00e9s locaux CV avec l\u2019appui de World Vision (Mauritanie). &nbsp;Mr Mohamed Diallo pr\u00e9sident de l\u2019association [&hellip;]<\/p>\n","protected":false},"author":2,"featured_media":53431,"comment_status":"open","ping_status":"open","sticky":false,"template":"","format":"standard","meta":{"footnotes":""},"categories":[1],"tags":[],"class_list":["post-53429","post","type-post","status-publish","format-standard","has-post-thumbnail","hentry","category-aucun"],"_links":{"self":[{"href":"https:\/\/lestracesdelinfo.com\/index.php\/wp-json\/wp\/v2\/posts\/53429","targetHints":{"allow":["GET"]}}],"collection":[{"href":"https:\/\/lestracesdelinfo.com\/index.php\/wp-json\/wp\/v2\/posts"}],"about":[{"href":"https:\/\/lestracesdelinfo.com\/index.php\/wp-json\/wp\/v2\/types\/post"}],"author":[{"embeddable":true,"href":"https:\/\/lestracesdelinfo.com\/index.php\/wp-json\/wp\/v2\/users\/2"}],"replies":[{"embeddable":true,"href":"https:\/\/lestracesdelinfo.com\/index.php\/wp-json\/wp\/v2\/comments?post=53429"}],"version-history":[{"count":1,"href":"https:\/\/lestracesdelinfo.com\/index.php\/wp-json\/wp\/v2\/posts\/53429\/revisions"}],"predecessor-version":[{"id":53437,"href":"https:\/\/lestracesdelinfo.com\/index.php\/wp-json\/wp\/v2\/posts\/53429\/revisions\/53437"}],"wp:featuredmedia":[{"embeddable":true,"href":"https:\/\/lestracesdelinfo.com\/index.php\/wp-json\/wp\/v2\/media\/53431"}],"wp:attachment":[{"href":"https:\/\/lestracesdelinfo.com\/index.php\/wp-json\/wp\/v2\/media?parent=53429"}],"wp:term":[{"taxonomy":"category","embeddable":true,"href":"https:\/\/lestracesdelinfo.com\/index.php\/wp-json\/wp\/v2\/categories?post=53429"},{"taxonomy":"post_tag","embeddable":true,"href":"https:\/\/lestracesdelinfo.com\/index.php\/wp-json\/wp\/v2\/tags?post=53429"}],"curies":[{"name":"wp","href":"https:\/\/api.w.org\/{rel}","templated":true}]}}