{"id":53473,"date":"2023-09-10T08:22:59","date_gmt":"2023-09-10T08:22:59","guid":{"rendered":"https:\/\/lestracesdelinfo.com\/?p=53473"},"modified":"2023-09-10T08:29:33","modified_gmt":"2023-09-10T08:29:33","slug":"candidature-de-benno-pour-la-presidentielle-de-2024-amadou-ba-le-choix-du-chef","status":"publish","type":"post","link":"https:\/\/lestracesdelinfo.com\/index.php\/2023\/09\/10\/candidature-de-benno-pour-la-presidentielle-de-2024-amadou-ba-le-choix-du-chef\/","title":{"rendered":"Candidature de Benno pour la Pr\u00e9sidentielle de 2024 : Amadou Ba le choix du chef"},"content":{"rendered":"\n<p><a href=\"https:\/\/lequotidien.sn\/author\/aicha\/\">Lequotidie<\/a>n<\/p>\n\n\n\n<figure class=\"wp-block-image\"><img decoding=\"async\" src=\"https:\/\/lequotidien.sn\/wp-content\/uploads\/2023\/07\/amadou-ba-finance-islamique-2-978x652.jpg\" alt=\"\"\/><\/figure>\n\n\n\n<p>Amadou Ba est le choix de Macky pour la coalition Benno pour la Pr\u00e9sidentielle de 2024! Qui l\u2019eut cru ? Presque tout le monde. Premier ministre, Amadou Ba s\u2019est impos\u00e9 comme l\u2019unique solution en d\u00e9pit des vell\u00e9it\u00e9s des autres pr\u00e9tendants \u00e0 l\u2019investiture pr\u00e9sidentielle. Donc, ce fut un long et faux suspense pour ceux qui connaissaient les dessous de ce choix. Si le d\u00e9part de M. Aly Ngouille Ndiaye est act\u00e9, la d\u00e9cision de Macky risque de provoquer quelques r\u00e9sistances notamment dans les rangs de son propre parti, l\u2019Alliance pour la R\u00e9publique (Apr). Pour les alli\u00e9s, ce ne sera pas une pilule \u00e0 avaler. Ils ont souscrit \u00e0 la d\u00e9cision car Moustapha Niasse a \u00e9t\u00e9 le logiciel choisi pour \u00e9valuer les diff\u00e9rents profils. Aminata Mbengue Ndiaye n\u2019est pas aussi dans une autre logique. Pour Amadou Ba, le plus dur commence : consolider les rangs de Bby, garder le pouvoir et faire face \u00e0 l\u2019opposition qui a trouv\u00e9 sa cible. Il reste une derni\u00e8re question : va-t-il rester Premier ministre alors que le remaniement est devenu une \u00e9vidence ?<\/p>\n\n\n\n<p>france 24<\/p>\n\n\n\n<p>Le pr\u00e9sident s\u00e9n\u00e9galais&nbsp;<a href=\"https:\/\/www.france24.com\/fr\/tag\/macky-sall\/\">Macky Sall<\/a>&nbsp;a d\u00e9sign\u00e9 samedi 9 septembre son Premier ministre Amadou Ba comme candidat de son camp \u00e0 la pr\u00e9sidentielle de f\u00e9vrier 2024, totalement ind\u00e9cise.<\/p>\n\n\n\n<p>Amadou Ba, 62 ans, a moins de six mois pour convaincre les S\u00e9n\u00e9galais de lui confier la direction du pays apr\u00e8s des ann\u00e9es \u00e9conomiques et politiques difficiles, mais avec l&rsquo;espoir de tirer profit des nouveaux revenus p\u00e9troliers et gaziers \u00e0 partir de 2024.<\/p>\n\n\n\n<p>Le pr\u00e9sident Sall l&rsquo;a ouvertement charg\u00e9, s&rsquo;il est \u00e9lu, de poursuivre sa politique de grands chantiers visant \u00e0 d\u00e9velopper le pays et le sortir de la pauvret\u00e9. Mais Amadou Ba risque pour cela de devoir affronter la concurrence dans son propre camp, la fin pr\u00e9vue des ann\u00e9es Macky Sall ayant attis\u00e9 les convoitises.&nbsp;<\/p>\n\n\n\n<p>Macky Sall, \u00e9lu en 2012 et r\u00e9\u00e9lu en 2019, a annonc\u00e9 en juillet qu&rsquo;il ne briguerait pas un troisi\u00e8me mandat. Il avait maintenu pendant des mois l&rsquo;incertitude sur une \u00e9ventualit\u00e9 qui soulevait les objections constitutionnelles d&rsquo;un grand nombre et qui passe pour avoir nourri de vives tensions dans un pays par ailleurs consid\u00e9r\u00e9 comme un p\u00f4le de stabilit\u00e9 dans une r\u00e9gion troubl\u00e9e.<\/p>\n\n\n\n<h2 class=\"wp-block-heading\">Exp\u00e9rience<\/h2>\n\n\n\n<p>Le camp de Macky Sall a alors donn\u00e9 carte blanche au pr\u00e9sident pour choisir un candidat. Macky Sall a attendu deux mois pour trancher parmi une dizaine de candidatures d\u00e9clar\u00e9es. Parmi elles, Amadou Ba faisait partie des favoris.<\/p>\n\n\n\n<p>Amadou Ba avait pour lui son exp\u00e9rience : chef du gouvernement depuis septembre 2022, ministre des Affaires \u00e9trang\u00e8res jusqu&rsquo;en 2020, et auparavant parmi les premiers r\u00f4les pour mettre en \u0153uvre le plan d&rsquo;\u00e9mergence \u00e9conomique du pr\u00e9sident en sa qualit\u00e9 de ministre de l&rsquo;\u00c9conomie et des Finances de 2013 \u00e0 2019.<\/p>\n\n\n\n<p>Macky Sall a fini par r\u00e9unir les chefs de sa coalition au palais pr\u00e9sidentiel samedi apr\u00e8s-midi pour d\u00e9livrer le verdict qui tenait la classe politique en haleine. \u00ab\u00a0Nous avons retenu Monsieur Amadou Ba, actuel Premier ministre, comme candidat de Benno Bokk Yakaar (BBK, la coalition gouvernementale) et de la grande majorit\u00e9 pr\u00e9sidentielle\u00a0\u00bb, a-t-il dit dans un message lu en sa pr\u00e9sence par son Haut repr\u00e9sentant, Moustapha Niasse. Amadou Ba \u00ab\u00a0pourrait \u00eatre un leader rassembleur\u00a0\u00bb au-del\u00e0 de la coalition, et \u00ab\u00a0il conna\u00eet \u00e9galement tr\u00e8s bien le plan&nbsp;<a href=\"https:\/\/www.france24.com\/fr\/tag\/s%C3%A9n%C3%A9gal\/\">S\u00e9n\u00e9gal<\/a>&nbsp;\u00e9mergent pour assurer la poursuite des politiques \u00e9conomiques, sociales et environnementales\u00a0\u00bb, a-t-il ajout\u00e9.<\/p>\n\n\n\n<h2 class=\"wp-block-heading\">\u00ab\u00a0Choix coh\u00e9rent\u00a0\u00bb<\/h2>\n\n\n\n<p>Le chef de l&rsquo;\u00c9tat a invoqu\u00e9 la diversit\u00e9 du parcours d&rsquo;Amadou Ba, inspecteur des imp\u00f4ts sorti de l&rsquo;\u00c9cole nationale d&rsquo;administration et de magistrature de Dakar. Il a lou\u00e9 ses \u00ab\u00a0qualit\u00e9s d&rsquo;humilit\u00e9, d&rsquo;\u00e9coute\u00a0\u00bb.<\/p>\n\n\n\n<p>La connaissance des dossiers, le langage polic\u00e9 d&rsquo;Amadou Ba, pas coutumier des controverses, passent pour inspirer la confiance des partenaires, y compris \u00e9trangers. Il est aussi cr\u00e9dit\u00e9 d&rsquo;un r\u00e9seau tr\u00e8s dense, y compris chez les chefs religieux, tr\u00e8s influents.<\/p>\n\n\n\n<p>La d\u00e9signation d&rsquo;Amadou Ba a \u00e9t\u00e9 ent\u00e9rin\u00e9e par la r\u00e9union des leaders de la coalition autour de Macky Sall et en direct \u00e0 la t\u00e9l\u00e9vision nationale. Benno Bokk Yakaar a publi\u00e9 sur les r\u00e9seaux sociaux une photo d&rsquo;Amadou Ba, pr\u00e9sent\u00e9 comme \u00ab\u00a0le candidat de BBY\u00a0\u00bb et \u00ab\u00a0le choix coh\u00e9rent pour une victoire d\u00e8s le premier tour\u00a0\u00bb. La d\u00e9signation d&rsquo;Amadou Ba devrait appeler rapidement un remaniement minist\u00e9riel.<\/p>\n\n\n\n<h2 class=\"wp-block-heading\">Le ministre de l&rsquo;Agriculture d\u00e9missionne<\/h2>\n\n\n\n<p><strong>Le r\u00e9sum\u00e9 de la semaine<\/strong>France 24 \/ <\/p>\n\n\n\n<p>La d\u00e9cision du pr\u00e9sident Sall risque cependant de nourrir certaines amertumes. L&rsquo;actuel ministre de l&rsquo;Agriculture, Aly Ngouille Ndiaye, un des pr\u00e9tendants \u00e0 l&rsquo;investiture, a pr\u00e9venu pr\u00e9alablement qu&rsquo;il ne se d\u00e9sisterait pas. Il a annonc\u00e9 sa d\u00e9mission du gouvernement sur les r\u00e9seaux sociaux samedi soir. Il est temps pour lui \u00ab\u00a0de relever de nouveaux d\u00e9fis\u00a0\u00bb, a-t-il dit.<\/p>\n\n\n\n<p>La candidature d&rsquo;Amadou Ba \u00ab\u00a0est la seule et unique candidature de Benno Bokk Yakaar\u00a0\u00bb, a pr\u00e9venu Macky Sall. \u00ab\u00a0Je lance un appel vibrant pour l&rsquo;unit\u00e9 \u00e0 tous les candidats \u00e0 la candidature\u00a0\u00bb, a-t-il ajout\u00e9.<\/p>\n\n\n\n<p>En tout, une trentaine de candidatures sont d\u00e9clar\u00e9es pour la pr\u00e9sidentielle du 25 f\u00e9vrier 2024. La collecte des parrainages doit commencer fin septembre. Le Conseil constitutionnel validera ou invalidera les candidatures fin d\u00e9cembre.<\/p>\n\n\n\n<p>Avec le renoncement de Macky Sall, mais aussi l&rsquo;incarc\u00e9ration de l&rsquo;opposant&nbsp;<a href=\"https:\/\/www.france24.com\/fr\/tag\/ousmane-sonko\/\">Ousmane Sonko<\/a>, les S\u00e9n\u00e9galais sont plong\u00e9s dans un flou sans pr\u00e9c\u00e9dent quant au nom de leur futur pr\u00e9sident.<\/p>\n\n\n\n<p><em>Avec AFP<\/em><\/p>\n\n\n\n<p><a href=\"https:\/\/www.facebook.com\/dialog\/share?app_id=121241974571942&amp;href=https%3A%2F%2Ff24.my%2F9m7B.F&amp;redirect_uri=https%3A%2F%2Fwww.france24.com%2Ffr%2Fafrique%2F20230909-pr%25C3%25A9sidentielle-au-s%25C3%25A9n%25C3%25A9gal-le-premier-ministre-amadou-ba-candidat-officiel-du-camp-pr%25C3%25A9sidentiel&amp;locale=fr_FR\" target=\"_blank\" rel=\"noreferrer noopener\"><\/a><a href=\"https:\/\/twitter.com\/intent\/tweet?url=https%3A%2F%2Ff24.my%2F9m7B.T&amp;via=FRANCE24&amp;related=France24_fr&amp;text=Pr%C3%A9sidentielle%20au%20S%C3%A9n%C3%A9gal%20%3A%20le%20Premier%20ministre%20Amadou%20Ba%20candidat%20officiel%20du%20camp%20pr%C3%A9sidentiel&amp;lang=fr\" target=\"_blank\" rel=\"noreferrer noopener\"><\/a><a href=\"https:\/\/web.whatsapp.com\/send?text=Pr%C3%A9sidentielle%20au%20S%C3%A9n%C3%A9gal%20%3A%20le%20Premier%20ministre%20Amadou%20Ba%20candidat%20officiel%20du%20camp%20pr%C3%A9sidentiel%20-%20https%3A%2F%2Ff24.my%2F9m7B.W\" target=\"_blank\" rel=\"noreferrer noopener\"><\/a><\/p>\n","protected":false},"excerpt":{"rendered":"<p>Lequotidien Amadou Ba est le choix de Macky pour la coalition Benno pour la Pr\u00e9sidentielle de 2024! Qui l\u2019eut cru ? Presque tout le monde. Premier ministre, Amadou Ba s\u2019est impos\u00e9 comme l\u2019unique solution en d\u00e9pit des vell\u00e9it\u00e9s des autres pr\u00e9tendants \u00e0 l\u2019investiture pr\u00e9sidentielle. Donc, ce fut un long et faux suspense pour ceux qui [&hellip;]<\/p>\n","protected":false},"author":2,"featured_media":53474,"comment_status":"open","ping_status":"open","sticky":false,"template":"","format":"standard","meta":{"footnotes":""},"categories":[1],"tags":[],"class_list":["post-53473","post","type-post","status-publish","format-standard","has-post-thumbnail","hentry","category-aucun"],"_links":{"self":[{"href":"https:\/\/lestracesdelinfo.com\/index.php\/wp-json\/wp\/v2\/posts\/53473","targetHints":{"allow":["GET"]}}],"collection":[{"href":"https:\/\/lestracesdelinfo.com\/index.php\/wp-json\/wp\/v2\/posts"}],"about":[{"href":"https:\/\/lestracesdelinfo.com\/index.php\/wp-json\/wp\/v2\/types\/post"}],"author":[{"embeddable":true,"href":"https:\/\/lestracesdelinfo.com\/index.php\/wp-json\/wp\/v2\/users\/2"}],"replies":[{"embeddable":true,"href":"https:\/\/lestracesdelinfo.com\/index.php\/wp-json\/wp\/v2\/comments?post=53473"}],"version-history":[{"count":2,"href":"https:\/\/lestracesdelinfo.com\/index.php\/wp-json\/wp\/v2\/posts\/53473\/revisions"}],"predecessor-version":[{"id":53477,"href":"https:\/\/lestracesdelinfo.com\/index.php\/wp-json\/wp\/v2\/posts\/53473\/revisions\/53477"}],"wp:featuredmedia":[{"embeddable":true,"href":"https:\/\/lestracesdelinfo.com\/index.php\/wp-json\/wp\/v2\/media\/53474"}],"wp:attachment":[{"href":"https:\/\/lestracesdelinfo.com\/index.php\/wp-json\/wp\/v2\/media?parent=53473"}],"wp:term":[{"taxonomy":"category","embeddable":true,"href":"https:\/\/lestracesdelinfo.com\/index.php\/wp-json\/wp\/v2\/categories?post=53473"},{"taxonomy":"post_tag","embeddable":true,"href":"https:\/\/lestracesdelinfo.com\/index.php\/wp-json\/wp\/v2\/tags?post=53473"}],"curies":[{"name":"wp","href":"https:\/\/api.w.org\/{rel}","templated":true}]}}