{"id":53481,"date":"2023-09-11T08:52:41","date_gmt":"2023-09-11T08:52:41","guid":{"rendered":"https:\/\/lestracesdelinfo.com\/?p=53481"},"modified":"2023-09-11T09:53:18","modified_gmt":"2023-09-11T09:53:18","slug":"presidentielle-au-senegal-amadou-ba-candidat-designe-de-la-majorite-fera-t-il-lunanimite","status":"publish","type":"post","link":"https:\/\/lestracesdelinfo.com\/index.php\/2023\/09\/11\/presidentielle-au-senegal-amadou-ba-candidat-designe-de-la-majorite-fera-t-il-lunanimite\/","title":{"rendered":"Pr\u00e9sidentielle au S\u00e9n\u00e9gal: Amadou Ba, candidat d\u00e9sign\u00e9 de la majorit\u00e9, fera-t-il l\u2019unanimit\u00e9?"},"content":{"rendered":"\n<p>Au S\u00e9n\u00e9gal, c\u2019est l\u2019actuel Premier ministre Amadou Ba qui a \u00e9t\u00e9 choisi, samedi 9 septembre, en fin de journ\u00e9e, par la coalition de la majorit\u00e9 Benno Bokk Yaakaar pour la course \u00e0 la pr\u00e9sidentielle de f\u00e9vrier 2024. Il est d\u00e9sign\u00e9 comme \u00e9tant un \u00ab&nbsp;<em>leader rassembleur au sein de son parti, de la coalition et au-del\u00e0<\/em>. \u00bb<\/p>\n\n\n\n<p>RFI<\/p>\n\n\n\n<figure class=\"wp-block-image\"><img decoding=\"async\" src=\"https:\/\/s.rfi.fr\/media\/display\/f9bb9d56-368b-11ed-8243-005056bfa79e\/w:980\/p:16x9\/000_1P18GQ.jpg\" alt=\"Amadou Ba lorsqu'il \u00e9tait encore ministre des Affaires \u00e9trang\u00e8res, le16 f\u00e9vrier 2020 \"\/><figcaption class=\"wp-element-caption\">Amadou Ba lorsqu&rsquo;il \u00e9tait encore ministre des Affaires \u00e9trang\u00e8res, le16 f\u00e9vrier 2020&nbsp;AFP &#8211; ANDREW CABALLERO-REYNOLDS<\/figcaption><\/figure>\n\n\n\n<p><em>Avec notre correspondante \u00e0 Dakar,<\/em>&nbsp;<strong>Th\u00e9a Ollivier<\/strong><\/p>\n\n\n\n<p>Apr\u00e8s l\u2019annonce solennelle du choix port\u00e9 sur Amadou Ba pour repr\u00e9senter la coalition du pr\u00e9sident Macky Sall, en f\u00e9vrier 2024, place aux discussions entre repr\u00e9sentants de Benno Book Yaakar.<\/p>\n\n\n\n<p>Pour Pape Mahawa Diouf, coordonnateur de la cellule Communication de la coalition, cette candidature n\u2019est pas une surprise&nbsp;:&nbsp;<em>\u00ab&nbsp;L\u2019exp\u00e9rience est ressortie, le profil rassembleur pour cr\u00e9er une synergie au c\u0153ur de la coalition mais \u00e9galement les arguments de l\u2019homme, l\u2019homme d\u2019\u00c9tat, pour convaincre que, lui, serait le plus \u00e0 m\u00eame de poursuivre les r\u00e9sultats impressionnants et le bilan colossal du pr\u00e9sident Macky Sall<\/em>.&nbsp;\u00bb<\/p>\n\n\n\n<p>L\u2019homme de 62 ans a cumul\u00e9 diff\u00e9rentes fonctions. Actuel Premier ministre, il a \u00e9t\u00e9 ministre des Affaires \u00e9trang\u00e8res, ministre de l\u2019Economie et des Finances, a pilot\u00e9 le plan S\u00e9n\u00e9gal \u00e9mergent et il a \u00e9t\u00e9 t\u00eate de liste de Dakar pour les l\u00e9gislatives de 2017.<\/p>\n\n\n\n<p>Pour El Malick Diop, porte-parole du parti Alliance des forces du progr\u00e8s et vice-pr\u00e9sident de l\u2019Assembl\u00e9e nationale, il est donc le candidat id\u00e9al&nbsp;: \u00ab&nbsp;<em>Amadou Ba est tr\u00e8s connu des S\u00e9n\u00e9galais et au niveau national \u00e9galement. Il a beaucoup d\u2019entr\u00e9es dans quasiment tous les milieux, les milieux religieux, les milieux sociaux, etc\u2026 Il est tr\u00e8s aim\u00e9 de la jeunesse, donc c\u2019est un excellent candidat<\/em>.&nbsp;\u00bb&nbsp;<\/p>\n\n\n\n<p>Mais l\u2019homme politique ne fait pas l\u2019unanimit\u00e9 au sein de la coalition qui est alors fragilis\u00e9e et l\u2019enjeu sera de faire l\u2019unanimit\u00e9 et de garder ainsi une coalition unie. On lui reproche par exemple de ne pas \u00eatre un militant de terrain.<\/p>\n\n\n\n<p>Par ailleurs, Aly Ngouille Ndiaye, ministre de l\u2019Agriculture qui s\u2019\u00e9tait positionn\u00e9 pour \u00eatre le candidat de Benno Book Yaakar, a d\u00e9j\u00e0 d\u00e9missionn\u00e9 du gouvernement, d\u00e8s samedi 9 septembre au soir, pour montrer son d\u00e9saccord.<\/p>\n","protected":false},"excerpt":{"rendered":"<p>Au S\u00e9n\u00e9gal, c\u2019est l\u2019actuel Premier ministre Amadou Ba qui a \u00e9t\u00e9 choisi, samedi 9 septembre, en fin de journ\u00e9e, par la coalition de la majorit\u00e9 Benno Bokk Yaakaar pour la course \u00e0 la pr\u00e9sidentielle de f\u00e9vrier 2024. Il est d\u00e9sign\u00e9 comme \u00e9tant un \u00ab&nbsp;leader rassembleur au sein de son parti, de la coalition et au-del\u00e0. [&hellip;]<\/p>\n","protected":false},"author":2,"featured_media":53482,"comment_status":"open","ping_status":"open","sticky":false,"template":"","format":"standard","meta":{"footnotes":""},"categories":[1],"tags":[],"class_list":["post-53481","post","type-post","status-publish","format-standard","has-post-thumbnail","hentry","category-aucun"],"_links":{"self":[{"href":"https:\/\/lestracesdelinfo.com\/index.php\/wp-json\/wp\/v2\/posts\/53481","targetHints":{"allow":["GET"]}}],"collection":[{"href":"https:\/\/lestracesdelinfo.com\/index.php\/wp-json\/wp\/v2\/posts"}],"about":[{"href":"https:\/\/lestracesdelinfo.com\/index.php\/wp-json\/wp\/v2\/types\/post"}],"author":[{"embeddable":true,"href":"https:\/\/lestracesdelinfo.com\/index.php\/wp-json\/wp\/v2\/users\/2"}],"replies":[{"embeddable":true,"href":"https:\/\/lestracesdelinfo.com\/index.php\/wp-json\/wp\/v2\/comments?post=53481"}],"version-history":[{"count":1,"href":"https:\/\/lestracesdelinfo.com\/index.php\/wp-json\/wp\/v2\/posts\/53481\/revisions"}],"predecessor-version":[{"id":53483,"href":"https:\/\/lestracesdelinfo.com\/index.php\/wp-json\/wp\/v2\/posts\/53481\/revisions\/53483"}],"wp:featuredmedia":[{"embeddable":true,"href":"https:\/\/lestracesdelinfo.com\/index.php\/wp-json\/wp\/v2\/media\/53482"}],"wp:attachment":[{"href":"https:\/\/lestracesdelinfo.com\/index.php\/wp-json\/wp\/v2\/media?parent=53481"}],"wp:term":[{"taxonomy":"category","embeddable":true,"href":"https:\/\/lestracesdelinfo.com\/index.php\/wp-json\/wp\/v2\/categories?post=53481"},{"taxonomy":"post_tag","embeddable":true,"href":"https:\/\/lestracesdelinfo.com\/index.php\/wp-json\/wp\/v2\/tags?post=53481"}],"curies":[{"name":"wp","href":"https:\/\/api.w.org\/{rel}","templated":true}]}}