{"id":53484,"date":"2023-09-11T09:47:46","date_gmt":"2023-09-11T09:47:46","guid":{"rendered":"https:\/\/lestracesdelinfo.com\/?p=53484"},"modified":"2023-09-11T09:47:50","modified_gmt":"2023-09-11T09:47:50","slug":"le-sommet-du-g20-en-inde-integre-lunion-africaine","status":"publish","type":"post","link":"https:\/\/lestracesdelinfo.com\/index.php\/2023\/09\/11\/le-sommet-du-g20-en-inde-integre-lunion-africaine\/","title":{"rendered":"Le sommet du G20 en Inde int\u00e8gre l\u2019Union Africaine"},"content":{"rendered":"\n<p><a href=\"https:\/\/mondafrique.com\/author\/nicolas\/\">Nicolas Beau<\/a><\/p>\n\n\n\n<figure class=\"wp-block-image\"><a href=\"https:\/\/mondafrique.com\/wp-content\/uploads\/2023\/09\/2363CCFM7NC2HETQKXNU7QPQL4.jpg\"><img decoding=\"async\" src=\"https:\/\/mondafrique.com\/wp-content\/uploads\/2023\/09\/2363CCFM7NC2HETQKXNU7QPQL4-696x464.jpg\" alt=\"\" title=\"INDIA-G20-SUMMIT\"\/><\/a><figcaption class=\"wp-element-caption\">India&rsquo;s Prime Minister Narendra Modi (R) shares a light moment with World Trade Organisation Director-General Ngozi Okonjo-Iweala ahead of the G20 Leaders&rsquo; Summit in New Delhi on September 9, 2023. (Photo by Ludovic MARIN \/ POOL \/ AFP)<\/figcaption><\/figure>\n\n\n\n<p><a rel=\"noreferrer noopener\" href=\"https:\/\/mondafrique.com\/international\/le-sommet-du-g20-en-inde-integre-lunion-africaine\/#\" target=\"_blank\"><\/a><\/p>\n\n\n\n<p><strong>L\u2019Union africaine a officiellement pris place samedi en tant que nouveau membre permanent du G20, \u00ab&nbsp;\u00e0 l\u2019approbation de tous&nbsp;\u00bb et \u00e0 l\u2019invitation de l\u2019h\u00f4te du sommet (qui est l\u2019Inde).<\/strong><\/p>\n\n\n\n<figure class=\"wp-block-image\"><a href=\"https:\/\/mondafrique.com\/wp-content\/uploads\/2023\/09\/le-g20-integre-l-union-africaine-mais-peine-a-avancer-sur-le-climat-et-sur-l-ukraine.jpg\"><img decoding=\"async\" src=\"https:\/\/mondafrique.com\/wp-content\/uploads\/2023\/09\/le-g20-integre-l-union-africaine-mais-peine-a-avancer-sur-le-climat-et-sur-l-ukraine-300x150.jpg\" alt=\"\" class=\"wp-image-96269\"\/><\/a><\/figure>\n\n\n\n<p>Le continent africain n\u2019\u00e9tait jusqu\u2019ici repr\u00e9sent\u00e9 au G20 que par un seul Etat, l\u2019Afrique du Sud.<\/p>\n\n\n\n<p>Cette d\u00e9cision est un retour \u00e0 l\u2019envoyeur apr\u00e8s le sommet de Johannesburg qui avait vu Russes et Chinois mobiliser leurs amis africains&nbsp;&nbsp;<\/p>\n\n\n\n<p>XI Jinping et Poutine ont \u00e9t\u00e9 d\u2019ailleurs absents du sommet du G20).<\/p>\n\n\n\n<p>Le pr\u00e9sident des Comores, le colonel Azali (ex putschiste aid\u00e9 par Paris au grand dam se son opposition) pr\u00e9side l\u2019Union Africaine.<\/p>\n","protected":false},"excerpt":{"rendered":"<p>Nicolas Beau L\u2019Union africaine a officiellement pris place samedi en tant que nouveau membre permanent du G20, \u00ab&nbsp;\u00e0 l\u2019approbation de tous&nbsp;\u00bb et \u00e0 l\u2019invitation de l\u2019h\u00f4te du sommet (qui est l\u2019Inde). Le continent africain n\u2019\u00e9tait jusqu\u2019ici repr\u00e9sent\u00e9 au G20 que par un seul Etat, l\u2019Afrique du Sud. Cette d\u00e9cision est un retour \u00e0 l\u2019envoyeur apr\u00e8s [&hellip;]<\/p>\n","protected":false},"author":2,"featured_media":53485,"comment_status":"open","ping_status":"open","sticky":false,"template":"","format":"standard","meta":{"footnotes":""},"categories":[1],"tags":[],"class_list":["post-53484","post","type-post","status-publish","format-standard","has-post-thumbnail","hentry","category-aucun"],"_links":{"self":[{"href":"https:\/\/lestracesdelinfo.com\/index.php\/wp-json\/wp\/v2\/posts\/53484","targetHints":{"allow":["GET"]}}],"collection":[{"href":"https:\/\/lestracesdelinfo.com\/index.php\/wp-json\/wp\/v2\/posts"}],"about":[{"href":"https:\/\/lestracesdelinfo.com\/index.php\/wp-json\/wp\/v2\/types\/post"}],"author":[{"embeddable":true,"href":"https:\/\/lestracesdelinfo.com\/index.php\/wp-json\/wp\/v2\/users\/2"}],"replies":[{"embeddable":true,"href":"https:\/\/lestracesdelinfo.com\/index.php\/wp-json\/wp\/v2\/comments?post=53484"}],"version-history":[{"count":1,"href":"https:\/\/lestracesdelinfo.com\/index.php\/wp-json\/wp\/v2\/posts\/53484\/revisions"}],"predecessor-version":[{"id":53486,"href":"https:\/\/lestracesdelinfo.com\/index.php\/wp-json\/wp\/v2\/posts\/53484\/revisions\/53486"}],"wp:featuredmedia":[{"embeddable":true,"href":"https:\/\/lestracesdelinfo.com\/index.php\/wp-json\/wp\/v2\/media\/53485"}],"wp:attachment":[{"href":"https:\/\/lestracesdelinfo.com\/index.php\/wp-json\/wp\/v2\/media?parent=53484"}],"wp:term":[{"taxonomy":"category","embeddable":true,"href":"https:\/\/lestracesdelinfo.com\/index.php\/wp-json\/wp\/v2\/categories?post=53484"},{"taxonomy":"post_tag","embeddable":true,"href":"https:\/\/lestracesdelinfo.com\/index.php\/wp-json\/wp\/v2\/tags?post=53484"}],"curies":[{"name":"wp","href":"https:\/\/api.w.org\/{rel}","templated":true}]}}