{"id":53498,"date":"2023-09-11T15:35:30","date_gmt":"2023-09-11T15:35:30","guid":{"rendered":"https:\/\/lestracesdelinfo.com\/?p=53498"},"modified":"2023-09-11T15:35:32","modified_gmt":"2023-09-11T15:35:32","slug":"boghe-don-du-mouvement-pour-un-boghe-emergent-a-la-commune","status":"publish","type":"post","link":"https:\/\/lestracesdelinfo.com\/index.php\/2023\/09\/11\/boghe-don-du-mouvement-pour-un-boghe-emergent-a-la-commune\/","title":{"rendered":"Bogh\u00e9\u00a0: Don du Mouvement pour un Bogh\u00e9 \u00e9mergent \u00e0 la commune"},"content":{"rendered":"\n<figure class=\"wp-block-image size-full\"><img loading=\"lazy\" decoding=\"async\" width=\"1024\" height=\"576\" src=\"https:\/\/lestracesdelinfo.com\/wp-content\/uploads\/2023\/09\/e2a295b0-0bda-42b4-a116-9320d0345b77.jpg\" alt=\"\" class=\"wp-image-53499\" srcset=\"https:\/\/lestracesdelinfo.com\/wp-content\/uploads\/2023\/09\/e2a295b0-0bda-42b4-a116-9320d0345b77.jpg 1024w, https:\/\/lestracesdelinfo.com\/wp-content\/uploads\/2023\/09\/e2a295b0-0bda-42b4-a116-9320d0345b77-300x169.jpg 300w, https:\/\/lestracesdelinfo.com\/wp-content\/uploads\/2023\/09\/e2a295b0-0bda-42b4-a116-9320d0345b77-768x432.jpg 768w\" sizes=\"auto, (max-width: 1024px) 100vw, 1024px\" \/><\/figure>\n\n\n\n<p>Le <strong>Mouvement des jeunes pour un Bogh\u00e9 \u00e9mergent<\/strong> a offert un don de kits alimentaires \u00e0 la Commune de Bogh\u00e9 pour venir en aide aux sinistr\u00e9s des pluies diluviennes qui se sont abattues durant ces deux derniers mois. Il s\u2019agit d\u2019un important lot de produits alimentaires de base (riz, sucre, huile, p\u00e2tes alimentaires) d\u2019un co\u00fbt global de 85445 MRU destin\u00e9 \u00e0 soulager les souffrances de centaines de familles qui vivent sans-abris depuis des semaines. Chaque famille cibl\u00e9e recevra un kit compos\u00e9 d\u2019un sac de25 kg de riz, un sac de 5kg de sucre, un bidon de 5 litres d\u2019huile et un sac de 10 kg de p\u00e2tes alimentaires.\u00a0 Notons que des pluies diluviennes se sont abattues en juin-juillet sur la commune faisant des d\u00e9g\u00e2ts mat\u00e9riels importants notamment dans le quartier des Mousafrines \u00e0 Bogh\u00e9 mais aussi dans les localit\u00e9s environnantes comme Thialgou, Bakaw, Sarandogou, Mballadji entre autres.\u00a0 Des centaines de personnes se sont retrouv\u00e9es sans abris \u00e0 la suite des inondations et se sont vues oblig\u00e9es de louer des maisons ou d\u2019\u00eatre relog\u00e9es dans des abris provisoires ou dans des \u00e9coles.<\/p>\n\n\n\n<figure class=\"wp-block-image size-large\"><img loading=\"lazy\" decoding=\"async\" width=\"1024\" height=\"576\" src=\"https:\/\/lestracesdelinfo.com\/wp-content\/uploads\/2023\/09\/6a311e63-cc96-4c10-96f5-bd0082edb393-1024x576.jpg\" alt=\"\" class=\"wp-image-53500\" srcset=\"https:\/\/lestracesdelinfo.com\/wp-content\/uploads\/2023\/09\/6a311e63-cc96-4c10-96f5-bd0082edb393-1024x576.jpg 1024w, https:\/\/lestracesdelinfo.com\/wp-content\/uploads\/2023\/09\/6a311e63-cc96-4c10-96f5-bd0082edb393-300x169.jpg 300w, https:\/\/lestracesdelinfo.com\/wp-content\/uploads\/2023\/09\/6a311e63-cc96-4c10-96f5-bd0082edb393-768x432.jpg 768w, https:\/\/lestracesdelinfo.com\/wp-content\/uploads\/2023\/09\/6a311e63-cc96-4c10-96f5-bd0082edb393.jpg 1280w\" sizes=\"auto, (max-width: 1024px) 100vw, 1024px\" \/><\/figure>\n\n\n\n<figure class=\"wp-block-image size-full\"><img loading=\"lazy\" decoding=\"async\" width=\"1024\" height=\"576\" src=\"https:\/\/lestracesdelinfo.com\/wp-content\/uploads\/2023\/09\/b87e55ce-8352-445e-9f8f-965521fd4cf9.jpg\" alt=\"\" class=\"wp-image-53501\" srcset=\"https:\/\/lestracesdelinfo.com\/wp-content\/uploads\/2023\/09\/b87e55ce-8352-445e-9f8f-965521fd4cf9.jpg 1024w, https:\/\/lestracesdelinfo.com\/wp-content\/uploads\/2023\/09\/b87e55ce-8352-445e-9f8f-965521fd4cf9-300x169.jpg 300w, https:\/\/lestracesdelinfo.com\/wp-content\/uploads\/2023\/09\/b87e55ce-8352-445e-9f8f-965521fd4cf9-768x432.jpg 768w\" sizes=\"auto, (max-width: 1024px) 100vw, 1024px\" \/><\/figure>\n\n\n\n<figure class=\"wp-block-image size-full\"><img loading=\"lazy\" decoding=\"async\" width=\"1024\" height=\"576\" src=\"https:\/\/lestracesdelinfo.com\/wp-content\/uploads\/2023\/09\/e2a295b0-0bda-42b4-a116-9320d0345b77-1.jpg\" alt=\"\" class=\"wp-image-53502\" srcset=\"https:\/\/lestracesdelinfo.com\/wp-content\/uploads\/2023\/09\/e2a295b0-0bda-42b4-a116-9320d0345b77-1.jpg 1024w, https:\/\/lestracesdelinfo.com\/wp-content\/uploads\/2023\/09\/e2a295b0-0bda-42b4-a116-9320d0345b77-1-300x169.jpg 300w, https:\/\/lestracesdelinfo.com\/wp-content\/uploads\/2023\/09\/e2a295b0-0bda-42b4-a116-9320d0345b77-1-768x432.jpg 768w\" sizes=\"auto, (max-width: 1024px) 100vw, 1024px\" \/><\/figure>\n\n\n\n<p>C\u2019est cette situation alarmante qui a pouss\u00e9 un groupe de jeunes qui militent \u00ab\u00a0pour un Bogh\u00e9 \u00e9mergent\u00a0\u00bb \u00e0 se joindre aux efforts des pouvoirs publics et des organisations de la soci\u00e9t\u00e9 civile nationale ou internationale pour venir au secours de ces populations vuln\u00e9rables. La diaspora int\u00e9rieure et ext\u00e9rieure issue du mouvement a aussit\u00f4t mobilis\u00e9 une cagnotte globale de 104700 MRU pour la circonstance. N\u00e9e au lendemain des derni\u00e8res \u00e9lections locales, ce mouvement rassemble des jeunes issus d\u2019horizons divers qui ont pris conscience des multiples d\u00e9fis \u00e0 relever notamment en mati\u00e8re de d\u00e9veloppement local. Un groupe de r\u00e9flexion est mis en place pour d\u00e9finir les priorit\u00e9s et \u00e9laborer des strat\u00e9gies de r\u00e9ponses face aux probl\u00e8mes qui se posent \u00e0 la commune.<\/p>\n\n\n\n<p>Notons que la c\u00e9r\u00e9monie de r\u00e9ception de ce don a \u00e9t\u00e9 pr\u00e9sid\u00e9e par le Maire B\u00e2 Adama Moussa en pr\u00e9sence de ses adjoints (B\u00e2 Alassane Adama et Sy Sidi) et des dirigeants du mouvement dont notamment M. Yaya Moctar Lam et Dr Amadou Adama B\u00e2.<\/p>\n\n\n\n<p><strong><u>Abdoulaye Dia<\/u>  ( Bogh\u00e9 Infos\u00a0)<\/strong><\/p>\n","protected":false},"excerpt":{"rendered":"<p>Le Mouvement des jeunes pour un Bogh\u00e9 \u00e9mergent a offert un don de kits alimentaires \u00e0 la Commune de Bogh\u00e9 pour venir en aide aux sinistr\u00e9s des pluies diluviennes qui se sont abattues durant ces deux derniers mois. Il s\u2019agit d\u2019un important lot de produits alimentaires de base (riz, sucre, huile, p\u00e2tes alimentaires) d\u2019un co\u00fbt [&hellip;]<\/p>\n","protected":false},"author":2,"featured_media":53503,"comment_status":"open","ping_status":"open","sticky":false,"template":"","format":"standard","meta":{"footnotes":""},"categories":[1],"tags":[],"class_list":["post-53498","post","type-post","status-publish","format-standard","has-post-thumbnail","hentry","category-aucun"],"_links":{"self":[{"href":"https:\/\/lestracesdelinfo.com\/index.php\/wp-json\/wp\/v2\/posts\/53498","targetHints":{"allow":["GET"]}}],"collection":[{"href":"https:\/\/lestracesdelinfo.com\/index.php\/wp-json\/wp\/v2\/posts"}],"about":[{"href":"https:\/\/lestracesdelinfo.com\/index.php\/wp-json\/wp\/v2\/types\/post"}],"author":[{"embeddable":true,"href":"https:\/\/lestracesdelinfo.com\/index.php\/wp-json\/wp\/v2\/users\/2"}],"replies":[{"embeddable":true,"href":"https:\/\/lestracesdelinfo.com\/index.php\/wp-json\/wp\/v2\/comments?post=53498"}],"version-history":[{"count":1,"href":"https:\/\/lestracesdelinfo.com\/index.php\/wp-json\/wp\/v2\/posts\/53498\/revisions"}],"predecessor-version":[{"id":53504,"href":"https:\/\/lestracesdelinfo.com\/index.php\/wp-json\/wp\/v2\/posts\/53498\/revisions\/53504"}],"wp:featuredmedia":[{"embeddable":true,"href":"https:\/\/lestracesdelinfo.com\/index.php\/wp-json\/wp\/v2\/media\/53503"}],"wp:attachment":[{"href":"https:\/\/lestracesdelinfo.com\/index.php\/wp-json\/wp\/v2\/media?parent=53498"}],"wp:term":[{"taxonomy":"category","embeddable":true,"href":"https:\/\/lestracesdelinfo.com\/index.php\/wp-json\/wp\/v2\/categories?post=53498"},{"taxonomy":"post_tag","embeddable":true,"href":"https:\/\/lestracesdelinfo.com\/index.php\/wp-json\/wp\/v2\/tags?post=53498"}],"curies":[{"name":"wp","href":"https:\/\/api.w.org\/{rel}","templated":true}]}}