{"id":53505,"date":"2023-09-11T16:49:17","date_gmt":"2023-09-11T16:49:17","guid":{"rendered":"https:\/\/lestracesdelinfo.com\/?p=53505"},"modified":"2023-09-11T16:49:21","modified_gmt":"2023-09-11T16:49:21","slug":"le-president-de-la-republique-felicite-lequipe-nationale-pour-sa-qualification-a-la-phase-finale-de-la-coupe-dafrique-des-nations","status":"publish","type":"post","link":"https:\/\/lestracesdelinfo.com\/index.php\/2023\/09\/11\/le-president-de-la-republique-felicite-lequipe-nationale-pour-sa-qualification-a-la-phase-finale-de-la-coupe-dafrique-des-nations\/","title":{"rendered":"Le Pr\u00e9sident de la R\u00e9publique f\u00e9licite l\u2019\u00e9quipe nationale pour sa qualification \u00e0 la phase finale de la Coupe d\u2019Afrique des Nations"},"content":{"rendered":"\n<h2 class=\"wp-block-heading\">ami<\/h2>\n\n\n\n<figure class=\"wp-block-image\"><a href=\"https:\/\/ami.mr\/fr\/wp-content\/uploads\/2023\/09\/11111.jpg\"><img decoding=\"async\" src=\"https:\/\/ami.mr\/fr\/wp-content\/uploads\/2023\/09\/11111-750x430.jpg\" alt=\"\"\/><\/a><\/figure>\n\n\n\n<p>Son Excellence le Pr\u00e9sident de la R\u00e9publique, M. Mohamed Ould Cheikh El Ghazouani, a re\u00e7u, samedi soir, au palais pr\u00e9sidentiel \u00e0 Nouakchott, les membres et staffs de l\u2019\u00e9quipe nationale de football \u00ab Al-Mourabitoune \u00bb apr\u00e8s la qualification bien m\u00e9rit\u00e9e \u00e0 la phase finale de la Coupe d\u2019Afrique des Nations.<\/p>\n\n\n\n<p>Le Pr\u00e9sident de la R\u00e9publique a f\u00e9licit\u00e9 les joueurs et le staff administratif et technique \u00e0 l\u2019occasion de cette troisi\u00e8me qualification de son histoire en phase finale de la CAN et les a exhort\u00e9s \u00e0 bien se pr\u00e9parer pour la phase finale de C\u00f4te d\u2019Ivoire 2023, s\u2019engageant \u00e0 fournir tout le n\u00e9cessaire pour une bonne participation \u00e0 cette coupe.<\/p>\n\n\n\n<p>L\u2019\u00e9quipe nationale s\u2019est qualifi\u00e9e pour la finale de la CAN 2023 apr\u00e8s avoir battu l\u2019\u00e9quipe nationale du Gabon par deux buts \u00e0 un lors du match qui s\u2019est d\u00e9roul\u00e9, samedi soir, au stade Cheikha Bo\u00efdiya, dans le cadre du sixi\u00e8me et dernier tour des \u00e9liminatoires pour la phase finale de C\u00f4te d\u2019Ivoire 2023.<\/p>\n\n\n\n<p>L\u2019audience s\u2019est d\u00e9roul\u00e9e en pr\u00e9sence du ministre charg\u00e9 de Cabinet du Pr\u00e9sident de la R\u00e9publique, Monsieur Moctar Ould Diay, du ministre de la Culture, de la Jeunesse, des Sports et des Relations avec le Parlement, M. Ahmed Ould Sid\u2019Ahmed Ould Di\u00e9 et du pr\u00e9sident de la F\u00e9d\u00e9ration mauritanienne de football, M. Ahmed Ould Yahya.<\/p>\n","protected":false},"excerpt":{"rendered":"<p>ami Son Excellence le Pr\u00e9sident de la R\u00e9publique, M. Mohamed Ould Cheikh El Ghazouani, a re\u00e7u, samedi soir, au palais pr\u00e9sidentiel \u00e0 Nouakchott, les membres et staffs de l\u2019\u00e9quipe nationale de football \u00ab Al-Mourabitoune \u00bb apr\u00e8s la qualification bien m\u00e9rit\u00e9e \u00e0 la phase finale de la Coupe d\u2019Afrique des Nations. Le Pr\u00e9sident de la R\u00e9publique [&hellip;]<\/p>\n","protected":false},"author":2,"featured_media":53506,"comment_status":"open","ping_status":"open","sticky":false,"template":"","format":"standard","meta":{"footnotes":""},"categories":[7],"tags":[],"class_list":["post-53505","post","type-post","status-publish","format-standard","has-post-thumbnail","hentry","category-sports"],"_links":{"self":[{"href":"https:\/\/lestracesdelinfo.com\/index.php\/wp-json\/wp\/v2\/posts\/53505","targetHints":{"allow":["GET"]}}],"collection":[{"href":"https:\/\/lestracesdelinfo.com\/index.php\/wp-json\/wp\/v2\/posts"}],"about":[{"href":"https:\/\/lestracesdelinfo.com\/index.php\/wp-json\/wp\/v2\/types\/post"}],"author":[{"embeddable":true,"href":"https:\/\/lestracesdelinfo.com\/index.php\/wp-json\/wp\/v2\/users\/2"}],"replies":[{"embeddable":true,"href":"https:\/\/lestracesdelinfo.com\/index.php\/wp-json\/wp\/v2\/comments?post=53505"}],"version-history":[{"count":1,"href":"https:\/\/lestracesdelinfo.com\/index.php\/wp-json\/wp\/v2\/posts\/53505\/revisions"}],"predecessor-version":[{"id":53507,"href":"https:\/\/lestracesdelinfo.com\/index.php\/wp-json\/wp\/v2\/posts\/53505\/revisions\/53507"}],"wp:featuredmedia":[{"embeddable":true,"href":"https:\/\/lestracesdelinfo.com\/index.php\/wp-json\/wp\/v2\/media\/53506"}],"wp:attachment":[{"href":"https:\/\/lestracesdelinfo.com\/index.php\/wp-json\/wp\/v2\/media?parent=53505"}],"wp:term":[{"taxonomy":"category","embeddable":true,"href":"https:\/\/lestracesdelinfo.com\/index.php\/wp-json\/wp\/v2\/categories?post=53505"},{"taxonomy":"post_tag","embeddable":true,"href":"https:\/\/lestracesdelinfo.com\/index.php\/wp-json\/wp\/v2\/tags?post=53505"}],"curies":[{"name":"wp","href":"https:\/\/api.w.org\/{rel}","templated":true}]}}