{"id":53512,"date":"2023-09-11T17:37:50","date_gmt":"2023-09-11T17:37:50","guid":{"rendered":"https:\/\/lestracesdelinfo.com\/?p=53512"},"modified":"2023-09-11T17:40:13","modified_gmt":"2023-09-11T17:40:13","slug":"53512","status":"publish","type":"post","link":"https:\/\/lestracesdelinfo.com\/index.php\/2023\/09\/11\/53512\/","title":{"rendered":"Direct &#8211; Maroc : le Maroc accepte l&rsquo;aide de quatre pays pour les op\u00e9rations de recherche et de sauvetage"},"content":{"rendered":"\n<p><\/p>\n\n\n\n<p><a href=\"https:\/\/information.tv5monde.com\/direct\/direct-m\">information.tv5monde.com<\/a><\/p>\n\n\n\n<p>Le Maroc pleure ses morts dimanche apr\u00e8s le violent s\u00e9isme qui a d\u00e9vast\u00e9 une grande partie du pays et dans lequel 2122 personnes ont p\u00e9ri, selon le dernier bilan officiel, susceptible de s&rsquo;aggraver au fil des recherches. Le Royaume a annonc\u00e9 avoir accept\u00e9 l&rsquo;aide de quatre pays seulement apr\u00e8s le s\u00e9isme : l&rsquo;Espagne, la Grande-Bretagne, le Qatar et les Emirats arabes unis<\/p>\n\n\n\n<figure class=\"wp-block-image\"><img decoding=\"async\" src=\"https:\/\/information.tv5monde.com\/sites\/tv5-info\/files\/styles\/live\/public\/2023-09\/maroc%202.jpg?h=199d8c1f&amp;itok=5nN_aJih\" alt=\"Les habitants fuient leurs maisons apr\u00e8s un tremblement de terre dans le village de Moulay Brahim, pr\u00e8s de l'\u00e9picentre du s\u00e9isme, \u00e0 l'ext\u00e9rieur de Marrakech, au Maroc, le samedi 9 septembre 2023.\" title=\"Les habitants fuient leurs maisons apr\u00e8s un tremblement de terre dans le village de Moulay Brahim, pr\u00e8s de l'\u00e9picentre du s\u00e9isme, \u00e0 l'ext\u00e9rieur de Marrakech, au Maroc, le samedi 9 septembre 2023.\"\/><\/figure>\n\n\n\n<p>Les habitants fuient leurs maisons apr\u00e8s un tremblement de terre dans le village de Moulay Brahim, pr\u00e8s de l&rsquo;\u00e9picentre du s\u00e9isme, \u00e0 l&rsquo;ext\u00e9rieur de Marrakech, au Maroc, le samedi 9 septembre 2023.<\/p>\n\n\n\n<p>(Photo AP\/Mosa&rsquo;ab Elshamy)<\/p>\n\n\n\n<p>19H34<\/p>\n\n\n\n<h2 class=\"wp-block-heading\">Le Maroc accepte l&rsquo;aide de quatre pays<\/h2>\n\n\n\n<p>Le Maroc a annonc\u00e9 avoir accept\u00e9 l&rsquo;aide de quatre pays seulement apr\u00e8s le s\u00e9isme : l&rsquo;Espagne, la Grande-Bretagne, le Qatar et les Emirats arabes unis.<\/p>\n\n\n\n<p>Le minist\u00e8re de l&rsquo;Int\u00e9rieur a indiqu\u00e9 dans un communiqu\u00e9 que le Maroc avait r\u00e9pondu favorablement, \u00ab\u00a0<em>\u00e0 ce stade\u00a0\u00bb<\/em>, aux offres de ces quatre pays \u00ab\u00a0<em>d&rsquo;envoyer des \u00e9quipes de recherche et sauvetage<\/em>\u00ab\u00a0, alors que plusieurs autres \u00c9tats, notamment la France, se sont dits pr\u00eats \u00e0 apporter leur aide.<\/p>\n\n\n\n<p>16H16<\/p>\n\n\n\n<h2 class=\"wp-block-heading\">Le bilan monte \u00e0 2 122 morts<\/h2>\n\n\n\n<p>Le bilan provisoire du s\u00e9isme est mont\u00e9 \u00e0 2 122 morts, selon le minist\u00e8re de l&rsquo;Int\u00e9rieur.&nbsp;La secousse a \u00e9galement fait 2 421 bless\u00e9s.<\/p>\n\n\n\n<p>16H06<\/p>\n\n\n\n<h2 class=\"wp-block-heading\">La diaspora marocaine se mobilise<\/h2>\n\n\n\n<p>Un \u00e9lan de solidarit\u00e9 s\u2019est form\u00e9 dans le monde pour venir en aide au Maroc, meurtri par le s\u00e9isme le plus puissant de son histoire. La diaspora marocaine, dispers\u00e9e dans le monde, est en premi\u00e8re ligne de la chaine de solidarit\u00e9 suite \u00e0 cette catastrophe.&nbsp;<\/p>\n\n\n\n<p>Retrouvez notre article :&nbsp;<strong><a href=\"https:\/\/information.tv5monde.com\/afrique\/seisme-au-maroc-la-diaspora-se-mobilise-sans-plus-attendre-2667266\">S\u00e9isme au Maroc : la diaspora se mobilise sans plus attendre<\/a><\/strong><\/p>\n\n\n\n<p>16H05<\/p>\n\n\n\n<h2 class=\"wp-block-heading\">Pourquoi la catastrophe \u00e9tait impr\u00e9visible ?<\/h2>\n\n\n\n<p>Si le risque sismique \u00e9tait connu dans cette r\u00e9gion, la violence du tremblement de terre marocain reste \u201c<em>surprenante<\/em>\u201d, selon les sismologues.<br><br>Florent Brenguier, de l\u2019Institut des Sciences de la Terre de l\u2019Universit\u00e9 de Grenoble, explique :&nbsp;<em>\u201cNous avons d\u00e9j\u00e0 enregistr\u00e9 des secousses proches de l\u2019\u00e9picentre actuel, mais celles-ci \u00e9taient de magnitude mod\u00e9r\u00e9e, 4 en moyenne. Ce qui \u00e9tait moins pr\u00e9visible, c\u2019\u00e9tait la possibilit\u00e9 d\u2019avoir un grand s\u00e9isme. Et l\u00e0, on est quasiment sur un s\u00e9isme de magnitude 7.\u00a0\u00bb<\/em><br><br><strong>(Re)lire :&nbsp;<a href=\"https:\/\/information.tv5monde.com\/afrique\/seisme-au-maroc-pourquoi-la-catastrophe-etait-imprevisible-2667209\">S\u00e9isme au Maroc : pourquoi la catastrophe \u00e9tait impr\u00e9visible<\/a><\/strong><\/p>\n\n\n\n<p>13H05<\/p>\n\n\n\n<h2 class=\"wp-block-heading\">Nouveau bilan pour les Fran\u00e7ais : 4 morts et 15 bless\u00e9s<\/h2>\n\n\n\n<p>Le minist\u00e8re fran\u00e7ais des Affaires \u00e9trang\u00e8res a communiqu\u00e9 un nouveau bilan \u00e0 l&rsquo;AFP, d\u00e9plorant \u00ab\u00a0<em>le d\u00e9c\u00e8s de trois autres ressortissants fran\u00e7ais \u00e0 proximit\u00e9 de Marrakech, ce qui porte le bilan, \u00e0 ce stade, \u00e0 quatre victimes fran\u00e7aises<\/em>\u00ab\u00a0.<\/p>\n\n\n\n<p>13H02<\/p>\n\n\n\n<h2 class=\"wp-block-heading\">L&rsquo;Espagne a envoy\u00e9 56 secouristes au Maroc<\/h2>\n\n\n\n<p>L&rsquo;Espagne a annonc\u00e9 avoir envoy\u00e9 une \u00e9quipe de 56 secouristes au Maroc apr\u00e8s avoir re\u00e7u une demande d&rsquo;aide officielle de Rabat.<\/p>\n\n\n\n<p>Un avion militaire A400 a d\u00e9coll\u00e9 d&rsquo;une base de Saragosse (nord-est) avec \u00e0 son bord l&rsquo;\u00e9quipe de secouristes \u00e0 destination de Marrakech.<\/p>\n\n\n\n<p><br>L&rsquo;Espagne se pr\u00e9pare \u00e0 envoyer un deuxi\u00e8me avion avec une \u00e9quipe de secours dirig\u00e9e par le gouvernement r\u00e9gional de Madrid, selon la ministre de la D\u00e9fense Margarita Robles.<\/p>\n\n\n\n<p>Le match de football Gambie-Congo maintenu au Stade de Marrakech<\/p>\n\n\n\n<p>48H apr\u00e8s le s\u00e9isme au Maroc, la rencontre entre la Gambie et la R\u00e9publique du Congo pr\u00e9vue ce dimanche \u00e0 21H au Stade de Marrakech est maintenue. Sur le plan sportif, ce match qui compte pour la 6e et derni\u00e8re journ\u00e9e des \u00e9liminatoires de la prochaine Coupe d&rsquo;Afrique des Nations est d\u00e9cisif, le vainqueur empochera sa qualification.&nbsp;En revanche, le choix de maintenir la rencontre surprend alors que la veille un match entre le Maroc et le Liberia pr\u00e9vu&nbsp;\u00e0 Agadir avait \u00e9t\u00e9 report\u00e9. Le journaliste sportif Patrick Juillard&nbsp;d\u00e9nonce le choix de la Conf\u00e9d\u00e9ration Africaine de Football de maintenir le match \u00e0 Marrakech ce dimanch<\/p>\n\n\n\n<h2 class=\"wp-block-heading\">la France pr\u00eate \u00e0 \u00ab\u00a0intervenir\u00a0\u00bb en aide au Maroc quand les autorit\u00e9s \u00ab\u00a0le jugeront utile\u00a0\u00bb (Macron)<\/h2>\n\n\n\n<p>La France est pr\u00eate \u00e0&nbsp;<em>\u00ab\u00a0intervenir\u00a0\u00bb<\/em>&nbsp;pour venir en aide au Maroc<em>&nbsp;\u00ab\u00a0\u00e0 la seconde\u00a0\u00bb<\/em>&nbsp;o\u00f9 les autorit\u00e9s marocaines le demanderont, apr\u00e8s le tremblement de terre qui a fait au moins 2.000 morts, a d\u00e9clar\u00e9 dimanche le pr\u00e9sident Emmanuel Macron.<\/p>\n\n\n\n<p><em>\u00ab\u00a0Nous avons mobilis\u00e9 l&rsquo;ensemble des \u00e9quipes techniques et de s\u00e9curit\u00e9 pour pouvoir intervenir quand les autorit\u00e9s du Maroc le jugeront utile\u00a0\u00bb<\/em>, a-t-il dit lors d&rsquo;une conf\u00e9rence de presse \u00e0 l&rsquo;issue du sommet du G20 \u00e0 New Delhi, qualifiant le s\u00e9isme de<em>&nbsp;\u00ab\u00a0trag\u00e9die qui nous touche tous\u00a0\u00bb<\/em>.<\/p>\n\n\n\n<p><em>\u00ab\u00a0Les autorit\u00e9s marocaines savent exactement ce qu&rsquo;on peut livrer, la nature et le timing\u00a0\u00bb,<\/em>&nbsp;a-t-il ajout\u00e9.<\/p>\n\n\n\n<p><em>\u00ab\u00a0A la seconde o\u00f9 cette aide sera demand\u00e9e, elle sera d\u00e9ploy\u00e9e et nous nous tenons pr\u00eats, maintenant c&rsquo;est \u00e9videmment aux autorit\u00e9s marocaines d&rsquo;en d\u00e9cider en fonction de leur \u00e9valuation sur le terrain et pour que ce soit fait en bon ordre\u00a0\u00bb<\/em>, a insist\u00e9 le chef de l&rsquo;Etat fran\u00e7ais.<\/p>\n\n\n\n<p>Parall\u00e8lement, M. Macron a sign\u00e9 avec le Premier ministre indien Narendra Modi, le pr\u00e9sident des Comores Azali Assoumani actuellement \u00e0 la t\u00eate de l&rsquo;Union africaine, et les dirigeants de la Banque mondiale, du Fonds mon\u00e9taire international et de la Commission europ\u00e9enne, une d\u00e9claration conjointe promettant de&nbsp;<em>\u00ab\u00a0fournir toute l&rsquo;assistance n\u00e9cessaire aux besoins urgents de court-terme ainsi qu&rsquo;aux efforts de reconstruction\u00a0\u00bb<\/em>.&nbsp;<\/p>\n\n\n\n<p><em>\u00ab\u00a0\u00c0 cette fin, nous mobiliserons nos outils techniques et financiers et notre assistance de mani\u00e8re coordonn\u00e9e pour aider le peuple marocain \u00e0 surmonter cette terrible trag\u00e9die\u00a0\u00bb<\/em>, affirment-ils.<\/p>\n\n\n\n<p>Emmanuel Macron a \u00e9voqu\u00e9 une trag\u00e9die qui touche les Fran\u00e7ais dans leur&nbsp;<em>\u00ab\u00a0intimit\u00e9\u00a0\u00bb,<\/em>&nbsp;dans leur&nbsp;<em>\u00ab\u00a0chair, m\u00eame\u00a0\u00bb<\/em>, en raison des<em>&nbsp;\u00ab\u00a0millions de binationaux ou de Fran\u00e7aises et de Fran\u00e7ais qui sont d&rsquo;origine marocaine, qui ont de la famille l\u00e0-bas\u00a0\u00bb.&nbsp;<\/em><\/p>\n\n\n\n<p>Il a dit avoir<em>&nbsp;\u00ab\u00a0eu l&rsquo;occasion d&rsquo;\u00e9changer longuement avec sa majest\u00e9 le roi il y a quelques jours\u00a0\u00bb, \u00ab\u00a0avant le s\u00e9isme\u00a0\u00bb.<\/em>&nbsp;Depuis le tremblement de terre,<em>&nbsp;\u00ab\u00a0nous avons \u00e9chang\u00e9 des messages oraux et je lui ai envoy\u00e9 une lettre dans les premi\u00e8res heures\u00a0\u00bb.<\/em><\/p>\n\n\n\n<p>Le tremblement de terre de la nuit de vendredi \u00e0 samedi, de magnitude 7 selon le Centre marocain pour la recherche scientifique et technique (6,8 selon le service sismologique am\u00e9ricain), est le plus puissant \u00e0 avoir jamais \u00e9t\u00e9 mesur\u00e9 au Maroc.&nbsp;<\/p>\n\n\n\n<p>Il a fait au moins 2.012 morts et 2.059 bless\u00e9s, dont 1.404 sont dans un \u00e9tat tr\u00e8s grave, a annonc\u00e9 dans la nuit de samedi \u00e0 dimanche le minist\u00e8re de l&rsquo;Int\u00e9rieur du Maroc.<\/p>\n\n\n\n<p>10H31<\/p>\n\n\n\n<h2 class=\"wp-block-heading\">le Maroc bloque des aides humanitaires, selon une ONG<\/h2>\n\n\n\n<p>Le pr\u00e9sident de l&rsquo;ONG fran\u00e7aise Secouristes sans fronti\u00e8res, Arnaud Fraisse, a affirm\u00e9 dimanche matin que le Maroc bloquait des \u00e9quipes de secours pr\u00eates \u00e0 porter assistance aux victimes du s\u00e9isme qui a fait plus de 2.000 morts dans le pays.<\/p>\n\n\n\n<p><em>\u00ab\u00a0Normalement, on aurait voulu prendre un avion qui d\u00e9colle dans une minute \u00e0 Orly. Malheureusement, on n&rsquo;a toujours pas eu l&rsquo;accord du gouvernement marocain; en fait, le gouvernement marocain bloque compl\u00e8tement toutes les \u00e9quipes de secours actuellement, sauf une, celle du Qatar, qui a \u00e9t\u00e9 autoris\u00e9e, effectivement, \u00e0 atterrir chez eux\u00a0\u00bb<\/em>, a d\u00e9clar\u00e9 Arnaud Fraisse \u00e0 6H20 sur France Inter.<\/p>\n\n\n\n<p><em>\u00ab\u00a0Les Qataris arrivent avec 87 personnes et 5 chiens de recherche, et nous ne comprenons pas cette situation de blocage de la part du gouvernement\u00a0\u00bb,<\/em>&nbsp;a d\u00e9plor\u00e9 le fondateur de l&rsquo;ONG, sp\u00e9cialis\u00e9e dans les interventions d&rsquo;urgence apr\u00e8s les tremblements de terre.<\/p>\n\n\n\n<p><em>\u00ab\u00a0On va attendre jusqu&rsquo;\u00e0 demain, je dirais, et si demain matin on n&rsquo;a pas le feu vert, on ne partira pas, c&rsquo;est clair\u00a0\u00bb<\/em>, a-t-il ajout\u00e9.<\/p>\n\n\n\n<p>Arnaud Fraisse a confirm\u00e9 n&rsquo;avoir<em>&nbsp;\u00ab\u00a0pas encore re\u00e7u d&rsquo;autorisation pour intervention, mais il semble que la situation \u00e9volue puisque la Tunisie est aussi autoris\u00e9e \u00e0 intervenir\u00a0\u00bb<\/em>, a-t-il pr\u00e9cis\u00e9.<\/p>\n\n\n\n<p>L&rsquo;Espagne a \u00e9galement annonc\u00e9 dimanche matin avoir re\u00e7u une demande d&rsquo;aide officielle de Rabat pour porter assistance \u00e0 son voisin.<\/p>\n\n\n\n<p>Malgr\u00e9 la situation diplomatique, six b\u00e9n\u00e9voles du Casc Appui, association lyonnaise regroupant des sapeurs-pompiers de Lyon et du Rh\u00f4ne, sont arriv\u00e9s dimanche au Maroc pour participer aux op\u00e9rations de secours.<\/p>\n\n\n\n<p>De son c\u00f4t\u00e9, le Secours populaire fran\u00e7ais a annonc\u00e9 que plusieurs de ses dirigeants allaient se rendre sur place lundi pour une<em>&nbsp;\u00ab\u00a0mission de solidarit\u00e9\u00a0\u00bb<\/em>, qui vise \u00e0&nbsp;<em>\u00ab\u00a0dresser un \u00e9tat des lieux des d\u00e9g\u00e2ts caus\u00e9s par le s\u00e9isme, rencontrer les autorit\u00e9s, \u00e9changer avec les partenaires locaux de l&rsquo;association sur les besoins imm\u00e9diats et ceux qui vont perdurer et mettre en place l&rsquo;aide mat\u00e9rielle d&rsquo;urgence\u00a0\u00bb<\/em>.<\/p>\n\n\n\n<p>L&rsquo;association a annonc\u00e9 d\u00e9bloquer une enveloppe de 100.000 euros pour les victimes, tout en lan\u00e7ant un appel aux dons.<\/p>\n\n\n\n<p>Plus de 2.000 personnes, selon le dernier bilan officiel des autorit\u00e9s marocaines, ont p\u00e9ri dans le s\u00e9isme qui a d\u00e9vast\u00e9 des territoires au sud-ouest de Marrakech dans la nuit de vendredi \u00e0 samedi.<\/p>\n\n\n\n<p>La Croix-Rouge internationale a alert\u00e9 samedi sur l&rsquo;importance des besoins \u00e0 venir du Maroc, avec&nbsp;<em>\u00ab\u00a024 \u00e0 48 heures critiques\u00a0\u00bb<\/em>&nbsp;et des besoins pour&nbsp;<em>\u00ab\u00a0des mois voire des ann\u00e9es\u00a0\u00bb.<\/em><\/p>\n\n\n\n<p>09H06<\/p>\n\n\n\n<h2 class=\"wp-block-heading\">L&rsquo;Espagne va envoyer des secouristes et une assistance au Maroc<\/h2>\n\n\n\n<p>L&rsquo;Espagne va envoyer des secouristes et fournir une assistance au Maroc frapp\u00e9 par un s\u00e9isme meurtrier, apr\u00e8s avoir re\u00e7u une demande d&rsquo;aide officielle de Rabat, a annonc\u00e9 dimanche le ministre espagnol des Affaires \u00e9trang\u00e8res Jose Manuel Albares.<\/p>\n\n\n\n<p><em>\u00ab\u00a0C&rsquo;est un signe de la solidarit\u00e9 espagnole et du sens de l&rsquo;amiti\u00e9 qui unit les peuples d&rsquo;Espagne et du Maroc\u00a0\u00bb<\/em>, a d\u00e9clar\u00e9 le ministre lors d&rsquo;un entretien \u00e0 Radio Catalunya, pr\u00e9cisant avoir re\u00e7u t\u00f4t dimanche un appel de son homologue marocain lui demandant de l&rsquo;aide.<\/p>\n\n\n\n<p><em>\u00ab\u00a0Il s&rsquo;agira d&rsquo;autant d&rsquo;aide que le Maroc en a besoin, ce que nous mettons en marche d&rsquo;abord ce sont les \u00e9quipes de recherche et de sauvetage parce qu&rsquo;il est urgent de retrouver le plus grand nombre de gens vivants pour les sauver\u00a0\u00bb<\/em>, a-t-il expliqu\u00e9.&nbsp;<em>\u00ab\u00a0Le temps de la reconstruction venu, l&rsquo;aide espagnole sera \u00e9galement pr\u00e9sente\u00a0\u00bb<\/em>.<\/p>\n\n\n\n<p>M. Albares n&rsquo;a pas fourni d&rsquo;autres d\u00e9tails. Mais selon un porte-parole du minist\u00e8re de l&rsquo;Int\u00e9rieur, le gouvernement pr\u00e9voir l&rsquo;envoi&nbsp;<em>\u00ab\u00a0imm\u00e9diat\u00a0\u00bb&nbsp;<\/em>au Maroc de 65 membres de l&rsquo;Unit\u00e9 militaire d&rsquo;urgence (UME) espagnole.<\/p>\n\n\n\n<p>L&rsquo;UME est un corps de l&rsquo;arm\u00e9e espagnole sp\u00e9cialis\u00e9 dans la gestion des catastrophes naturelles.<\/p>\n\n\n\n<p>Une unit\u00e9 de l&rsquo;UME avait \u00e9t\u00e9 envoy\u00e9e en f\u00e9vrier en Turquie apr\u00e8s un s\u00e9isme d\u00e9vastateur et avait aid\u00e9 \u00e0 secourir six personnes, dont une maman et ses deux enfants, selon le minist\u00e8re espagnol de la D\u00e9fense.<\/p>\n\n\n\n<p>Le s\u00e9isme, le plus puissant \u00e0 frapper le Maroc \u00e0 ce jour, a tu\u00e9 au moins 2.012 personnes et en a bless\u00e9 plus de 2.059, selon les derni\u00e8res donn\u00e9es en date.<\/p>\n\n\n\n<p>La secousse tellurique de magnitude 6,8 a \u00e9t\u00e9 enregistr\u00e9e vendredi \u00e0 23H11 heure locale (22H11 GMT), selon l&rsquo;Institut de g\u00e9ophysique am\u00e9ricain (USGS).<\/p>\n\n\n\n<p>08H47<\/p>\n\n\n\n<p>Une \u00e9quipe de pompiers b\u00e9n\u00e9voles lyonnais, accompagn\u00e9e d&rsquo;un ma\u00eetre-chien, est arriv\u00e9e au Maroc dimanche et va participer aux op\u00e9rations de secours \u00e0 une cinquantaine de kilom\u00e8tres de Marrakech apr\u00e8s le s\u00e9isme meurtrier, a-t-on appris aupr\u00e8s de la pr\u00e9fecture du Rh\u00f4ne.<\/p>\n\n\n\n<h2 class=\"wp-block-heading\">Une \u00e9quipe de secouristes lyonnais b\u00e9n\u00e9voles arrive au Maroc<\/h2>\n\n\n\n<p>Le d\u00e9tachement, arriv\u00e9 vers 01H00 du matin \u00e0 Marrakech et accueilli au si\u00e8ge de la protection civile, est compos\u00e9 de 4 secouristes sp\u00e9cialistes du sauvetage, d&rsquo;appui et de recherche, d&rsquo;un infirmier, et d&rsquo;un sp\u00e9cialiste avec son chien.<\/p>\n\n\n\n<p>Ils sont partis avec environ 300 kilos de mat\u00e9riel.<\/p>\n\n\n\n<p>Dans la matin\u00e9e de dimanche, l&rsquo;\u00e9quipe se dirigeait vers une province \u00e0 environ une cinquantaine de kilom\u00e8tres de Marrakech.<\/p>\n\n\n\n<p>Il est pr\u00e9vu qu&rsquo;ils restent sur place jusqu&rsquo;\u00e0 vendredi prochain.<\/p>\n\n\n\n<p>Le Casc Appui, association regroupant des sapeurs-pompiers de Lyon et du Rh\u00f4ne, compte sur des \u00e9quipes qui se mobilisent b\u00e9n\u00e9volement sur leurs jours de repos, est-il pr\u00e9cis\u00e9 sur le site internet de l&rsquo;association.<\/p>\n\n\n\n<p>22H40<\/p>\n\n\n\n<h2 class=\"wp-block-heading\">Le palais royal \u00e9met un communiqu\u00e9<\/h2>\n\n\n\n<figure class=\"wp-block-image\"><img decoding=\"async\" src=\"https:\/\/information.tv5monde.com\/sites\/tv5-info\/files\/styles\/entete\/public\/2023-09\/M6.jpg?itok=ci7cVhlm\" alt=\"Le roi du Maroc Mohammed VI, au centre, accompagn\u00e9 du prince h\u00e9ritier Moulay El Hassan, au centre \u00e0 gauche, pr\u00e9side une s\u00e9ance de travail au Palais Royal de Rabat aux premi\u00e8res heures du samedi 9 septembre 2023.\u00a0\" title=\"Le roi du Maroc Mohammed VI, au centre, accompagn\u00e9 du prince h\u00e9ritier Moulay El Hassan, au centre \u00e0 gauche, pr\u00e9side une s\u00e9ance de travail au Palais Royal de Rabat aux premi\u00e8res heures du samedi 9 septembre 2023.\u00a0\"\/><\/figure>\n\n\n\n<p>Le roi du Maroc Mohammed VI, au centre, accompagn\u00e9 du prince h\u00e9ritier Moulay El Hassan, au centre \u00e0 gauche, pr\u00e9side une s\u00e9ance de travail au Palais Royal de Rabat aux premi\u00e8res heures du samedi 9 septembre 2023.&nbsp;<\/p>\n\n\n\n<p>(Palais Royal marocain via AP)<\/p>\n\n\n\n<p>Le palais royal a \u00e9mis un communiqu\u00e9 apr\u00e8s une r\u00e9union du Roi et de certains de ses ministres. Notre correspondante Maud Ninauve nous en parle<\/p>\n\n\n\n<ul class=\"wp-block-list\">\n<li><strong>(Re)voir&nbsp;<a href=\"https:\/\/information.tv5monde.com\/afrique\/video\/seisme-au-maroc-le-palais-royal-emet-un-communique-2667236\">S\u00e9isme au Maroc : le palais royal \u00e9met un communiqu\u00e9<\/a><\/strong>TV5 JWPlayer Field<video preload=\"auto\" src=\"https:\/\/vodinfo.tv5monde.com\/videos\/29\/6126978.mp4\"><\/video>Lire la vid\u00e9o<\/li>\n<\/ul>\n\n\n\n<p>22H40<\/p>\n\n\n\n<h2 class=\"wp-block-heading\">Le bilan monte \u00e0 2 012 morts<\/h2>\n\n\n\n<p>Le s\u00e9isme au Maroc a fait 2 012 morts et 2 059 bless\u00e9s, dont 1 404 sont dans un \u00e9tat tr\u00e8s grave, selon un nouveau bilan rendu public samedi soir par le minist\u00e8re de l&rsquo;Int\u00e9rieur.<\/p>\n\n\n\n<p>Un total de 1 293 personnes ont p\u00e9ri dans la province d&rsquo;Al Haouz et 452 dans la province de Taroudant, situ\u00e9es toutes deux au sud de Marrakech, a indiqu\u00e9 le minist\u00e8re dans un communiqu\u00e9.<\/p>\n\n\n\n<p>20H54<\/p>\n\n\n\n<h2 class=\"wp-block-heading\">Le monde de la Culture touch\u00e9 \u00ab\u00a0au coeur\u00a0\u00bb en France<\/h2>\n\n\n\n<p>Le monde de la culture en France est touch\u00e9 au&nbsp;<em>\u00ab\u00a0coeur\u00a0\u00bb<\/em>&nbsp;apr\u00e8s un violent s\u00e9isme au Maroc qui a fait plus de 1.300 morts, multipliant les appels aux dons pour les Marocains \u00ab\u00a0en d\u00e9tresse\u00a0\u00bb. &nbsp;<\/p>\n\n\n\n<p><em>\u00ab\u00a0Aujourd&rsquo;hui j&rsquo;encourage des gens qui sont perplexes, qui pleurent devant leur t\u00e9l\u00e9 et ne savent pas quoi faire, je leur dis que chaque centime compte\u00a0\u00bb<\/em>, a d\u00e9clar\u00e9 l&rsquo;acteur et humoriste Gad Elmaleh sur BFMTV en s&rsquo;associant \u00e0 l&rsquo;appel aux dons du Secours populaire.<\/p>\n\n\n\n<p><em>\u00ab\u00a0M\u00eame si je ne suis pas n\u00e9 l\u00e0-bas, mon coeur saigne et je ne peux qu&rsquo;\u00eatre solidaire\u00a0\u00bb,<\/em>&nbsp;a pour sa part d\u00e9clar\u00e9 sur BFMTV l&rsquo;humoriste d&rsquo;origine marocaine Elie Semoun.<\/p>\n\n\n\n<p><em>\u00ab\u00a0Il y a ceux qui sont choqu\u00e9es, il faut qu&rsquo;on aide ces personnes qui sont en vie \u00e0 reprendre la vie. C&rsquo;est l\u00e0 que cet \u00e9lan de solidarit\u00e9 a du sens et c&rsquo;est pour \u00e7a que je prends la parole pour motiver et f\u00e9d\u00e9rer autour de cet appel aux dons\u00a0\u00bb<\/em>, a soulign\u00e9 Gad Elmaleh.&nbsp;<\/p>\n\n\n\n<p>Il a \u00e9galement dit discuter avec<em>&nbsp;\u00ab\u00a0quelques artistes pour essayer d&rsquo;organiser un gala ou une \u00e9mission\u00a0\u00bb&nbsp;<\/em>afin de&nbsp;<em>\u00ab\u00a0se tenir pr\u00eats avec une cagnotte, la plus grosse possible\u00a0\u00bb.<\/em><\/p>\n\n\n\n<p><em>\u00ab\u00a0Terrible nuit, terrible r\u00e9veil\u00a0\u00bb<\/em>, a r\u00e9agi sur les r\u00e9seaux sociaux Jamel Debbouze, humoriste, acteur et producteur franco-marocain qui a cr\u00e9\u00e9 le festival \u00ab\u00a0Marrakech du rire\u00a0\u00bb, en publiant un drapeau marocain.&nbsp;<\/p>\n\n\n\n<p><em>\u00ab\u00a0Tout mon soutien et mes pens\u00e9es aux victimes, \u00e0 leurs proches et \u00e0 toutes les personnes touch\u00e9es par le tremblement de terre. Aidons et apportons tous \u00e0 notre \u00e9chelle notre contribution pour aider le Maroc et prions pour que des vies soient sauv\u00e9es dans les heures et les jours qui viennent\u00a0\u00bb<\/em>, a-t-il poursuivi.Tw<\/p>\n\n\n\n<p><\/p>\n\n\n\n<p>La ministre de la Culture Rima Abdul Malak a exprim\u00e9 sa<em>&nbsp;\u00ab\u00a0solidarit\u00e9\u00a0\u00bb<\/em>&nbsp;avec les&nbsp;<em>\u00ab\u00a0amis du Maroc\u00a0\u00bb<\/em>&nbsp;en promettant que la France&nbsp;<em>\u00ab\u00a0sera aussi demain \u00e0 vos c\u00f4t\u00e9s pour reconstruire un patrimoine mill\u00e9naire si durement touch\u00e9\u00a0\u00bb.&nbsp;<\/em><\/p>\n\n\n\n<p><em>\u00ab\u00a0De tout c\u0153ur avec vous!\u00a0\u00bb<\/em>, a-t-elle \u00e9crit sur X.&nbsp;<\/p>\n\n\n\n<p>Jack Lang, ex-ministre de la Culture et pr\u00e9sident de l&rsquo;Institut du monde arabe \u00e0 Paris, a pour sa part fait illuminer la fa\u00e7ade de l&rsquo;institution avec les mots<em>&nbsp;\u00ab\u00a0Maroc au coeur\u00a0\u00bb.<\/em><\/p>\n","protected":false},"excerpt":{"rendered":"<p>information.tv5monde.com Le Maroc pleure ses morts dimanche apr\u00e8s le violent s\u00e9isme qui a d\u00e9vast\u00e9 une grande partie du pays et dans lequel 2122 personnes ont p\u00e9ri, selon le dernier bilan officiel, susceptible de s&rsquo;aggraver au fil des recherches. Le Royaume a annonc\u00e9 avoir accept\u00e9 l&rsquo;aide de quatre pays seulement apr\u00e8s le s\u00e9isme : l&rsquo;Espagne, la [&hellip;]<\/p>\n","protected":false},"author":2,"featured_media":53513,"comment_status":"open","ping_status":"open","sticky":false,"template":"","format":"standard","meta":{"footnotes":""},"categories":[1],"tags":[],"class_list":["post-53512","post","type-post","status-publish","format-standard","has-post-thumbnail","hentry","category-aucun"],"_links":{"self":[{"href":"https:\/\/lestracesdelinfo.com\/index.php\/wp-json\/wp\/v2\/posts\/53512","targetHints":{"allow":["GET"]}}],"collection":[{"href":"https:\/\/lestracesdelinfo.com\/index.php\/wp-json\/wp\/v2\/posts"}],"about":[{"href":"https:\/\/lestracesdelinfo.com\/index.php\/wp-json\/wp\/v2\/types\/post"}],"author":[{"embeddable":true,"href":"https:\/\/lestracesdelinfo.com\/index.php\/wp-json\/wp\/v2\/users\/2"}],"replies":[{"embeddable":true,"href":"https:\/\/lestracesdelinfo.com\/index.php\/wp-json\/wp\/v2\/comments?post=53512"}],"version-history":[{"count":2,"href":"https:\/\/lestracesdelinfo.com\/index.php\/wp-json\/wp\/v2\/posts\/53512\/revisions"}],"predecessor-version":[{"id":53516,"href":"https:\/\/lestracesdelinfo.com\/index.php\/wp-json\/wp\/v2\/posts\/53512\/revisions\/53516"}],"wp:featuredmedia":[{"embeddable":true,"href":"https:\/\/lestracesdelinfo.com\/index.php\/wp-json\/wp\/v2\/media\/53513"}],"wp:attachment":[{"href":"https:\/\/lestracesdelinfo.com\/index.php\/wp-json\/wp\/v2\/media?parent=53512"}],"wp:term":[{"taxonomy":"category","embeddable":true,"href":"https:\/\/lestracesdelinfo.com\/index.php\/wp-json\/wp\/v2\/categories?post=53512"},{"taxonomy":"post_tag","embeddable":true,"href":"https:\/\/lestracesdelinfo.com\/index.php\/wp-json\/wp\/v2\/tags?post=53512"}],"curies":[{"name":"wp","href":"https:\/\/api.w.org\/{rel}","templated":true}]}}