{"id":53517,"date":"2023-09-11T17:46:49","date_gmt":"2023-09-11T17:46:49","guid":{"rendered":"https:\/\/lestracesdelinfo.com\/?p=53517"},"modified":"2023-09-11T17:50:28","modified_gmt":"2023-09-11T17:50:28","slug":"au-senegal-demissionnaire-apres-le-choix-de-amadou-ba-aly-ngouille-ndiaye-un-depart-attendu","status":"publish","type":"post","link":"https:\/\/lestracesdelinfo.com\/index.php\/2023\/09\/11\/au-senegal-demissionnaire-apres-le-choix-de-amadou-ba-aly-ngouille-ndiaye-un-depart-attendu\/","title":{"rendered":"au S\u00e9n\u00e9gal : D\u00e9missionnaire apr\u00e8s le choix de Amadou Ba : Aly Ngouille Ndiaye, un d\u00e9part attendu"},"content":{"rendered":"\n<p><\/p>\n\n\n\n<p><a href=\"https:\/\/lequotidien.sn\/\">lequotidien.sn<\/a><\/p>\n\n\n\n<figure class=\"wp-block-image size-full\"><img loading=\"lazy\" decoding=\"async\" width=\"650\" height=\"434\" src=\"https:\/\/lestracesdelinfo.com\/wp-content\/uploads\/2023\/09\/Aly-Ngouille-Ndiaye-1.jpg\" alt=\"\" class=\"wp-image-53520\" srcset=\"https:\/\/lestracesdelinfo.com\/wp-content\/uploads\/2023\/09\/Aly-Ngouille-Ndiaye-1.jpg 650w, https:\/\/lestracesdelinfo.com\/wp-content\/uploads\/2023\/09\/Aly-Ngouille-Ndiaye-1-300x200.jpg 300w\" sizes=\"auto, (max-width: 650px) 100vw, 650px\" \/><\/figure>\n\n\n\n<p>Depuis l\u2019ouverture des candidatures, il \u00e9tait s\u00fbr et certain que Aly Ngouille allait \u00eatre candidat qu\u2019il soit choisi par Macky ou pas. Donc, il a d\u00e9cid\u00e9 de tenter sa chance pour 2024. \u00c9videmment, sa d\u00e9mission du gouvernement est une suite logique. Une d\u00e9cision attendue. Va-t-il s\u2019allier avec qui ? Ce qui annonce aussi d\u2019autres d\u00e9parts de la coalition pr\u00e9sidentielle. Son d\u00e9part du minist\u00e8re de l\u2019Agriculture impose au Pr\u00e9sident Sall un remaniement car il faut pourvoir les d\u00e9partements des Sports et de l\u2019Elevage. Sinon ce sera trop de cumuls pour Amadou Ba\u2026.<\/p>\n\n\n\n<p><a href=\"https:\/\/lequotidien.sn\/\">lequotidien.sn<\/a><\/p>\n","protected":false},"excerpt":{"rendered":"<p>lequotidien.sn Depuis l\u2019ouverture des candidatures, il \u00e9tait s\u00fbr et certain que Aly Ngouille allait \u00eatre candidat qu\u2019il soit choisi par Macky ou pas. Donc, il a d\u00e9cid\u00e9 de tenter sa chance pour 2024. \u00c9videmment, sa d\u00e9mission du gouvernement est une suite logique. Une d\u00e9cision attendue. Va-t-il s\u2019allier avec qui ? Ce qui annonce aussi d\u2019autres [&hellip;]<\/p>\n","protected":false},"author":2,"featured_media":53518,"comment_status":"open","ping_status":"open","sticky":false,"template":"","format":"standard","meta":{"footnotes":""},"categories":[1],"tags":[],"class_list":["post-53517","post","type-post","status-publish","format-standard","has-post-thumbnail","hentry","category-aucun"],"_links":{"self":[{"href":"https:\/\/lestracesdelinfo.com\/index.php\/wp-json\/wp\/v2\/posts\/53517","targetHints":{"allow":["GET"]}}],"collection":[{"href":"https:\/\/lestracesdelinfo.com\/index.php\/wp-json\/wp\/v2\/posts"}],"about":[{"href":"https:\/\/lestracesdelinfo.com\/index.php\/wp-json\/wp\/v2\/types\/post"}],"author":[{"embeddable":true,"href":"https:\/\/lestracesdelinfo.com\/index.php\/wp-json\/wp\/v2\/users\/2"}],"replies":[{"embeddable":true,"href":"https:\/\/lestracesdelinfo.com\/index.php\/wp-json\/wp\/v2\/comments?post=53517"}],"version-history":[{"count":3,"href":"https:\/\/lestracesdelinfo.com\/index.php\/wp-json\/wp\/v2\/posts\/53517\/revisions"}],"predecessor-version":[{"id":53523,"href":"https:\/\/lestracesdelinfo.com\/index.php\/wp-json\/wp\/v2\/posts\/53517\/revisions\/53523"}],"wp:featuredmedia":[{"embeddable":true,"href":"https:\/\/lestracesdelinfo.com\/index.php\/wp-json\/wp\/v2\/media\/53518"}],"wp:attachment":[{"href":"https:\/\/lestracesdelinfo.com\/index.php\/wp-json\/wp\/v2\/media?parent=53517"}],"wp:term":[{"taxonomy":"category","embeddable":true,"href":"https:\/\/lestracesdelinfo.com\/index.php\/wp-json\/wp\/v2\/categories?post=53517"},{"taxonomy":"post_tag","embeddable":true,"href":"https:\/\/lestracesdelinfo.com\/index.php\/wp-json\/wp\/v2\/tags?post=53517"}],"curies":[{"name":"wp","href":"https:\/\/api.w.org\/{rel}","templated":true}]}}