{"id":53524,"date":"2023-09-12T06:56:53","date_gmt":"2023-09-12T06:56:53","guid":{"rendered":"https:\/\/lestracesdelinfo.com\/?p=53524"},"modified":"2023-09-12T06:56:56","modified_gmt":"2023-09-12T06:56:56","slug":"la-france-dement-preparer-une-intervention-militaire-au-niger-avec-la-cedeao","status":"publish","type":"post","link":"https:\/\/lestracesdelinfo.com\/index.php\/2023\/09\/12\/la-france-dement-preparer-une-intervention-militaire-au-niger-avec-la-cedeao\/","title":{"rendered":"La France d\u00e9ment pr\u00e9parer une intervention militaire au Niger avec la Cedeao"},"content":{"rendered":"\n<p><img loading=\"lazy\" decoding=\"async\" src=\"https:\/\/cridem.org\/media\/photos\/photo\/macron_33LV4U9_preview_0.jpeg\" alt=\"La France d\u00e9ment pr\u00e9parer une intervention militaire au Niger avec la Cedeao\" width=\"300\" height=\"200\"><\/p>\n\n\n\n<p>Le Monde Afrique &#8211; Les tensions entre Paris et Niamey ont donn\u00e9 lieu \u00e0 une nouvelle passe d\u2019armes ce week-end. Tout en continuant de refuser un retrait rapide de ses troupes du Niger, la France a d\u00e9menti les accusations port\u00e9es samedi 9 septembre par la junte, qui lui reproche de \u00ab d\u00e9ployer ses forces dans plusieurs pays de la Cedeao [Communaut\u00e9 \u00e9conomique des Etats de l\u2019Afrique de l\u2019Ouest] dans le cadre de pr\u00e9paratifs d\u2019une agression contre le Niger, qu\u2019elle envisage en collaboration avec cette organisation communautaire \u00bb.<br><br>Apr\u00e8s le coup d\u2019Etat du 26 juillet, la Cedeao avait brandi la menace d\u2019une intervention militaire comme dernier recours en cas d\u2019\u00e9chec des n\u00e9gociations, afin de r\u00e9tablir l\u2019ordre constitutionnel, de lib\u00e9rer le pr\u00e9sident renvers\u00e9 Mohamed Bazoum et de le restaurer dans ses fonctions. Une d\u00e9cision soutenue par la France, qui compte environ 1 500 soldats au Niger.<br><br>Selon le communiqu\u00e9 des militaires nig\u00e9riens lu samedi \u00e0 la t\u00e9l\u00e9vision, depuis le 1er septembre, \u00ab deux a\u00e9ronefs de transport militaire type A400M et un Dornier 328 ont \u00e9t\u00e9 d\u00e9ploy\u00e9s en renfort en C\u00f4te d\u2019Ivoire \u00bb, et \u00ab deux h\u00e9licopt\u00e8res multir\u00f4les type Super Puma \u00bb et \u00ab une quarantaine de v\u00e9hicules blind\u00e9s \u00bb l\u2019ont \u00e9t\u00e9 \u00ab \u00e0 Kandi et Malanville, au B\u00e9nin \u00bb.<br><br>\u00ab Le 7 septembre 2023, un navire militaire fran\u00e7ais a accost\u00e9 \u00e0 Cotonou [au B\u00e9nin] avec \u00e0 son bord du personnel et des moyens militaires \u00bb, ajoute le communiqu\u00e9, tout en assurant que \u00ab des centaines de rotations d\u2019avions militaires cargo \u00bb avaient permis de d\u00e9barquer d\u2019importantes quantit\u00e9s de mat\u00e9riel et d\u2019\u00e9quipements de guerre au S\u00e9n\u00e9gal, en C\u00f4te d\u2019Ivoire et au B\u00e9nin.<br><br>Interrog\u00e9e par l\u2019AFP, une source militaire fran\u00e7aise a d\u00e9menti, dimanche, ces accusations. \u00ab Rien de tout cela n\u2019est ni en pr\u00e9paration, ni en intention. Il n\u2019y a pas d\u2019intervention, d\u2019attaque pr\u00e9vue contre le Niger \u00bb, a-t-elle indiqu\u00e9, alors que le partenariat militaire avec les forces nig\u00e9riennes est suspendu depuis le 26 juillet et que les troupes fran\u00e7aises sont immobilis\u00e9es sur les diff\u00e9rentes bases qu\u2019elles occupent dans le pays, \u00e0 Niamey, Ouallam et Ayorou.<br><br><strong>Posture de fermet\u00e9<\/strong><br><br>Selon cette source, jointe \u00e9galement par Le Monde, le bateau au large de Cotonou \u00e9voqu\u00e9 par la junte est le porte-h\u00e9licopt\u00e8res amphibie Mistral, qui a appareill\u00e9 de Toulon \u00ab il y a presque un mois \u00bb. Le Mistral est engag\u00e9 dans l\u2019op\u00e9ration \u00ab Corymbe \u00bb, qui a lieu chaque ann\u00e9e dans le golfe de Guin\u00e9e pour assurer une mission de s\u00e9curit\u00e9 maritime (p\u00eache illicite, trafic de stup\u00e9fiants\u2026) en coop\u00e9ration avec les pays riverains.<br><br>D\u2019apr\u00e8s ce responsable fran\u00e7ais, l\u2019arm\u00e9e fran\u00e7aise ne dispose n\u2019a pas non plus, en propre, d\u2019avion Dornier 328. De m\u00eame, \u00ab il n\u2019y a pas de blind\u00e9s fran\u00e7ais dans le nord du B\u00e9nin [\u2026] mais l\u2019arm\u00e9e fran\u00e7aise n\u2019a pas de visibilit\u00e9 sur d\u2019\u00e9ventuels mouvements de l\u2019arm\u00e9e b\u00e9ninoise \u00bb. \u00ab Des rotations d\u2019avions peuvent avoir lieu dans les pays o\u00f9 nous avons encore des troupes, comme il y en a r\u00e9guli\u00e8rement, mais s\u00fbrement pas dans les proportions \u00bb indiqu\u00e9es par la junte, pr\u00e9cise-t-il enfin.<br><br>Emmanuel Macron s\u2019est \u00e9galement exprim\u00e9 sur ces accusations, dimanche, lors d\u2019une conf\u00e9rence de presse \u00e0 l\u2019issue d\u2019un sommet du G20 en Inde. \u00ab Nous ne reconnaissons aucune l\u00e9gitimit\u00e9 aux d\u00e9clarations des putschistes \u00bb, a-t-il indiqu\u00e9, rappelant la posture de fermet\u00e9 fran\u00e7aise vis-\u00e0-vis de la junte. Alors que des discussions ont officiellement commenc\u00e9 \u00e0 un \u00e9chelon militaire, d\u00e9but septembre, sur les modalit\u00e9s d\u2019un \u00e9ventuel retrait des troupes fran\u00e7aises du Niger \u2013 comme r\u00e9clam\u00e9 par les putschistes \u2013, le chef de l\u2019Etat a ajout\u00e9 une nouvelle condition \u00e0 ce d\u00e9part : qu\u2019il soit demand\u00e9 par Mohamed Bazoum, actuellement s\u00e9questr\u00e9 par les militaires nig\u00e9riens au pouvoir.<br><br>\u00ab Si nous red\u00e9ployons quoi que ce soit, je ne le ferai qu\u2019\u00e0 la demande du pr\u00e9sident Bazoum et en coordination avec lui, pas avec des responsables qui aujourd\u2019hui prennent en otage un pr\u00e9sident, a affirm\u00e9 M. Macron. Sur le reste, je n\u2019ai pas d\u2019intention tant que la situation est celle-ci. Elle g\u00e8le en quelque sorte tout, puisque la seule personne avec qui nous avons \u00e0 l\u00e9gitimement parler est le pr\u00e9sident Bazoum. \u00bb<br><br>Depuis plus d\u2019une semaine, de jour comme de nuit, des milliers de personnes sont rassembl\u00e9es \u00e0 Niamey, au rond-point de l\u2019Escadrille, sur une route qui m\u00e8ne \u00e0 la principale base militaire abritant des soldats fran\u00e7ais, afin de r\u00e9clamer leur d\u00e9part.<br><br>Elise Vincent(avec AFP)<br><br><br><br><\/p>\n","protected":false},"excerpt":{"rendered":"<p>Le Monde Afrique &#8211; Les tensions entre Paris et Niamey ont donn\u00e9 lieu \u00e0 une nouvelle passe d\u2019armes ce week-end. Tout en continuant de refuser un retrait rapide de ses troupes du Niger, la France a d\u00e9menti les accusations port\u00e9es samedi 9 septembre par la junte, qui lui reproche de \u00ab d\u00e9ployer ses forces dans [&hellip;]<\/p>\n","protected":false},"author":2,"featured_media":53525,"comment_status":"open","ping_status":"open","sticky":false,"template":"","format":"standard","meta":{"footnotes":""},"categories":[1],"tags":[],"class_list":["post-53524","post","type-post","status-publish","format-standard","has-post-thumbnail","hentry","category-aucun"],"_links":{"self":[{"href":"https:\/\/lestracesdelinfo.com\/index.php\/wp-json\/wp\/v2\/posts\/53524","targetHints":{"allow":["GET"]}}],"collection":[{"href":"https:\/\/lestracesdelinfo.com\/index.php\/wp-json\/wp\/v2\/posts"}],"about":[{"href":"https:\/\/lestracesdelinfo.com\/index.php\/wp-json\/wp\/v2\/types\/post"}],"author":[{"embeddable":true,"href":"https:\/\/lestracesdelinfo.com\/index.php\/wp-json\/wp\/v2\/users\/2"}],"replies":[{"embeddable":true,"href":"https:\/\/lestracesdelinfo.com\/index.php\/wp-json\/wp\/v2\/comments?post=53524"}],"version-history":[{"count":1,"href":"https:\/\/lestracesdelinfo.com\/index.php\/wp-json\/wp\/v2\/posts\/53524\/revisions"}],"predecessor-version":[{"id":53526,"href":"https:\/\/lestracesdelinfo.com\/index.php\/wp-json\/wp\/v2\/posts\/53524\/revisions\/53526"}],"wp:featuredmedia":[{"embeddable":true,"href":"https:\/\/lestracesdelinfo.com\/index.php\/wp-json\/wp\/v2\/media\/53525"}],"wp:attachment":[{"href":"https:\/\/lestracesdelinfo.com\/index.php\/wp-json\/wp\/v2\/media?parent=53524"}],"wp:term":[{"taxonomy":"category","embeddable":true,"href":"https:\/\/lestracesdelinfo.com\/index.php\/wp-json\/wp\/v2\/categories?post=53524"},{"taxonomy":"post_tag","embeddable":true,"href":"https:\/\/lestracesdelinfo.com\/index.php\/wp-json\/wp\/v2\/tags?post=53524"}],"curies":[{"name":"wp","href":"https:\/\/api.w.org\/{rel}","templated":true}]}}