{"id":53543,"date":"2023-09-12T08:23:27","date_gmt":"2023-09-12T08:23:27","guid":{"rendered":"https:\/\/lestracesdelinfo.com\/?p=53543"},"modified":"2023-09-12T08:23:29","modified_gmt":"2023-09-12T08:23:29","slug":"mali-situation-tendue-dans-le-nord-entre-les-groupes-armes-et-le-gouvernement","status":"publish","type":"post","link":"https:\/\/lestracesdelinfo.com\/index.php\/2023\/09\/12\/mali-situation-tendue-dans-le-nord-entre-les-groupes-armes-et-le-gouvernement\/","title":{"rendered":"Mali: situation tendue dans le nord entre les groupes arm\u00e9s et le gouvernement"},"content":{"rendered":"\n<p><strong>RFI<\/strong><\/p>\n\n\n\n<p>Au Mali, le climat se d\u00e9t\u00e9riore entre les principaux groupes arm\u00e9s du nord signataires en 2015 d&rsquo;un accord de paix avec le gouvernement. Samedi, les ex-rebelles de la Coordination des mouvements de l&rsquo;Azawad (CMA) ont affirm\u00e9 avoir abattu, dans le nord, un avion de l&rsquo;arm\u00e9e nationale qui aurait attaqu\u00e9 une de leurs positions, et ce dimanche, ils annoncent se pr\u00e9parer \u00e0 se d\u00e9fendre militairement contre la junte au pouvoir \u00e0 Bamako.<\/p>\n\n\n\n<p>RFI<\/p>\n\n\n\n<figure class=\"wp-block-image\"><img decoding=\"async\" src=\"https:\/\/s.rfi.fr\/media\/display\/8f3e0338-5007-11ee-bca0-005056a90321\/w:980\/p:16x9\/000_8RG2RK.jpg\" alt=\"Kidal, dans le nord du Mali, en 2020 (photo d'illustration).\"\/><figcaption class=\"wp-element-caption\">Kidal, dans le nord du Mali, en 2020 (photo d&rsquo;illustration).&nbsp;AFP &#8211; SOULEYMANE AG ANARA<\/figcaption><\/figure>\n\n\n\n<p>Par :<a href=\"https:\/\/www.rfi.fr\/fr\/auteur\/rfi\/\">RFI<\/a><\/p>\n\n\n\n<p><em>Dans notre correspondant r\u00e9gional,<\/em>&nbsp;<strong>Serge Daniel<\/strong><\/p>\n\n\n\n<p>Sur le terrain dans le nord du Mali, plusieurs sources confirment&nbsp;: tout comme l&rsquo;arm\u00e9e malienne, les ex-rebelles de la Coordination des mouvements de l&rsquo;Azawad ont consid\u00e9rablement renforc\u00e9 leurs positions.<\/p>\n\n\n\n<p>Un diplomate africain en poste \u00e0 Bamako s&rsquo;inqui\u00e8te et s&rsquo;interroge&nbsp;: \u00ab<em>&nbsp;\u00c7a devient tendu, les ex-rebelles de la CMA ont sorti un arsenal de guerre et on peut se demander d&rsquo;o\u00f9 \u00e7a vient.<\/em>&nbsp;\u00bb<\/p>\n\n\n\n<p>Dans un communiqu\u00e9, la CMA affirme qu&rsquo;\u00e0 l&rsquo;aide de sa DCA (d\u00e9fense contre avion), elle a abattu ce week-end dans le nord, un avion de l&rsquo;arm\u00e9e malienne, qui aurait attaqu\u00e9 une de ses positions. Le gouvernement malien n&rsquo;a pour le moment ni confirm\u00e9, ni infirm\u00e9 l&rsquo;information.<\/p>\n\n\n\n<p>En attendant, Il ne reste plus grand-chose de l&rsquo;accord de paix sign\u00e9 en 2015 entre les deux parties, notent les observateurs, qui craignent une reprise des hostilit\u00e9s.<\/p>\n\n\n\n<p>L&rsquo;enjeu imm\u00e9diat : qui occupera les camps militaires que la mission des Nations unies, la Minusma, s&rsquo;appr\u00eate \u00e0 quitter dans le nord-est ?<\/p>\n\n\n\n<p>Les ex-rebelles sont clairs : contrairement au nord-ouest du pays, o\u00f9 l&rsquo;arm\u00e9e malienne a r\u00e9cemment h\u00e9rit\u00e9 du camp de la localit\u00e9 de Ber laiss\u00e9 par la mission de l&rsquo;ONU, il n&rsquo;est pas question de laisser les troupes maliennes s&rsquo;installer dans de nouveaux camps, surtout dans la r\u00e9gion de Kidal, sous contr\u00f4le de la CMA.<\/p>\n\n\n\n<p>RFI<\/p>\n","protected":false},"excerpt":{"rendered":"<p>RFI Au Mali, le climat se d\u00e9t\u00e9riore entre les principaux groupes arm\u00e9s du nord signataires en 2015 d&rsquo;un accord de paix avec le gouvernement. Samedi, les ex-rebelles de la Coordination des mouvements de l&rsquo;Azawad (CMA) ont affirm\u00e9 avoir abattu, dans le nord, un avion de l&rsquo;arm\u00e9e nationale qui aurait attaqu\u00e9 une de leurs positions, et [&hellip;]<\/p>\n","protected":false},"author":2,"featured_media":53544,"comment_status":"open","ping_status":"open","sticky":false,"template":"","format":"standard","meta":{"footnotes":""},"categories":[1],"tags":[],"class_list":["post-53543","post","type-post","status-publish","format-standard","has-post-thumbnail","hentry","category-aucun"],"_links":{"self":[{"href":"https:\/\/lestracesdelinfo.com\/index.php\/wp-json\/wp\/v2\/posts\/53543","targetHints":{"allow":["GET"]}}],"collection":[{"href":"https:\/\/lestracesdelinfo.com\/index.php\/wp-json\/wp\/v2\/posts"}],"about":[{"href":"https:\/\/lestracesdelinfo.com\/index.php\/wp-json\/wp\/v2\/types\/post"}],"author":[{"embeddable":true,"href":"https:\/\/lestracesdelinfo.com\/index.php\/wp-json\/wp\/v2\/users\/2"}],"replies":[{"embeddable":true,"href":"https:\/\/lestracesdelinfo.com\/index.php\/wp-json\/wp\/v2\/comments?post=53543"}],"version-history":[{"count":1,"href":"https:\/\/lestracesdelinfo.com\/index.php\/wp-json\/wp\/v2\/posts\/53543\/revisions"}],"predecessor-version":[{"id":53545,"href":"https:\/\/lestracesdelinfo.com\/index.php\/wp-json\/wp\/v2\/posts\/53543\/revisions\/53545"}],"wp:featuredmedia":[{"embeddable":true,"href":"https:\/\/lestracesdelinfo.com\/index.php\/wp-json\/wp\/v2\/media\/53544"}],"wp:attachment":[{"href":"https:\/\/lestracesdelinfo.com\/index.php\/wp-json\/wp\/v2\/media?parent=53543"}],"wp:term":[{"taxonomy":"category","embeddable":true,"href":"https:\/\/lestracesdelinfo.com\/index.php\/wp-json\/wp\/v2\/categories?post=53543"},{"taxonomy":"post_tag","embeddable":true,"href":"https:\/\/lestracesdelinfo.com\/index.php\/wp-json\/wp\/v2\/tags?post=53543"}],"curies":[{"name":"wp","href":"https:\/\/api.w.org\/{rel}","templated":true}]}}