{"id":53689,"date":"2023-09-17T09:10:07","date_gmt":"2023-09-17T09:10:07","guid":{"rendered":"https:\/\/lestracesdelinfo.com\/?p=53689"},"modified":"2023-09-17T09:10:09","modified_gmt":"2023-09-17T09:10:09","slug":"presidentielle-2024-add-officialise-son-soutien-a-amadou-ba","status":"publish","type":"post","link":"https:\/\/lestracesdelinfo.com\/index.php\/2023\/09\/17\/presidentielle-2024-add-officialise-son-soutien-a-amadou-ba\/","title":{"rendered":"Pr\u00e9sidentielle 2024 : ADD officialise son soutien \u00e0 Amadou Ba"},"content":{"rendered":"\n<p><a href=\"https:\/\/lequotidien.sn\/author\/aicha\/\">Lequotidien<\/a><\/p>\n\n\n\n<figure class=\"wp-block-image\"><img decoding=\"async\" src=\"https:\/\/lequotidien.sn\/wp-content\/uploads\/2022\/05\/Abdoulaye-Daouda-DIALLO.jpg\" alt=\"\"\/><\/figure>\n\n\n\n<p>Apr\u00e8s avoir fait languir ses soutiens et les militants de Benno, Abdoulaye Daouda Diallo a officialis\u00e9 son soutien \u00e0 Amadou Ba choisi comme le candidat de Benno \u00e0 la Pr\u00e9sidentielle 2024. Il fait l\u2019annonce ce samedi en soutenant qu\u2019il a r\u00e9pondu \u00e0 l\u2019appel \u00e0 l\u2019unit\u00e9 du Pr\u00e9sident Sall qui n\u2019a pas voulu pr\u00e9senter une troisi\u00e8me candidature. Le Pr\u00e9sident du Cese est donc rentr\u00e9 dans les rangs apr\u00e8s avoir agit\u00e9 sa candidature et pouss\u00e9 le chef de l\u2019Etat \u00e0 lui promettre certaines garanties en cas de victoire en 2024. D\u00e9sormais, Aly Ngouille est le seul \u00e0 avoir pris la voie parall\u00e8le \u00e0 Amadou Ba. En attendant Dionne ?<\/p>\n\n\n\n<p><\/p>\n\n\n\n<p><a href=\"https:\/\/lequotidien.sn\/author\/aicha\/\"><\/a><\/p>\n","protected":false},"excerpt":{"rendered":"<p>Lequotidien Apr\u00e8s avoir fait languir ses soutiens et les militants de Benno, Abdoulaye Daouda Diallo a officialis\u00e9 son soutien \u00e0 Amadou Ba choisi comme le candidat de Benno \u00e0 la Pr\u00e9sidentielle 2024. Il fait l\u2019annonce ce samedi en soutenant qu\u2019il a r\u00e9pondu \u00e0 l\u2019appel \u00e0 l\u2019unit\u00e9 du Pr\u00e9sident Sall qui n\u2019a pas voulu pr\u00e9senter une [&hellip;]<\/p>\n","protected":false},"author":2,"featured_media":53690,"comment_status":"open","ping_status":"open","sticky":false,"template":"","format":"standard","meta":{"footnotes":""},"categories":[1],"tags":[],"class_list":["post-53689","post","type-post","status-publish","format-standard","has-post-thumbnail","hentry","category-aucun"],"_links":{"self":[{"href":"https:\/\/lestracesdelinfo.com\/index.php\/wp-json\/wp\/v2\/posts\/53689","targetHints":{"allow":["GET"]}}],"collection":[{"href":"https:\/\/lestracesdelinfo.com\/index.php\/wp-json\/wp\/v2\/posts"}],"about":[{"href":"https:\/\/lestracesdelinfo.com\/index.php\/wp-json\/wp\/v2\/types\/post"}],"author":[{"embeddable":true,"href":"https:\/\/lestracesdelinfo.com\/index.php\/wp-json\/wp\/v2\/users\/2"}],"replies":[{"embeddable":true,"href":"https:\/\/lestracesdelinfo.com\/index.php\/wp-json\/wp\/v2\/comments?post=53689"}],"version-history":[{"count":1,"href":"https:\/\/lestracesdelinfo.com\/index.php\/wp-json\/wp\/v2\/posts\/53689\/revisions"}],"predecessor-version":[{"id":53691,"href":"https:\/\/lestracesdelinfo.com\/index.php\/wp-json\/wp\/v2\/posts\/53689\/revisions\/53691"}],"wp:featuredmedia":[{"embeddable":true,"href":"https:\/\/lestracesdelinfo.com\/index.php\/wp-json\/wp\/v2\/media\/53690"}],"wp:attachment":[{"href":"https:\/\/lestracesdelinfo.com\/index.php\/wp-json\/wp\/v2\/media?parent=53689"}],"wp:term":[{"taxonomy":"category","embeddable":true,"href":"https:\/\/lestracesdelinfo.com\/index.php\/wp-json\/wp\/v2\/categories?post=53689"},{"taxonomy":"post_tag","embeddable":true,"href":"https:\/\/lestracesdelinfo.com\/index.php\/wp-json\/wp\/v2\/tags?post=53689"}],"curies":[{"name":"wp","href":"https:\/\/api.w.org\/{rel}","templated":true}]}}