{"id":53721,"date":"2023-09-18T07:57:40","date_gmt":"2023-09-18T07:57:40","guid":{"rendered":"https:\/\/lestracesdelinfo.com\/?p=53721"},"modified":"2023-09-18T07:57:43","modified_gmt":"2023-09-18T07:57:43","slug":"mali-des-hommes-armes-semparent-de-deux-camps-militaires","status":"publish","type":"post","link":"https:\/\/lestracesdelinfo.com\/index.php\/2023\/09\/18\/mali-des-hommes-armes-semparent-de-deux-camps-militaires\/","title":{"rendered":"\u00a0Mali : des hommes arm\u00e9s s&#8217;emparent de deux camps militaires"},"content":{"rendered":"\n<figure class=\"wp-block-image size-full\"><img loading=\"lazy\" decoding=\"async\" width=\"616\" height=\"347\" src=\"https:\/\/lestracesdelinfo.com\/wp-content\/uploads\/2023\/09\/telechargement-6.webp\" alt=\"\" class=\"wp-image-53722\" srcset=\"https:\/\/lestracesdelinfo.com\/wp-content\/uploads\/2023\/09\/telechargement-6.webp 616w, https:\/\/lestracesdelinfo.com\/wp-content\/uploads\/2023\/09\/telechargement-6-300x169.webp 300w\" sizes=\"auto, (max-width: 616px) 100vw, 616px\" \/><\/figure>\n\n\n\n<p><strong>Le Figaro &#8211; <\/strong>Des hommes arm\u00e9s se sont empar\u00e9s dimanche de deux camps militaires dans le nord du Mali, ont indiqu\u00e9 \u00e0 l&rsquo;AFP deux \u00e9lus locaux, tandis qu&rsquo;un porte-parole d&rsquo;une alliance de groupes arm\u00e9s \u00e0 dominante touareg revendiquait l&rsquo;attaque.<br><br>L&rsquo;arm\u00e9e malienne a confirm\u00e9 sur les r\u00e9seaux sociaux que la ville de L\u00e9r\u00e9, dans la r\u00e9gion de Tombouctou, avait \u00e9t\u00e9 attaqu\u00e9e vers 13h30 locale (15h30 GMT). Elle a pr\u00e9cis\u00e9 que des informations plus d\u00e9taill\u00e9es suivraient.<br><br>Un officiel militaire malien a indiqu\u00e9 \u00e0 l&rsquo;AFP : \u00abNous sommes en train de faire face \u00e0 la situation. Pour le moment nous n&rsquo;en dirons pas plus\u00bb. \u00abDes hommes arm\u00e9s ont attaqu\u00e9 dimanche les deux camps de la ville de L\u00e9r\u00e9\u00bb, a expliqu\u00e9 \u00e0 l&rsquo;AFP un \u00e9lu local.<br><br>\u00abApr\u00e8s des combats, ces hommes arm\u00e9s ont pris les camps. On attend le renfort de l&rsquo;arm\u00e9e. Mais pour le moment ce sont les hommes arm\u00e9s qui ont les camps en main\u00bb, a-t-il ajout\u00e9.<br><br><strong>Attaque revendiqu\u00e9e par une alliance de groupes s\u00e9paratistes<\/strong><br><br>Un deuxi\u00e8me \u00e9lu local a confirm\u00e9 l&rsquo;attaque de deux camps, pr\u00e9cisant qu&rsquo;il y avait des morts mais sans pouvoir en indiquer le nombre. Almou Ag Mohamed, un porte-parole de la Coordination des mouvements de l&rsquo;Azawad (CMA), alliance de groupes s\u00e9paratistes domin\u00e9e par les Touaregs, a revendiqu\u00e9 l&rsquo;attaque.<br><br>\u00abNous avons attaqu\u00e9 et pris le contr\u00f4le des deux camps militaires de la localit\u00e9 de L\u00e9r\u00e9 ce dimanche. Les camps sont sous notre contr\u00f4le\u00bb, a-t-il d\u00e9clar\u00e9, en pr\u00e9cisant : \u00abNous avons abattu un avion de l&rsquo;arm\u00e9e\u00bb. Les officiels maliens n&rsquo;ont pas nomm\u00e9 les assaillants.<br><br>Mais une telle op\u00e9ration de la part des groupes arm\u00e9s confirme \u00e0 nouveau la faillite de l&rsquo;accord de paix sign\u00e9 en 2015 par une alliance de groupes arm\u00e9s \u00e0 dominante touareg entr\u00e9s en r\u00e9bellion contre l&rsquo;\u00c9tat central en 2012, par le gouvernement et par des groupes arm\u00e9s loyalistes. Mardi, ces m\u00eames groupes arm\u00e9s ont lanc\u00e9 une offensive contre la ville de garnison de Bourem, que l&rsquo;arm\u00e9e \u00e0 dit avoir repouss\u00e9e. Les adversaires ont fait des r\u00e9cits diff\u00e9rents des \u00e9v\u00e8nements, mais tous deux fait \u00e9tat de dizaines de morts.<br><br>Les rivalit\u00e9s se sont intensifi\u00e9es ces derni\u00e8res semaines entre la multitude d&rsquo;acteurs arm\u00e9s se disputant le contr\u00f4le de cette r\u00e9gion du nord du Mali: groupes djihadistes contre arm\u00e9e malienne, groupes djihadistes entre eux, groupes arm\u00e9s touareg contre djihadistes, et groupes touareg face \u00e0 l&rsquo;arm\u00e9e malienne.<br><br>Cette escalade co\u00efncide avec une reconfiguration s\u00e9curitaire dans le nord apr\u00e8s le d\u00e9part de la force antidjihadiste fran\u00e7aise en 2022 et celui, en cours, de la mission de l&rsquo;ONU (Minusma), toutes deux pouss\u00e9es vers la sortie par la junte.<br><br>Le Figaro avec AFP<\/p>\n","protected":false},"excerpt":{"rendered":"<p>Le Figaro &#8211; Des hommes arm\u00e9s se sont empar\u00e9s dimanche de deux camps militaires dans le nord du Mali, ont indiqu\u00e9 \u00e0 l&rsquo;AFP deux \u00e9lus locaux, tandis qu&rsquo;un porte-parole d&rsquo;une alliance de groupes arm\u00e9s \u00e0 dominante touareg revendiquait l&rsquo;attaque. L&rsquo;arm\u00e9e malienne a confirm\u00e9 sur les r\u00e9seaux sociaux que la ville de L\u00e9r\u00e9, dans la r\u00e9gion [&hellip;]<\/p>\n","protected":false},"author":2,"featured_media":53723,"comment_status":"open","ping_status":"open","sticky":false,"template":"","format":"standard","meta":{"footnotes":""},"categories":[1],"tags":[],"class_list":["post-53721","post","type-post","status-publish","format-standard","has-post-thumbnail","hentry","category-aucun"],"_links":{"self":[{"href":"https:\/\/lestracesdelinfo.com\/index.php\/wp-json\/wp\/v2\/posts\/53721","targetHints":{"allow":["GET"]}}],"collection":[{"href":"https:\/\/lestracesdelinfo.com\/index.php\/wp-json\/wp\/v2\/posts"}],"about":[{"href":"https:\/\/lestracesdelinfo.com\/index.php\/wp-json\/wp\/v2\/types\/post"}],"author":[{"embeddable":true,"href":"https:\/\/lestracesdelinfo.com\/index.php\/wp-json\/wp\/v2\/users\/2"}],"replies":[{"embeddable":true,"href":"https:\/\/lestracesdelinfo.com\/index.php\/wp-json\/wp\/v2\/comments?post=53721"}],"version-history":[{"count":1,"href":"https:\/\/lestracesdelinfo.com\/index.php\/wp-json\/wp\/v2\/posts\/53721\/revisions"}],"predecessor-version":[{"id":53724,"href":"https:\/\/lestracesdelinfo.com\/index.php\/wp-json\/wp\/v2\/posts\/53721\/revisions\/53724"}],"wp:featuredmedia":[{"embeddable":true,"href":"https:\/\/lestracesdelinfo.com\/index.php\/wp-json\/wp\/v2\/media\/53723"}],"wp:attachment":[{"href":"https:\/\/lestracesdelinfo.com\/index.php\/wp-json\/wp\/v2\/media?parent=53721"}],"wp:term":[{"taxonomy":"category","embeddable":true,"href":"https:\/\/lestracesdelinfo.com\/index.php\/wp-json\/wp\/v2\/categories?post=53721"},{"taxonomy":"post_tag","embeddable":true,"href":"https:\/\/lestracesdelinfo.com\/index.php\/wp-json\/wp\/v2\/tags?post=53721"}],"curies":[{"name":"wp","href":"https:\/\/api.w.org\/{rel}","templated":true}]}}