{"id":53735,"date":"2023-09-18T18:56:49","date_gmt":"2023-09-18T18:56:49","guid":{"rendered":"https:\/\/lestracesdelinfo.com\/?p=53735"},"modified":"2023-09-18T18:58:52","modified_gmt":"2023-09-18T18:58:52","slug":"53735","status":"publish","type":"post","link":"https:\/\/lestracesdelinfo.com\/index.php\/2023\/09\/18\/53735\/","title":{"rendered":"Le Pr\u00e9sident de la R\u00e9publique se rend aux \u00c9tats-Unis d\u2019Am\u00e9rique"},"content":{"rendered":"\n<p>ami<\/p>\n\n\n\n<figure class=\"wp-block-image\"><a href=\"https:\/\/ami.mr\/fr\/wp-content\/uploads\/2023\/09\/18-09-2023-002.jpg\"><img decoding=\"async\" src=\"https:\/\/ami.mr\/fr\/wp-content\/uploads\/2023\/09\/18-09-2023-002-750x430.jpg\" alt=\"\"\/><\/a><\/figure>\n\n\n\n<p>Son Excellence le Pr\u00e9sident de la R\u00e9publique, M. Mohamed Ould Cheikh El Ghazouani, a quitt\u00e9 Nouakchott lundi matin, \u00e0 destination de New York (\u00c9tats-Unis d\u2019Am\u00e9rique), pour assister aux travaux du 78\u00e8me session de l\u2019Assembl\u00e9e g\u00e9n\u00e9rale des Nations Unies pr\u00e9vue du 19 au 26 du mois courant.<\/p>\n\n\n\n<p>A son d\u00e9part de l\u2019a\u00e9roport international de Nouakchott (Oumtounsy), Son Excellence le Pr\u00e9sident de la R\u00e9publique a \u00e9t\u00e9 salu\u00e9 par le Premier ministre, M. Mohamed Bilal Messoud, le ministre secr\u00e9taire g\u00e9n\u00e9ral de la Pr\u00e9sidence de la R\u00e9publique, le ministre conseiller \u00e0 la Pr\u00e9sidence de la R\u00e9publique, un certain nombre de membres du gouvernement, le chef d\u2019\u00e9tat-major particulier du Pr\u00e9sident de la R\u00e9publique et la directrice adjointe de Cabinet de la Pr\u00e9sidence de la R\u00e9publique, le wali de Nouakchott- Ouest et la vice-pr\u00e9sidente de la r\u00e9gion de Nouakchott.<\/p>\n\n\n\n<p>Le Pr\u00e9sident de la R\u00e9publique est accompagn\u00e9 d\u2019une importante d\u00e9l\u00e9gation qui comprend :<\/p>\n\n\n\n<p>\u2013 Mokhtar Ould Diay, ministre, directeur de Cabinet du Pr\u00e9sident de la R\u00e9publique,<\/p>\n\n\n\n<p>\u2013 Mohamed Salem Ould Merzoug, ministre des Affaires \u00e9trang\u00e8res, de la Coop\u00e9ration et des Mauritaniens de l\u2019Ext\u00e9rieur,<\/p>\n\n\n\n<p>\u2013 Abdessalam Ould Mohamed Saleh, ministre des Affaires \u00c9conomiques et du D\u00e9veloppement durable<\/p>\n\n\n\n<p>\u2013 Sidi Ould Mohamed Lagdaf, Repr\u00e9sentant permanent de la Mauritanie aupr\u00e8s des Nations Unies, \u2013 Mme Ciss\u00e9 Mint Beida, ambassadrice de notre pays \u00e0 Washington<\/p>\n\n\n\n<p>\u2013 Mohamed Mahmoud Ould Emmat, conseiller \u00e0 la Pr\u00e9sidence de la R\u00e9publique<\/p>\n\n\n\n<p>\u2013 Sid Ahmed Ould Bouh, conseiller \u00e0 la Pr\u00e9sidence de la R\u00e9publique _Hassan Ould Ahmed, directeur g\u00e9n\u00e9ral du Protocole d\u2019Etat.<\/p>\n","protected":false},"excerpt":{"rendered":"<p>ami Son Excellence le Pr\u00e9sident de la R\u00e9publique, M. Mohamed Ould Cheikh El Ghazouani, a quitt\u00e9 Nouakchott lundi matin, \u00e0 destination de New York (\u00c9tats-Unis d\u2019Am\u00e9rique), pour assister aux travaux du 78\u00e8me session de l\u2019Assembl\u00e9e g\u00e9n\u00e9rale des Nations Unies pr\u00e9vue du 19 au 26 du mois courant. A son d\u00e9part de l\u2019a\u00e9roport international de Nouakchott [&hellip;]<\/p>\n","protected":false},"author":2,"featured_media":53736,"comment_status":"open","ping_status":"open","sticky":false,"template":"","format":"standard","meta":{"footnotes":""},"categories":[1],"tags":[],"class_list":["post-53735","post","type-post","status-publish","format-standard","has-post-thumbnail","hentry","category-aucun"],"_links":{"self":[{"href":"https:\/\/lestracesdelinfo.com\/index.php\/wp-json\/wp\/v2\/posts\/53735","targetHints":{"allow":["GET"]}}],"collection":[{"href":"https:\/\/lestracesdelinfo.com\/index.php\/wp-json\/wp\/v2\/posts"}],"about":[{"href":"https:\/\/lestracesdelinfo.com\/index.php\/wp-json\/wp\/v2\/types\/post"}],"author":[{"embeddable":true,"href":"https:\/\/lestracesdelinfo.com\/index.php\/wp-json\/wp\/v2\/users\/2"}],"replies":[{"embeddable":true,"href":"https:\/\/lestracesdelinfo.com\/index.php\/wp-json\/wp\/v2\/comments?post=53735"}],"version-history":[{"count":2,"href":"https:\/\/lestracesdelinfo.com\/index.php\/wp-json\/wp\/v2\/posts\/53735\/revisions"}],"predecessor-version":[{"id":53739,"href":"https:\/\/lestracesdelinfo.com\/index.php\/wp-json\/wp\/v2\/posts\/53735\/revisions\/53739"}],"wp:featuredmedia":[{"embeddable":true,"href":"https:\/\/lestracesdelinfo.com\/index.php\/wp-json\/wp\/v2\/media\/53736"}],"wp:attachment":[{"href":"https:\/\/lestracesdelinfo.com\/index.php\/wp-json\/wp\/v2\/media?parent=53735"}],"wp:term":[{"taxonomy":"category","embeddable":true,"href":"https:\/\/lestracesdelinfo.com\/index.php\/wp-json\/wp\/v2\/categories?post=53735"},{"taxonomy":"post_tag","embeddable":true,"href":"https:\/\/lestracesdelinfo.com\/index.php\/wp-json\/wp\/v2\/tags?post=53735"}],"curies":[{"name":"wp","href":"https:\/\/api.w.org\/{rel}","templated":true}]}}