{"id":53748,"date":"2023-09-19T09:09:36","date_gmt":"2023-09-19T09:09:36","guid":{"rendered":"https:\/\/lestracesdelinfo.com\/?p=53748"},"modified":"2023-09-19T09:09:39","modified_gmt":"2023-09-19T09:09:39","slug":"le-president-de-la-republique-arrive-a-new-york-pour-participer-a-la-78eme-session-ordinaire-de-lassemblee-generale-des-nations-unies","status":"publish","type":"post","link":"https:\/\/lestracesdelinfo.com\/index.php\/2023\/09\/19\/le-president-de-la-republique-arrive-a-new-york-pour-participer-a-la-78eme-session-ordinaire-de-lassemblee-generale-des-nations-unies\/","title":{"rendered":"Le Pr\u00e9sident de la R\u00e9publique arrive \u00e0 New York pour participer \u00e0 la 78\u00e8me session ordinaire de l\u2019Assembl\u00e9e g\u00e9n\u00e9rale des Nations Unies"},"content":{"rendered":"\n<p>AMI<\/p>\n\n\n\n<p><\/p>\n\n\n\n<figure class=\"wp-block-image size-large\"><img loading=\"lazy\" decoding=\"async\" width=\"1024\" height=\"461\" src=\"https:\/\/lestracesdelinfo.com\/wp-content\/uploads\/2023\/09\/19-092023-002-1024x461.jpg\" alt=\"\" class=\"wp-image-53749\" srcset=\"https:\/\/lestracesdelinfo.com\/wp-content\/uploads\/2023\/09\/19-092023-002-1024x461.jpg 1024w, https:\/\/lestracesdelinfo.com\/wp-content\/uploads\/2023\/09\/19-092023-002-300x135.jpg 300w, https:\/\/lestracesdelinfo.com\/wp-content\/uploads\/2023\/09\/19-092023-002-768x346.jpg 768w, https:\/\/lestracesdelinfo.com\/wp-content\/uploads\/2023\/09\/19-092023-002.jpg 1400w\" sizes=\"auto, (max-width: 1024px) 100vw, 1024px\" \/><\/figure>\n\n\n\n<p>Son Excellence le Pr\u00e9sident de la R\u00e9publique, Monsieur Mohamed Ould Cheikh Ghazouani, est arriv\u00e9, lundi soir \u00e0 New York pour participer aux travaux de la 78\u00e8me session ordinaire de l\u2019Assembl\u00e9e g\u00e9n\u00e9rale des Nations Unies.<\/p>\n\n\n\n<p>Au cours de ce voyage, Son Excellence le Pr\u00e9sident de la R\u00e9publique est accompagn\u00e9 d\u2019une importante d\u00e9l\u00e9gation, qui participera avec lui \u00e0 plusieurs r\u00e9unions de haut niveau dans le cadre des travaux de la 78 \u00e8me session de l\u2019Assembl\u00e9e g\u00e9n\u00e9rale des Nations Unies, qui vise \u00e0 relancer \u00ab l\u2019Agenda 2030 \u00bb. pour le d\u00e9veloppement durable, convenu en 2015, et li\u00e9 \u00e0 l\u2019augmentation du niveau d\u2019ambition climatique et au financement des domaines de d\u00e9veloppement, \u00e0 la pr\u00e9vention, \u00e0 la pr\u00e9paration et \u00e0 la r\u00e9ponse aux \u00e9pid\u00e9mies, \u00e0 la couverture sanitaire universelle, \u00e0 la lutte contre la tuberculose et au Trait\u00e9 sur l\u2019interdiction des armes nucl\u00e9aires.<\/p>\n\n\n\n<p>Selon une d\u00e9claration du secr\u00e9taire g\u00e9n\u00e9ral de l\u2019ONU, Antonio Guterres, 140 dirigeants chefs d\u2019Etat et de gouvernement participeront \u00e0 cette session.<\/p>\n","protected":false},"excerpt":{"rendered":"<p>AMI Son Excellence le Pr\u00e9sident de la R\u00e9publique, Monsieur Mohamed Ould Cheikh Ghazouani, est arriv\u00e9, lundi soir \u00e0 New York pour participer aux travaux de la 78\u00e8me session ordinaire de l\u2019Assembl\u00e9e g\u00e9n\u00e9rale des Nations Unies. Au cours de ce voyage, Son Excellence le Pr\u00e9sident de la R\u00e9publique est accompagn\u00e9 d\u2019une importante d\u00e9l\u00e9gation, qui participera avec [&hellip;]<\/p>\n","protected":false},"author":2,"featured_media":53750,"comment_status":"open","ping_status":"open","sticky":false,"template":"","format":"standard","meta":{"footnotes":""},"categories":[1],"tags":[],"class_list":["post-53748","post","type-post","status-publish","format-standard","has-post-thumbnail","hentry","category-aucun"],"_links":{"self":[{"href":"https:\/\/lestracesdelinfo.com\/index.php\/wp-json\/wp\/v2\/posts\/53748","targetHints":{"allow":["GET"]}}],"collection":[{"href":"https:\/\/lestracesdelinfo.com\/index.php\/wp-json\/wp\/v2\/posts"}],"about":[{"href":"https:\/\/lestracesdelinfo.com\/index.php\/wp-json\/wp\/v2\/types\/post"}],"author":[{"embeddable":true,"href":"https:\/\/lestracesdelinfo.com\/index.php\/wp-json\/wp\/v2\/users\/2"}],"replies":[{"embeddable":true,"href":"https:\/\/lestracesdelinfo.com\/index.php\/wp-json\/wp\/v2\/comments?post=53748"}],"version-history":[{"count":1,"href":"https:\/\/lestracesdelinfo.com\/index.php\/wp-json\/wp\/v2\/posts\/53748\/revisions"}],"predecessor-version":[{"id":53751,"href":"https:\/\/lestracesdelinfo.com\/index.php\/wp-json\/wp\/v2\/posts\/53748\/revisions\/53751"}],"wp:featuredmedia":[{"embeddable":true,"href":"https:\/\/lestracesdelinfo.com\/index.php\/wp-json\/wp\/v2\/media\/53750"}],"wp:attachment":[{"href":"https:\/\/lestracesdelinfo.com\/index.php\/wp-json\/wp\/v2\/media?parent=53748"}],"wp:term":[{"taxonomy":"category","embeddable":true,"href":"https:\/\/lestracesdelinfo.com\/index.php\/wp-json\/wp\/v2\/categories?post=53748"},{"taxonomy":"post_tag","embeddable":true,"href":"https:\/\/lestracesdelinfo.com\/index.php\/wp-json\/wp\/v2\/tags?post=53748"}],"curies":[{"name":"wp","href":"https:\/\/api.w.org\/{rel}","templated":true}]}}