{"id":53766,"date":"2023-09-20T08:32:48","date_gmt":"2023-09-20T08:32:48","guid":{"rendered":"https:\/\/lestracesdelinfo.com\/?p=53766"},"modified":"2023-09-20T08:32:51","modified_gmt":"2023-09-20T08:32:51","slug":"le-president-de-la-republique-participe-a-un-dejeuner-offert-par-le-chancelier-allemand","status":"publish","type":"post","link":"https:\/\/lestracesdelinfo.com\/index.php\/2023\/09\/20\/le-president-de-la-republique-participe-a-un-dejeuner-offert-par-le-chancelier-allemand\/","title":{"rendered":"Le Pr\u00e9sident de la R\u00e9publique participe \u00e0 un d\u00e9jeuner offert par le Chancelier allemand"},"content":{"rendered":"\n<figure class=\"wp-block-image\"><a href=\"https:\/\/ami.mr\/fr\/wp-content\/uploads\/2023\/09\/19.jpg\"><img decoding=\"async\" src=\"https:\/\/ami.mr\/fr\/wp-content\/uploads\/2023\/09\/19-750x430.jpg\" alt=\"\"\/><\/a><\/figure>\n\n\n\n<p><strong>AMI<\/strong>  Son Excellence le Pr\u00e9sident de la R\u00e9publique, M. Mohamed Ould Cheikh El Ghazouani, a particip\u00e9 mardi apr\u00e8s-midi, \u00e0 l\u2019invitation du Chancelier allemand Olaf Scholz, \u00e0 un d\u00e9jeuner offert par ce dernier au si\u00e8ge de la d\u00e9l\u00e9gation permanente de la R\u00e9publique f\u00e9d\u00e9rale d\u2019Allemagne aux Nations Unies \u00e0 New York.<\/p>\n\n\n\n<p>Cette rencontre a \u00e9t\u00e9 consacr\u00e9e \u00e0 la discussion de questions telles que le renforcement de la repr\u00e9sentation du continent africain au sein du G20, l\u2019alignement des institutions financi\u00e8res sur les d\u00e9fis majeurs, en plus du renforcement de la coop\u00e9ration multilat\u00e9rale et de la r\u00e9forme de l\u2019Organisation des Nations Unies pour la rendre plus efficace pour faire face aux d\u00e9fis et aux r\u00e9percussions des conflits mondiaux.<\/p>\n\n\n\n<p>A ce d\u00e9jeuner ont particip\u00e9, outre Son Excellence le Pr\u00e9sident de la R\u00e9publique, le ministre charg\u00e9 du cabinet de la Pr\u00e9sidence de la R\u00e9publique, M. Mokhtar Ould Diay.<\/p>\n","protected":false},"excerpt":{"rendered":"<p>AMI Son Excellence le Pr\u00e9sident de la R\u00e9publique, M. Mohamed Ould Cheikh El Ghazouani, a particip\u00e9 mardi apr\u00e8s-midi, \u00e0 l\u2019invitation du Chancelier allemand Olaf Scholz, \u00e0 un d\u00e9jeuner offert par ce dernier au si\u00e8ge de la d\u00e9l\u00e9gation permanente de la R\u00e9publique f\u00e9d\u00e9rale d\u2019Allemagne aux Nations Unies \u00e0 New York. Cette rencontre a \u00e9t\u00e9 consacr\u00e9e \u00e0 [&hellip;]<\/p>\n","protected":false},"author":2,"featured_media":53767,"comment_status":"open","ping_status":"open","sticky":false,"template":"","format":"standard","meta":{"footnotes":""},"categories":[1],"tags":[],"class_list":["post-53766","post","type-post","status-publish","format-standard","has-post-thumbnail","hentry","category-aucun"],"_links":{"self":[{"href":"https:\/\/lestracesdelinfo.com\/index.php\/wp-json\/wp\/v2\/posts\/53766","targetHints":{"allow":["GET"]}}],"collection":[{"href":"https:\/\/lestracesdelinfo.com\/index.php\/wp-json\/wp\/v2\/posts"}],"about":[{"href":"https:\/\/lestracesdelinfo.com\/index.php\/wp-json\/wp\/v2\/types\/post"}],"author":[{"embeddable":true,"href":"https:\/\/lestracesdelinfo.com\/index.php\/wp-json\/wp\/v2\/users\/2"}],"replies":[{"embeddable":true,"href":"https:\/\/lestracesdelinfo.com\/index.php\/wp-json\/wp\/v2\/comments?post=53766"}],"version-history":[{"count":1,"href":"https:\/\/lestracesdelinfo.com\/index.php\/wp-json\/wp\/v2\/posts\/53766\/revisions"}],"predecessor-version":[{"id":53768,"href":"https:\/\/lestracesdelinfo.com\/index.php\/wp-json\/wp\/v2\/posts\/53766\/revisions\/53768"}],"wp:featuredmedia":[{"embeddable":true,"href":"https:\/\/lestracesdelinfo.com\/index.php\/wp-json\/wp\/v2\/media\/53767"}],"wp:attachment":[{"href":"https:\/\/lestracesdelinfo.com\/index.php\/wp-json\/wp\/v2\/media?parent=53766"}],"wp:term":[{"taxonomy":"category","embeddable":true,"href":"https:\/\/lestracesdelinfo.com\/index.php\/wp-json\/wp\/v2\/categories?post=53766"},{"taxonomy":"post_tag","embeddable":true,"href":"https:\/\/lestracesdelinfo.com\/index.php\/wp-json\/wp\/v2\/tags?post=53766"}],"curies":[{"name":"wp","href":"https:\/\/api.w.org\/{rel}","templated":true}]}}