{"id":53769,"date":"2023-09-20T08:36:10","date_gmt":"2023-09-20T08:36:10","guid":{"rendered":"https:\/\/lestracesdelinfo.com\/?p=53769"},"modified":"2023-09-20T08:36:13","modified_gmt":"2023-09-20T08:36:13","slug":"au-senegal-candidat-approuve-par-les-allies-lapr-comba-amadou","status":"publish","type":"post","link":"https:\/\/lestracesdelinfo.com\/index.php\/2023\/09\/20\/au-senegal-candidat-approuve-par-les-allies-lapr-comba-amadou\/","title":{"rendered":"Au S\u00e9n\u00e9gal : Candidat approuv\u00e9 par les alli\u00e9s : L\u2019APR COMBA AMADOU"},"content":{"rendered":"\n<p><a href=\"https:\/\/lequotidien.sn\/author\/aicha\/\">Lequotidien<\/a>\u00a0<\/p>\n\n\n\n<figure class=\"wp-block-image\"><img decoding=\"async\" src=\"https:\/\/lequotidien.sn\/wp-content\/uploads\/2023\/09\/amadou-ba-3.jpg\" alt=\"\"\/><\/figure>\n\n\n\n<p><strong>Des Ap\u00e9ristes qui combattent un Ap\u00e9riste. Telle est la sc\u00e8ne qu\u2019offre \u00e0 la vue de l\u2019opinion le parti pr\u00e9sidentiel. Le candidat de la majorit\u00e9, Amadou Ba, est combattu par ses propres fr\u00e8res de parti. Tout le contraire des alli\u00e9s, qui ont fini d\u2019adouber la candidature du Pm \u00e0 l\u2019issue du choix op\u00e9r\u00e9 par le Pr\u00e9sident Macky Sall.<\/strong><\/p>\n\n\n\n<p><strong>Par Mamadou T. DIATTA \u2013&nbsp;<\/strong>Le vent de contestation du choix du candidat Amadou Ba, qui souffle au sein de l\u2019Alliance pour la R\u00e9publique (Apr), se r\u00e9sume \u00e0 une situation&nbsp;: l\u2019Apr qui combat un candidat Apr \u00e0 la Pr\u00e9sidentielle. Le choix du candidat de Benno \u00e0 la Pr\u00e9sidentielle a donc amen\u00e9 des responsables de l\u2019Alliance pour la R\u00e9publique (Apr) \u00e0 contester la d\u00e9signation de Amadou Ba. C\u2019est le cas du pr\u00e9sident du Conseil \u00e9conomique, social et environnemental (Cese), Abdoulaye Daouda Diallo, qui a finalement d\u00e9cid\u00e9 de se ranger derri\u00e8re le candidat Amadou Ba dont il n\u2019a pas cit\u00e9 le nom lors de son point de presse de samedi dernier. Le ministre de l\u2019Agriculture, Aly Ngouille Ndiaye, qui a claqu\u00e9 la porte du gouvernement, continue \u00e0 se rebeller, tout comme Mame Boye Diao qui a d\u00e9clar\u00e9 sa candidature avant d\u2019\u00eatre d\u00e9mis de ses fonctions de Dg de la Caisse des d\u00e9p\u00f4ts et consignations (Cdc) et l\u2019ex-Pm Mahammed Boun Boun Abdallah Dionne \u00e0 qui on pr\u00eate de vouloir \u00eatre sur la piste de d\u00e9part le 25 f\u00e9vrier prochain. De m\u00eame que la sortie des rangs du parti pr\u00e9sidentiel de l\u2019\u00e9dile de Sandiara, Pr Serigne Gu\u00e8ye Diop, qui veut \u00eatre aussi de la course \u00e0 la Pr\u00e9sidence. Les dissidences ne sont que l\u2019\u0153uvre de responsables de l\u2019Apr. M\u00eame si ceux qui ont d\u00e9cid\u00e9 de faire cavalier seul, voient beaucoup de responsables ap\u00e9ristes ou assimil\u00e9s leur tourner le dos. Aly Ngouille Ndiaye a vu 16 des 18 maires du d\u00e9partement de Lingu\u00e8re se d\u00e9clarer favorables au candidat Amadou Ba.<\/p>\n\n\n\n<p>Au m\u00eame moment, les alli\u00e9s au sein de la Coalition Benno bokk yaakaar ont fortement approuv\u00e9 le choix du Pm pour diriger les troupes de la mouvance au scrutin majeur du pays. Le Ps, l\u2019Afp, la Ld et les nombreux autres partis qui composent le regroupement des alli\u00e9s de l\u2019Apr ont gard\u00e9 intacts leur soutien et appui \u00e0 Ba. Au moment o\u00f9 ce vent de contestation a pris forme \u00e0 l\u2019Apr, le camp d\u2019en face ne fait pas bloc autour d\u2019un candidat pour croiser le fer avec celui du pouvoir.<\/p>\n\n\n\n<p>Dans les rangs de la Coalition Yewwi askan wi (Yaw), la totalit\u00e9 des leaders sont candidats \u00e0 la course pour la Pr\u00e9sidence. Aucun d\u2019entre eux ne compte se faire raconter les joutes de f\u00e9vrier prochain. Il n\u2019y a qu\u2019\u00e0 voir l\u2019activisme et l\u2019agitation dont continuent de faire montre successivement Malick Gakou (Grand parti), D\u00e9thi\u00e9 Fall (Prp), A\u00efda Mbodj (And), le Pur avec la candidature annonc\u00e9e de Serigne Moustapha Sy, pour s\u2019en convaincre.<br><strong>mdiattta@lequotidien.sn<\/strong><\/p>\n","protected":false},"excerpt":{"rendered":"<p>Lequotidien\u00a0 Des Ap\u00e9ristes qui combattent un Ap\u00e9riste. Telle est la sc\u00e8ne qu\u2019offre \u00e0 la vue de l\u2019opinion le parti pr\u00e9sidentiel. Le candidat de la majorit\u00e9, Amadou Ba, est combattu par ses propres fr\u00e8res de parti. Tout le contraire des alli\u00e9s, qui ont fini d\u2019adouber la candidature du Pm \u00e0 l\u2019issue du choix op\u00e9r\u00e9 par le [&hellip;]<\/p>\n","protected":false},"author":2,"featured_media":53770,"comment_status":"open","ping_status":"open","sticky":false,"template":"","format":"standard","meta":{"footnotes":""},"categories":[1],"tags":[],"class_list":["post-53769","post","type-post","status-publish","format-standard","has-post-thumbnail","hentry","category-aucun"],"_links":{"self":[{"href":"https:\/\/lestracesdelinfo.com\/index.php\/wp-json\/wp\/v2\/posts\/53769","targetHints":{"allow":["GET"]}}],"collection":[{"href":"https:\/\/lestracesdelinfo.com\/index.php\/wp-json\/wp\/v2\/posts"}],"about":[{"href":"https:\/\/lestracesdelinfo.com\/index.php\/wp-json\/wp\/v2\/types\/post"}],"author":[{"embeddable":true,"href":"https:\/\/lestracesdelinfo.com\/index.php\/wp-json\/wp\/v2\/users\/2"}],"replies":[{"embeddable":true,"href":"https:\/\/lestracesdelinfo.com\/index.php\/wp-json\/wp\/v2\/comments?post=53769"}],"version-history":[{"count":1,"href":"https:\/\/lestracesdelinfo.com\/index.php\/wp-json\/wp\/v2\/posts\/53769\/revisions"}],"predecessor-version":[{"id":53771,"href":"https:\/\/lestracesdelinfo.com\/index.php\/wp-json\/wp\/v2\/posts\/53769\/revisions\/53771"}],"wp:featuredmedia":[{"embeddable":true,"href":"https:\/\/lestracesdelinfo.com\/index.php\/wp-json\/wp\/v2\/media\/53770"}],"wp:attachment":[{"href":"https:\/\/lestracesdelinfo.com\/index.php\/wp-json\/wp\/v2\/media?parent=53769"}],"wp:term":[{"taxonomy":"category","embeddable":true,"href":"https:\/\/lestracesdelinfo.com\/index.php\/wp-json\/wp\/v2\/categories?post=53769"},{"taxonomy":"post_tag","embeddable":true,"href":"https:\/\/lestracesdelinfo.com\/index.php\/wp-json\/wp\/v2\/tags?post=53769"}],"curies":[{"name":"wp","href":"https:\/\/api.w.org\/{rel}","templated":true}]}}