{"id":53772,"date":"2023-09-20T14:35:06","date_gmt":"2023-09-20T14:35:06","guid":{"rendered":"https:\/\/lestracesdelinfo.com\/?p=53772"},"modified":"2023-09-20T14:35:10","modified_gmt":"2023-09-20T14:35:10","slug":"new-york-macky-a-lassemblee-generale-de-lonu-la-derniere-tribune","status":"publish","type":"post","link":"https:\/\/lestracesdelinfo.com\/index.php\/2023\/09\/20\/new-york-macky-a-lassemblee-generale-de-lonu-la-derniere-tribune\/","title":{"rendered":"New York \u2013 Macky \u00e0 l\u2019Assembl\u00e9e g\u00e9n\u00e9rale de l\u2019Onu : La derni\u00e8re tribune"},"content":{"rendered":"\n<p><a href=\"https:\/\/lequotidien.sn\/author\/aicha\/\">Lequotidien<\/a>\u00a0<\/p>\n\n\n\n<figure class=\"wp-block-image\"><img decoding=\"async\" src=\"https:\/\/lequotidien.sn\/wp-content\/uploads\/2023\/09\/MACKY-SALL.jpg\" alt=\"\"\/><\/figure>\n\n\n\n<p><strong>Le&nbsp;<a href=\"https:\/\/lequotidien.sn\/sejour-du-president-aux-etats-unis-biden-ouvre-la-maison-blanche-a-macky\/\" target=\"_blank\" rel=\"noreferrer noopener\">Pr\u00e9sident Sall<\/a>&nbsp;a fait ses adieux hier aux dirigeants du monde pr\u00e9sents \u00e0 la tribune des Nations unies, o\u00f9 il a prononc\u00e9 son dernier discours en revenant sur les urgences du moment comme le recul d\u00e9mocratique, l\u2019ins\u00e9curit\u00e9, les changements climatiques\u2026<\/strong><\/p>\n\n\n\n<p>A New York, le Pr\u00e9sident Sall a fait hier ses adieux \u00e0 l\u2019Assembl\u00e9e g\u00e9n\u00e9rale de l\u2019Onu. Il y a prononc\u00e9 son dernier discours en tant que chef de l\u2019Etat du S\u00e9n\u00e9gal. \u00abLe 25 f\u00e9vrier 2024, se tiendra l\u2019\u00e9lection pr\u00e9sidentielle s\u00e9n\u00e9galaise. Comme les pr\u00e9c\u00e9dentes, elle sera d\u00e9mocratique, libre et transparente. Et le 2 avril, je passerai le pouvoir \u00e0 mon successeur apr\u00e8s 12 ans \u00e0 la t\u00eate de notre pays\u00bb, assure-t-il. Devant la tribune de l\u2019Onu, il a d\u00e9bobin\u00e9 ses 12 ans pass\u00e9s \u00e0 c\u00f4toyer les diff\u00e9rents dirigeants du monde lors de ce rendez-vous annuel qu\u2019il n\u2019a rat\u00e9 qu\u2019\u00e0 cause de la pand\u00e9mie du Covid-19. Il dit&nbsp;: \u00abJe voudrais remercier les pays membres de notre organisation pour leur amiti\u00e9 et leur collaboration. Porter la voix du S\u00e9n\u00e9gal, nouer et entretenir des amiti\u00e9s dans ce concert des nations o\u00f9 s\u2019harmonisent nos efforts communs vers nos fins communes, aura \u00e9t\u00e9 un grand honneur pour moi. Au nom du Peuple s\u00e9n\u00e9galais, je voudrais dire ma gratitude \u00e0 tous mes coll\u00e8gues, en les priant d\u2019accueillir mon successeur avec la m\u00eame amiti\u00e9 et la m\u00eame consid\u00e9ration. Je garderai pour tous les m\u00eames sentiments d\u2019amiti\u00e9 et d\u2019estime cordiales.\u00bb Il esp\u00e8re que son successeur sera log\u00e9 \u00e0 la m\u00eame enseigne&nbsp;: \u00abJe suis confiant que dans la tradition s\u00e9n\u00e9galaise d\u2019ouverture et de dialogue, mon successeur sera fid\u00e8le aux relations d\u2019amiti\u00e9 confiante qui unissent notre pays et tous les membres des Nations unies.\u00bb&nbsp; Lors de la 78e session ordinaire de l\u2019Assembl\u00e9e g\u00e9n\u00e9rale des Nations unies dont le th\u00e8me est \u00abRestaurer la confiance et raviver la solidarit\u00e9 mondiale : acc\u00e9l\u00e9rer l\u2019action sur l\u2019Agenda 2030 et ses Objectifs de d\u00e9veloppement durable vers la paix, la prosp\u00e9rit\u00e9, le progr\u00e8s et la durabilit\u00e9 pour tous\u00bb, le Pr\u00e9sident Sall est revenu sur les urgences de l\u2019heure qui plombent l\u2019avenir de la plan\u00e8te et surtout du continent. Il le dit clairement&nbsp;: \u00abDepuis notre derni\u00e8re session, l\u2019\u00e9tat du monde ne s\u2019est pas am\u00e9lior\u00e9.\u00bb Il y a la peur, la violence, la pauvret\u00e9 et les in\u00e9galit\u00e9s, l\u2019impact \u00e9conomique et social de la pand\u00e9mie sur de nombreux pays du continent, le r\u00e9chauffement climatique. Et quoi encore&nbsp;? \u00abLa trag\u00e9die de l\u2019\u00e9migration clandestine nous rappelle la n\u00e9cessit\u00e9 de mettre en \u0153uvre le Pacte mondial pour des migrations s\u00fbres, ordonn\u00e9es et r\u00e9guli\u00e8res ; et de poursuivre sans rel\u00e2che la lutte contre les r\u00e9seaux criminels qui organisent ce trafic illicite d\u2019\u00eatres humains\u00bb, assure-t-il.<\/p>\n\n\n\n<p>Il y a la r\u00e9surgence des coups d\u2019Etat en Afrique, qui reste un sujet de grave pr\u00e9occupation. \u00abLe S\u00e9n\u00e9gal r\u00e9it\u00e8re sa ferme condamnation de toute forme de changement anticonstitutionnel de gouvernement\u00bb, avance Macky, qui fait r\u00e9f\u00e9rence aux putschs en Guin\u00e9e, au Mali, au Burkina et au Niger. Mais, ils n\u2019ont rien am\u00e9lior\u00e9 dans la situation s\u00e9curitaire de leur pays o\u00f9 les attaques terroristes se multiplient derni\u00e8rement. \u00abL\u2019urgence de l\u2019heure, c\u2019est aussi le terrorisme qui continue de gagner du terrain en Afrique, sans r\u00e9action appropri\u00e9e du Conseil de s\u00e9curit\u00e9. A maintes reprises, notamment lors de son mandat au Conseil en 2016 et 2017, le S\u00e9n\u00e9gal a alert\u00e9 sur l\u2019inefficacit\u00e9 des op\u00e9rations de maintien de la paix en Afrique dont les mandats et les \u00e9quipements ne r\u00e9pondent gu\u00e8re \u00e0 la nature des situations\u00bb, expose le Pr\u00e9sident s\u00e9n\u00e9galais. Il ajoute&nbsp;: \u00abIl n\u2019y a pas de paix \u00e0 maintenir l\u00e0 o\u00f9 il s\u2019agit plut\u00f4t de la restaurer, en combattant des groupes arm\u00e9s qui pillent et endeuillent au quotidien des populations innocentes, occupent des territoires entiers et menacent des Etats dans leur existence. Les p\u00e9rip\u00e9ties tumultueuses de deux missions de paix en Afrique sont \u00e9difiantes \u00e0 ce sujet.\u00bb Au 31 d\u00e9cembre, la Minusma va quitter le Mali. Quid de la guerre en Ukraine&nbsp;? \u00abNous appelons \u00e0 la d\u00e9sescalade et au r\u00e8glement pacifique\u00bb de ce conflit qui a un impact sur la plupart des \u00e9conomies mondiales. A l\u2019Onu, il a renouvel\u00e9 le \u00absoutien au droit du Peuple palestinien \u00e0 un Etat viable, coexistant pacifiquement avec l\u2019Etat d\u2019Isra\u00ebl, chacun \u00e0 l\u2019int\u00e9rieur de fronti\u00e8res s\u00fbres et internationalement reconnues\u00bb.<\/p>\n\n\n\n<p><strong>Haro sur les coups d\u2019Etat&nbsp;!<\/strong><br>Aujourd\u2019hui, Macky Sall plaide le d\u00e9veloppement \u00abdes relations confiantes, solidaires et inclusives\u00bb entre les diff\u00e9rents pays. Une fa\u00e7on de demander une r\u00e9vision du multilat\u00e9ralisme&nbsp;? \u00abLe S\u00e9n\u00e9gal reconna\u00eet les services appr\u00e9ciables que le syst\u00e8me des Nations unies et celui de Bretton Woods rendent aux pays membres depuis pr\u00e8s de quatre-vingts ans. Mais nous savons tous que le syst\u00e8me multilat\u00e9ral, h\u00e9ritage d\u2019un pass\u00e9 r\u00e9volu, est devenu obsol\u00e8te. Or, comme l\u2019a justement alert\u00e9 le Secr\u00e9taire g\u00e9n\u00e9ral Antonio Guterres, un syst\u00e8me qui continue d\u2019ignorer les r\u00e9alit\u00e9s de son temps et les besoins de plus de trois quarts de ses pays membres, accentue les in\u00e9galit\u00e9s, g\u00e9n\u00e8re les conditions de sa contestation et provoque le risque de sa fragmentation\u00bb, alerte Macky Sall. Pour lui, il est temps de \u00abr\u00e9former la gouvernance politique, \u00e9conomique et financi\u00e8re mondiale, afin qu\u2019elle soit plus repr\u00e9sentative de la diversit\u00e9 et conforte ainsi sa l\u00e9gitimit\u00e9. Nous pouvons y arriver si nous y mettons la volont\u00e9 politique n\u00e9cessaire. Le G20 l\u2019a montr\u00e9 en admettant l\u2019Union africaine comme membre de plein droit\u00bb. Apr\u00e8s ce succ\u00e8s diplomatique, il esp\u00e8re que l\u2019Afrique sera admise dans d\u2019autres cercles. \u00abNous souhaitons que l\u2019exemple d\u2019inclusion ainsi donn\u00e9 par le G20 soit suivi par le Conseil de s\u00e9curit\u00e9 et les institutions de Bretton Woods, pour un multilat\u00e9ralisme plus repr\u00e9sentatif des int\u00e9r\u00eats de tous ses membres. De m\u00eame, le S\u00e9n\u00e9gal reste attach\u00e9 \u00e0 la vision de relations internationales apais\u00e9es, fond\u00e9es sur l\u2019\u00e9gale dignit\u00e9 des peuples, des cultures et des civilisations, rappelle Macky. Voil\u00e0, pour le S\u00e9n\u00e9gal, ce qui doit fonder un universalisme revitalis\u00e9, plus ouvert et plus efficace dans la prise en charge des d\u00e9fis de notre temps.\u00bb Comme l\u2019urgence climatique&nbsp;et la mise en \u0153uvre de l\u2019Accord de Paris sur le climat&nbsp;? Il a fait le point sur les investissements consentis par le S\u00e9n\u00e9gal dans la r\u00e9alisation d\u2019infrastructures sobres en carbone et r\u00e9silientes au changement climatique comme le Ter et le Brt.<\/p>\n\n\n\n<p><\/p>\n","protected":false},"excerpt":{"rendered":"<p>Lequotidien\u00a0 Le&nbsp;Pr\u00e9sident Sall&nbsp;a fait ses adieux hier aux dirigeants du monde pr\u00e9sents \u00e0 la tribune des Nations unies, o\u00f9 il a prononc\u00e9 son dernier discours en revenant sur les urgences du moment comme le recul d\u00e9mocratique, l\u2019ins\u00e9curit\u00e9, les changements climatiques\u2026 A New York, le Pr\u00e9sident Sall a fait hier ses adieux \u00e0 l\u2019Assembl\u00e9e g\u00e9n\u00e9rale de [&hellip;]<\/p>\n","protected":false},"author":2,"featured_media":53773,"comment_status":"open","ping_status":"open","sticky":false,"template":"","format":"standard","meta":{"footnotes":""},"categories":[1],"tags":[],"class_list":["post-53772","post","type-post","status-publish","format-standard","has-post-thumbnail","hentry","category-aucun"],"_links":{"self":[{"href":"https:\/\/lestracesdelinfo.com\/index.php\/wp-json\/wp\/v2\/posts\/53772","targetHints":{"allow":["GET"]}}],"collection":[{"href":"https:\/\/lestracesdelinfo.com\/index.php\/wp-json\/wp\/v2\/posts"}],"about":[{"href":"https:\/\/lestracesdelinfo.com\/index.php\/wp-json\/wp\/v2\/types\/post"}],"author":[{"embeddable":true,"href":"https:\/\/lestracesdelinfo.com\/index.php\/wp-json\/wp\/v2\/users\/2"}],"replies":[{"embeddable":true,"href":"https:\/\/lestracesdelinfo.com\/index.php\/wp-json\/wp\/v2\/comments?post=53772"}],"version-history":[{"count":1,"href":"https:\/\/lestracesdelinfo.com\/index.php\/wp-json\/wp\/v2\/posts\/53772\/revisions"}],"predecessor-version":[{"id":53774,"href":"https:\/\/lestracesdelinfo.com\/index.php\/wp-json\/wp\/v2\/posts\/53772\/revisions\/53774"}],"wp:featuredmedia":[{"embeddable":true,"href":"https:\/\/lestracesdelinfo.com\/index.php\/wp-json\/wp\/v2\/media\/53773"}],"wp:attachment":[{"href":"https:\/\/lestracesdelinfo.com\/index.php\/wp-json\/wp\/v2\/media?parent=53772"}],"wp:term":[{"taxonomy":"category","embeddable":true,"href":"https:\/\/lestracesdelinfo.com\/index.php\/wp-json\/wp\/v2\/categories?post=53772"},{"taxonomy":"post_tag","embeddable":true,"href":"https:\/\/lestracesdelinfo.com\/index.php\/wp-json\/wp\/v2\/tags?post=53772"}],"curies":[{"name":"wp","href":"https:\/\/api.w.org\/{rel}","templated":true}]}}