{"id":53779,"date":"2023-09-20T15:04:29","date_gmt":"2023-09-20T15:04:29","guid":{"rendered":"https:\/\/lestracesdelinfo.com\/?p=53779"},"modified":"2023-09-20T15:04:31","modified_gmt":"2023-09-20T15:04:31","slug":"mali-laccord-pour-la-paix-et-la-reconciliation-issu-du-processus-dalger-est-il-caduc","status":"publish","type":"post","link":"https:\/\/lestracesdelinfo.com\/index.php\/2023\/09\/20\/mali-laccord-pour-la-paix-et-la-reconciliation-issu-du-processus-dalger-est-il-caduc\/","title":{"rendered":"Mali : l\u2019accord pour la paix et la r\u00e9conciliation issu du processus d\u2019Alger est-il caduc ?"},"content":{"rendered":"\n<h1 class=\"wp-block-heading\"><\/h1>\n\n\n\n<p><a href=\"https:\/\/information.tv5monde.com\/auteur\/christian-eboule\/256\">Christian Eboul\u00e9<\/a><\/p>\n\n\n\n<p>Image<\/p>\n\n\n\n<figure class=\"wp-block-image\"><img decoding=\"async\" src=\"https:\/\/information.tv5monde.com\/sites\/tv5-info\/files\/styles\/enquete\/public\/2023-09\/Assimi%20Goita_0.jpg?h=48f368f7&amp;itok=rZhoQVMh\" alt=\"Assimi Goita\" title=\"Assimi Goita\"\/><\/figure>\n\n\n\n<p>Le colonel Assimi Goita, allant \u00e0 la rencontre de l&rsquo;ancien pr\u00e9sident nig\u00e9rian et m\u00e9diateur de la&nbsp;CEDEAO&nbsp;Goodluck Jonathan, au minist\u00e8re de D\u00e9fense, \u00e0 Bamako, au Mali, le&nbsp;24 ao\u00fbt 2020.<\/p>\n\n\n\n<p>\u00a9 AP Photo\/Baba Ahmed<\/p>\n\n\n\n<p>Depuis plusieurs semaines, la tension ne cesse de s\u2019accro\u00eetre dans le nord du Mali entre le gouvernement de la transition et les membres du Cadre strat\u00e9gique permanent pour la paix, la s\u00e9curit\u00e9 et le d\u00e9veloppement (CSP-PSD), alliance de groupes arm\u00e9s ayant sign\u00e9 un accord de paix avec l\u2019Etat malien en 2015. Apr\u00e8s les affrontements de ce 12 septembre \u00e0 Bourem, localit\u00e9 situ\u00e9e entre Gao et Kidal, l\u2019accord de paix de 2015 peut-il \u00eatre consid\u00e9r\u00e9 comme caduc ?<\/p>\n\n\n\n<p>Le 13 septembre dernier, dans un communiqu\u00e9 de la Coordination des mouvements de l\u2019Azawad (CMA), l\u2019un des principaux membres du CSP-PSD, l\u2019on a appris que la veille,&nbsp;<em>\u00ab des unit\u00e9s tactiques des forces de l\u2019Azawad ont lanc\u00e9 une action anticipative contre l\u2019arm\u00e9e malienne et ses partenaires de la milice terroriste Wagner \u00e0 Bourem (situ\u00e9e \u00e0 moins de 100 km de Gao). \u00bb<\/em><\/p>\n\n\n\n<h2 class=\"wp-block-heading\">Des affrontements violents<\/h2>\n\n\n\n<p>D\u2019apr\u00e8s le bilan \u00e9tabli par la CMA, ces affrontements ont \u00e9t\u00e9 extr\u00eamement violents.&nbsp;<em>\u00ab Environ 97 victimes Famas&nbsp;<\/em>[Forces arm\u00e9es maliennes, NDLR]<em>&nbsp;d\u00e9nombr\u00e9es et plusieurs dizaines d\u2019autres bless\u00e9s dont des cas graves ; 39 v\u00e9hicules d\u00e9truits, dont des blind\u00e9s ; 15 v\u00e9hicules emport\u00e9s ; une grande quantit\u00e9 d\u2019armements et de munitions saisie ; de notre c\u00f4t\u00e9, nous d\u00e9plorons la perte de 9 hommes et 11 bless\u00e9s \u00bb,<\/em>&nbsp;pr\u00e9cise l\u2019organisation.<\/p>\n\n\n\n<figure class=\"wp-block-image\"><img decoding=\"async\" src=\"https:\/\/information.tv5monde.com\/sites\/tv5-info\/files\/styles\/entete\/public\/2023-09\/Communiqu%C3%A9%20CMA.jpg?itok=2-qWAHi1\" alt=\"Communiqu\u00e9 CMA\" title=\"Communiqu\u00e9 CMA\"\/><\/figure>\n\n\n\n<p>Une version des faits qui diff\u00e8re nettement de celle rendue publique le jour de l\u2019attaque par l\u2019\u00e9tat-major g\u00e9n\u00e9ral des arm\u00e9es maliennes. Celui-ci assure avoir repouss\u00e9 une attaque complexe impliquant des voitures pi\u00e9g\u00e9es.<\/p>\n\n\n\n<p>Quant au bilan, l\u2019\u00e9tat-major g\u00e9n\u00e9ral pr\u00e9cise qu\u2019il est de dix morts et treize bless\u00e9s dans les rangs de l\u2019arm\u00e9e, tandis que 46 \u00ab terroristes \u00bb ont \u00e9t\u00e9 tu\u00e9s. &nbsp;<\/p>\n\n\n\n<ul class=\"wp-block-list\">\n<li>(Re)voir&nbsp;<a href=\"https:\/\/information.tv5monde.com\/afrique\/video\/serie-dattaques-terroristes-au-mali-2667059\">S\u00e9rie d&rsquo;attaques terroristes au Mali<\/a><\/li>\n<\/ul>\n\n\n\n<p>TV5 JWPlayer Field<video preload=\"auto\" src=\"https:\/\/vodinfo.tv5monde.com\/videos\/54\/6126747.mp4\"><\/video>Lire la vid\u00e9o<\/p>\n\n\n\n<p>Au vu de l\u2019escalade observ\u00e9e ces derniers jours entre les deux parties, ces combats semblaient in\u00e9luctables. Le 9 septembre dernier en effet, la CMA a affirm\u00e9 avoir abattu&nbsp;<em>\u00ab un avion des terroristes FAMA\/WAGNER suite \u00e0 des bombardements sur ses positions. \u00bb<\/em><\/p>\n\n\n\n<p>De son c\u00f4t\u00e9, l\u2019arm\u00e9e malienne a plut\u00f4t \u00e9voqu\u00e9\u00a0<em>\u00ab un incident a\u00e9rien [qui] s\u2019est produit au nord de Gao impliquant un a\u00e9ronef de l\u2019arm\u00e9e de l\u2019air malienne. \u00bb<\/em><\/p>\n\n\n\n<p>Le lendemain, par la voix de son pr\u00e9sident Alghabass Ag Intalla, le CSP-PSD a d\u00e9clar\u00e9 sur Facebook qu\u2019il adopterait dor\u00e9navant toutes les mesures de l\u00e9gitime d\u00e9fense contre les autorit\u00e9s de la transition, et ce&nbsp;<em>\u00ab partout sur l\u2019ensemble du territoire de l\u2019Azawad \u00bb<\/em>&nbsp;[Azawad est un nom d\u2019origine touareg qui d\u00e9signe globalement le nord du Mali, NDLR].<\/p>\n\n\n\n<ul class=\"wp-block-list\">\n<li>(Re)lire&nbsp;<a href=\"https:\/\/information.tv5monde.com\/afrique\/mali-des-groupes-du-nord-ont-attaque-larmee-dans-une-ville-strategique-2667666\">Mali : des groupes du nord ont attaqu\u00e9 l&rsquo;arm\u00e9e dans une ville strat\u00e9gique<\/a><\/li>\n<\/ul>\n\n\n\n<p>Par ailleurs, l\u2019organisation&nbsp;<em>\u00ab appelle les populations civiles \u00e0 s\u2019\u00e9loigner au maximum des installations, mouvements et activit\u00e9s militaires et les rassure que ses forces feront de la s\u00e9curisation des personnes et de leurs biens leur priorit\u00e9 contre toutes sortes de menaces. \u00bb&nbsp;<\/em><\/p>\n\n\n\n<h2 class=\"wp-block-heading\">Un coup de canif dans l\u2019accord d\u2019Alger&nbsp;<\/h2>\n\n\n\n<p>Cet appel \u00e0 la mobilisation des populations locales par le CSP-PSD qui s\u2019oppose ainsi&nbsp;<em>de facto<\/em>&nbsp;aux forces arm\u00e9es maliennes, s\u2019apparente \u00e0 un coup de canif dans l\u2019accord pour la paix et la r\u00e9conciliation issu du processus d\u2019Alger et sign\u00e9 en mars 2015.<\/p>\n\n\n\n<ul class=\"wp-block-list\">\n<li>(Re)lire&nbsp;<a href=\"https:\/\/information.tv5monde.com\/afrique\/mali-dou-viennent-les-tensions-entre-lex-rebellion-touareg-et-le-gouvernement-malien\">Mali&nbsp; d\u2019o\u00f9 viennent les tensions entre l\u2019ex-r\u00e9bellion touareg et le gouvernement malien ?<\/a><\/li>\n<\/ul>\n\n\n\n<p>A l\u2019origine, l\u2019accord d\u2019Alger visait \u00e0 cr\u00e9er les conditions d\u2019une paix durable dans le nord du Mali qui a connu une s\u00e9rie de r\u00e9bellions touareg depuis les premi\u00e8res ann\u00e9es d\u2019ind\u00e9pendance du pays en 1960.<\/p>\n\n\n\n<p>Conclu apr\u00e8s la reprise en 2014 de plusieurs localit\u00e9s du nord par les groupes rebelles, dont la ville strat\u00e9gique de Kidal, cet accord \u00e9tait aussi destin\u00e9 \u00e0 \u00e9viter le d\u00e9litement de l\u2019Etat malien, tout en cr\u00e9ant les conditions d\u2019une r\u00e9conciliation nationale.&nbsp;<\/p>\n\n\n\n<p>Depuis, sa mise en \u0153uvre s\u2019est av\u00e9r\u00e9e laborieuse. L\u2019une des rares avanc\u00e9es notables a eu lieu en 2018 sous le gouvernement de feu le pr\u00e9sident Ibrahim Boubacar Ke\u00efta, avec le d\u00e9ploiement du M\u00e9canisme op\u00e9rationnel de coordination, une force rassemblant anciens rebelles et soldats de l\u2019arm\u00e9e malienne.&nbsp;<\/p>\n\n\n\n<ul class=\"wp-block-list\">\n<li>(Re)voir&nbsp;<a href=\"https:\/\/information.tv5monde.com\/afrique\/video\/mali-laccord-de-paix-dalger-fragilise-1563094\">Mali : l&rsquo;accord de paix d&rsquo;Alger fragilis\u00e9<\/a><\/li>\n<\/ul>\n\n\n\n<p>TV5 JWPlayer Field<video preload=\"auto\" src=\"https:\/\/vodinfo.tv5monde.com\/videos\/34\/5963293.mp4\"><\/video>Lire la vid\u00e9o<\/p>\n\n\n\n<p>La premi\u00e8re r\u00e9union du comit\u00e9 de suivi de l\u2019accord ne s\u2019est tenue qu\u2019en f\u00e9vrier 2021, \u00e0 Kidal, ville symbole du nord toujours aux mains de la CMA, la Coordination des mouvements de l\u2019Azawad.&nbsp;<\/p>\n\n\n\n<p>Mais surtout, depuis le double putsch d\u2019ao\u00fbt 2020 et de mai 2021 qui a conduit \u00e0 la prise de pouvoir des militaires, les discussions sur la mise en place de l\u2019accord n\u2019ont eu de cesse de se tendre au fil des mois.&nbsp;<\/p>\n\n\n\n<p>En d\u00e9cembre 2022, le CSP-PSD a m\u00eame suspendu sa participation aux instances de suivi de l\u2019accord. L\u2019organisation entendait d\u00e9noncer&nbsp;<em>\u00ab l\u2019absence de volont\u00e9 politique des autorit\u00e9s de transition \u00bb.<\/em><\/p>\n\n\n\n<h2 class=\"wp-block-heading\">La bataille de Kidal<\/h2>\n\n\n\n<p>La r\u00e9cente succession d\u2019incidents s\u00e9curitaires et d\u2019attaques entre les forces arm\u00e9es maliennes et les groupes arm\u00e9s membres du CSP-PSD, co\u00efncide avec la reconfiguration s\u00e9curitaire actuellement \u00e0 l\u2019\u0153uvre dans le nord du pays.<\/p>\n\n\n\n<p>Depuis le d\u00e9part en 2022 de la force fran\u00e7aise Barkhane et celui toujours en cours de la Minusma, la mission des Nations unies, toutes les deux pouss\u00e9es vers la sortie par le gouvernement de transition, chacun des protagonistes sur le terrain entend tirer profit de la situation.&nbsp;<\/p>\n\n\n\n<ul class=\"wp-block-list\">\n<li>(Re)voir&nbsp;<a href=\"https:\/\/information.tv5monde.com\/afrique\/video\/la-bataille-de-kidal-au-mali-2667744\">La bataille de Kidal au Mali<\/a><\/li>\n<\/ul>\n\n\n\n<p>TV5 JWPlayer Field<video preload=\"auto\" src=\"https:\/\/vodinfo.tv5monde.com\/videos\/33\/6129175.mp4\"><\/video>Lire la vid\u00e9o<\/p>\n\n\n\n<p>Ainsi, la CMA estime que la Minusma ne doit pas r\u00e9troc\u00e9der ses camps aux autorit\u00e9s maliennes comme elle l\u2019a fait en ao\u00fbt dernier \u00e0 Ber, pr\u00e8s de Tombouctou. Selon elle, ces zones devraient \u00eatre sous son contr\u00f4le, conform\u00e9ment aux arrangements s\u00e9curitaires li\u00e9s \u00e0 l\u2019accord d\u2019Alger.<\/p>\n\n\n\n<p>Auteur d\u2019un ouvrage intitul\u00e9 \u00ab Marchands d\u2019angoisse. Le Mali tel qu\u2019il est, tel qu\u2019il pourrait \u00eatre \u00bb (\u00e9d. Grandvaux, 2019), le sociologue malien Mohamed Amara estime&nbsp;<em>\u00ab qu\u2019en l\u2019\u00e9tat actuel de la situation, l\u2019accord d\u2019Alger n\u2019existe plus. \u00bb<\/em><\/p>\n\n\n\n<p>Et il ajoute :<em>&nbsp;\u00ab Deux des principaux protagonistes de l\u2019accord, \u00e0 savoir le pouvoir de transition malien et la CMA sont entr\u00e9s dans une logique de guerre. Cet accord est donc d\u00e9pass\u00e9, caduc. \u00bb<\/em><\/p>\n\n\n\n<ul class=\"wp-block-list\">\n<li>(Re)lire&nbsp;<a href=\"https:\/\/information.tv5monde.com\/afrique\/retrait-de-la-minusma-quel-bilan-apres-10-ans-de-presence-au-mali-2666636\">Retrait de la Minusma : quel bilan apr\u00e8s 10 ans de pr\u00e9sence au Mali ?<\/a><\/li>\n<\/ul>\n\n\n\n<p>Journaliste et sp\u00e9cialiste de l\u2019actualit\u00e9 africaine, Serge Daniel abonde dans le m\u00eame sens. S\u2019appuyant sur les r\u00e9cents \u00e9v\u00e9nements de Bourem, il explique :&nbsp;<em>\u00ab Bourem se situe entre Gao et Kidal, et vous savez que la Minusma doit bient\u00f4t lib\u00e9rer le camp de Kidal. L\u2019arm\u00e9e malienne entend occuper ce camp. Pour les ex-rebelles, qui deviennent \u00e0 nouveau rebelles, c\u2019est un casus belli. C\u2019est donc la bataille de Kidal qui a commenc\u00e9. L\u2019accord de paix vole en \u00e9clats. \u00bb<\/em><\/p>\n\n\n\n<h2 class=\"wp-block-heading\">Le recouvrement de la souverainet\u00e9<\/h2>\n\n\n\n<p>La reprise des hostilit\u00e9s dans le nord du pays entre l\u2019arm\u00e9e malienne et les groupes arm\u00e9s \u00e0 dominante touareg, a contraint le chef des autorit\u00e9s de transition, le colonel Assimi Go\u00efta, \u00e0 annuler les festivit\u00e9s autour de la f\u00eate de l\u2019ind\u00e9pendance pr\u00e9vue le 22 septembre prochain.<\/p>\n\n\n\n<ul class=\"wp-block-list\">\n<li>(Re)lire&nbsp;<a href=\"https:\/\/information.tv5monde.com\/afrique\/mali-les-festivites-de-lanniversaire-de-lindependance-annulees-2667771\">Mali : les festivit\u00e9s de l\u2019anniversaire de l\u2019ind\u00e9pendance annul\u00e9es<\/a><\/li>\n<\/ul>\n\n\n\n<p>La semaine derni\u00e8re, dans un communiqu\u00e9 rendu public \u00e0 l\u2019issue du conseil des ministres, le pr\u00e9sident de la transition a demand\u00e9 au gouvernement d\u2019allouer les fonds pr\u00e9vus pour ces festivit\u00e9s aux victimes des r\u00e9centes s\u00e9ries d\u2019attaques et \u00e0 leurs familles.<\/p>\n\n\n\n<p>Les conditions d\u2019une mobilisation des r\u00e9servistes ont \u00e9galement \u00e9t\u00e9 \u00e9voqu\u00e9es au cours de ce conseil des ministres.<\/p>\n\n\n\n<p>Depuis l\u2019officialisation en juin dernier du retrait des casques bleus \u00e0 la demande de Bamako, les forces arm\u00e9es maliennes ont pris possession des bases de la Minusma dans le nord. Une situation jug\u00e9e inacceptable par le CSP-PSD qui y voit une violation manifeste de l\u2019accord d\u2019Alger.<\/p>\n\n\n\n<ul class=\"wp-block-list\">\n<li>(Re)voir&nbsp;<a href=\"https:\/\/information.tv5monde.com\/afrique\/video\/afrique-de-louest-naissance-de-lalliance-des-etats-du-sahel-2668076\">Afrique de l&rsquo;Ouest : naissance de \u00ab\u00a0l&rsquo;Alliance des \u00c9tats du Sahel\u00a0\u00bb<\/a><\/li>\n<\/ul>\n\n\n\n<p>TV5 JWPlayer Field<video preload=\"auto\" src=\"https:\/\/vodinfo.tv5monde.com\/videos\/76\/6130310.mp4\"><\/video>Lire la vid\u00e9o<\/p>\n\n\n\n<p><em>\u00ab Aujourd\u2019hui, la CMA comme le CSP-PSD s\u2019inscrivent dans une logique d\u2019ind\u00e9pendance, et ce depuis la r\u00e9trocession de Ber par la Minusma \u00e0 l\u2019arm\u00e9e malienne. Et cette logique d\u2019ind\u00e9pendance nous ram\u00e8ne dans le pass\u00e9 du Mali, celui de 2012. \u00bb,<\/em>&nbsp;souligne le sociologue malien Mohamed Amara.&nbsp;<\/p>\n\n\n\n<p>A l\u2019\u00e9poque, le MNLA, Mouvement national pour la lib\u00e9ration de l\u2019Azawad, et des groupes arm\u00e9s djihadistes lancent une s\u00e9rie d\u2019attaques contre l\u2019arm\u00e9e dans le nord. Cons\u00e9quence : le Mali plonge dans une profonde crise politique, s\u00e9curitaire et humanitaire dont il n\u2019est toujours pas sorti.&nbsp;<\/p>\n\n\n\n<p>D\u2019ailleurs, les autorit\u00e9s actuelles ont fait du recouvrement de la souverainet\u00e9 l\u2019un de leurs chevaux de bataille. Un objectif qui se heurte \u00e9videmment aux diff\u00e9rents groupes arm\u00e9s qui contr\u00f4lent de vastes territoires dans la r\u00e9gion septentrionale.<\/p>\n\n\n\n<ul class=\"wp-block-list\">\n<li>(Re)voir&nbsp;<a href=\"https:\/\/information.tv5monde.com\/afrique\/video\/sahel-un-accord-de-defense-signe-entre-le-mali-le-niger-et-le-burkina-faso-2668077\">Sahel : un accord de d\u00e9fense sign\u00e9 entre le Mali, le Niger et le Burkina Faso<\/a><\/li>\n<\/ul>\n\n\n\n<p>TV5 JWPlaye<video preload=\"auto\" src=\"https:\/\/vodinfo.tv5monde.com\/videos\/b6\/6130311.mp4\"><\/video><\/p>\n\n\n\n<p>La cr\u00e9ation il y a quelques jours de l\u2019AES, l\u2019alliance des Etats du Sahel, qui unit d\u00e9sormais le Mali, le Niger et le Burkina Faso, constitue sans doute une r\u00e9ponse \u00e0 la situation actuelle.<\/p>\n\n\n\n<p>Les articles 4 et 6 de la charte de cette alliance concernent en effet la possible mutualisation des forces pour lutter contre le terrorisme, mais aussi, en th\u00e9orie, les groupes arm\u00e9s \u00e0 dominante touareg.<\/p>\n","protected":false},"excerpt":{"rendered":"<p>Christian Eboul\u00e9 Image Le colonel Assimi Goita, allant \u00e0 la rencontre de l&rsquo;ancien pr\u00e9sident nig\u00e9rian et m\u00e9diateur de la&nbsp;CEDEAO&nbsp;Goodluck Jonathan, au minist\u00e8re de D\u00e9fense, \u00e0 Bamako, au Mali, le&nbsp;24 ao\u00fbt 2020. \u00a9 AP Photo\/Baba Ahmed Depuis plusieurs semaines, la tension ne cesse de s\u2019accro\u00eetre dans le nord du Mali entre le gouvernement de la transition [&hellip;]<\/p>\n","protected":false},"author":2,"featured_media":53780,"comment_status":"open","ping_status":"open","sticky":false,"template":"","format":"standard","meta":{"footnotes":""},"categories":[1],"tags":[],"class_list":["post-53779","post","type-post","status-publish","format-standard","has-post-thumbnail","hentry","category-aucun"],"_links":{"self":[{"href":"https:\/\/lestracesdelinfo.com\/index.php\/wp-json\/wp\/v2\/posts\/53779","targetHints":{"allow":["GET"]}}],"collection":[{"href":"https:\/\/lestracesdelinfo.com\/index.php\/wp-json\/wp\/v2\/posts"}],"about":[{"href":"https:\/\/lestracesdelinfo.com\/index.php\/wp-json\/wp\/v2\/types\/post"}],"author":[{"embeddable":true,"href":"https:\/\/lestracesdelinfo.com\/index.php\/wp-json\/wp\/v2\/users\/2"}],"replies":[{"embeddable":true,"href":"https:\/\/lestracesdelinfo.com\/index.php\/wp-json\/wp\/v2\/comments?post=53779"}],"version-history":[{"count":1,"href":"https:\/\/lestracesdelinfo.com\/index.php\/wp-json\/wp\/v2\/posts\/53779\/revisions"}],"predecessor-version":[{"id":53781,"href":"https:\/\/lestracesdelinfo.com\/index.php\/wp-json\/wp\/v2\/posts\/53779\/revisions\/53781"}],"wp:featuredmedia":[{"embeddable":true,"href":"https:\/\/lestracesdelinfo.com\/index.php\/wp-json\/wp\/v2\/media\/53780"}],"wp:attachment":[{"href":"https:\/\/lestracesdelinfo.com\/index.php\/wp-json\/wp\/v2\/media?parent=53779"}],"wp:term":[{"taxonomy":"category","embeddable":true,"href":"https:\/\/lestracesdelinfo.com\/index.php\/wp-json\/wp\/v2\/categories?post=53779"},{"taxonomy":"post_tag","embeddable":true,"href":"https:\/\/lestracesdelinfo.com\/index.php\/wp-json\/wp\/v2\/tags?post=53779"}],"curies":[{"name":"wp","href":"https:\/\/api.w.org\/{rel}","templated":true}]}}