{"id":53788,"date":"2023-09-20T17:05:58","date_gmt":"2023-09-20T17:05:58","guid":{"rendered":"https:\/\/lestracesdelinfo.com\/?p=53788"},"modified":"2023-09-20T17:06:06","modified_gmt":"2023-09-20T17:06:06","slug":"fin-de-la-tournee-de-s-de-mistura-le-rapport-de-lemissaire-onusien-attendu-pour-octobre","status":"publish","type":"post","link":"https:\/\/lestracesdelinfo.com\/index.php\/2023\/09\/20\/fin-de-la-tournee-de-s-de-mistura-le-rapport-de-lemissaire-onusien-attendu-pour-octobre\/","title":{"rendered":"Fin de la tourn\u00e9e de S. de Mistura : Le rapport de l\u2019\u00e9missaire onusien attendu pour octobre"},"content":{"rendered":"\n<figure class=\"wp-block-image size-large\"><img loading=\"lazy\" decoding=\"async\" width=\"1024\" height=\"721\" src=\"https:\/\/lestracesdelinfo.com\/wp-content\/uploads\/2023\/09\/mistura_sahara_occidental_20230328_185941_Gallery-1024x721.jpg\" alt=\"\" class=\"wp-image-53789\" srcset=\"https:\/\/lestracesdelinfo.com\/wp-content\/uploads\/2023\/09\/mistura_sahara_occidental_20230328_185941_Gallery-1024x721.jpg 1024w, https:\/\/lestracesdelinfo.com\/wp-content\/uploads\/2023\/09\/mistura_sahara_occidental_20230328_185941_Gallery-300x211.jpg 300w, https:\/\/lestracesdelinfo.com\/wp-content\/uploads\/2023\/09\/mistura_sahara_occidental_20230328_185941_Gallery-768x541.jpg 768w, https:\/\/lestracesdelinfo.com\/wp-content\/uploads\/2023\/09\/mistura_sahara_occidental_20230328_185941_Gallery.jpg 1438w\" sizes=\"auto, (max-width: 1024px) 100vw, 1024px\" \/><\/figure>\n\n\n\n<p>L\u2019envoy\u00e9 personnel du secr\u00e9taire g\u00e9n\u00e9ral des Nations unies pour le Sahara occidental informera, le 16 octobre, les membres du Conseil de s\u00e9curit\u00e9 sur ses consultations avec les repr\u00e9sentants de toutes les parties concern\u00e9es par ce dossier. Une annonce faite vendredi 15 septembre par le porte-parole du secr\u00e9taire g\u00e9n\u00e9ral de l\u2019ONU, lors de son point de presse.<\/p>\n\n\n\n<p>https:\/\/creatives.sascdn.com\/diff\/3391\/advertiser\/408168\/300&#215;250-BP-FilRouge-Aout2023-V3-SmartA<\/p>\n\n\n\n<ul class=\"wp-block-list\">\n<li><a href=\"https:\/\/perspectivesmed.com\/2023\/09\/18\/\">septembre 18, 2023<\/a><\/li>\n<\/ul>\n\n\n\n<figure class=\"wp-block-image\"><img decoding=\"async\" src=\"https:\/\/perspectivesmed.com\/wp-content\/uploads\/2023\/09\/De-Mistura.webp\" alt=\"Fin de la tourn\u00e9e de S. de Mistura : Le rapport de l\u2019\u00e9missaire onusien attendu pour octobre\" class=\"wp-image-132494\"\/><\/figure>\n\n\n\n<p>Staffan de Mistura a d\u00e9but\u00e9&nbsp;sa derni\u00e8re tourn\u00e9e dans la r\u00e9gion par une visite \u00e0 Laayoune et Dakhla, le 4 septembre. L\u2019\u00e9missaire onusien a fait une escale \u00e0 Rabat o\u00f9 il a eu des entretiens avec Nasser Bourita, ministre des&nbsp;Affaires \u00e9trang\u00e8res. R\u00e9union au cours de laquelle le Maroc a insist\u00e9 sur le fait qu\u2019aucune solution ne saurait \u00eatre imagin\u00e9e en dehors de la marocanit\u00e9 des provinces sahariennes.<\/p>\n\n\n\n<p>S. De Mistura a rencontr\u00e9 ensuite, le 11 septembre \u00e0 New York, Brahim Ghali, leader des s\u00e9paratistes. Ensuite, il a \u00e9t\u00e9 re\u00e7u, mercredi \u00e0 Alger, par Ahmed Attaf, ministre alg\u00e9rien des Affaires \u00e9trang\u00e8res. Le diplomate italo-sud\u00e9ois a achev\u00e9 son p\u00e9riple dans la r\u00e9gion par une r\u00e9union, jeudi soir \u00e0 Nouakchott, avec Mohamed Ould Cheikh El Ghazouani, pr\u00e9sident mauritanien. Une r\u00e9union au cours de laquelle le chef de la diplomatie mauritanienne n\u2019\u00e9tait pas convi\u00e9.<\/p>\n\n\n\n<p>Depuis l\u2019adoption par le Conseil de s\u00e9curit\u00e9 de la r\u00e9solution 2654, le 27 octobre 2022, S. de Mistura&nbsp;<a href=\"https:\/\/www.yabiladi.com\/articles\/details\/138306\/sahara-mistura-invite-parties-dont.html\" target=\"_blank\" rel=\"noreferrer noopener\">avait invit\u00e9<\/a>&nbsp;\u00e0 des consultations bilat\u00e9rales informelles avec lui, fin mars, les repr\u00e9sentants \u00e0 New York du Maroc, du Polisario, de l\u2019Alg\u00e9rie et de la Mauritanie, ainsi que les membres du Groupe des amis du Sahara occidental, \u00e0 savoir la France, la Russie, l\u2019Espagne, le Royaume-Uni et les Etats-Unis. Il a eu \u00e9galement des r\u00e9unions avec quelques diplomates \u00e9trangers, notamment&nbsp;<a href=\"https:\/\/www.yabiladi.com\/articles\/details\/138985\/sahara-mistura-rencontre-diplomatie-etats-unis.html\" target=\"_blank\" rel=\"noreferrer noopener\">Wendy Sherman<\/a>, n\u00b02 de la diplomatie des Etats-Unis,&nbsp;&nbsp;et&nbsp;<a href=\"https:\/\/www.yabiladi.com\/articles\/details\/137210\/sahara-albares-rencontre-mistura-munich.html\" target=\"_blank\" rel=\"noreferrer noopener\">Jos\u00e9 Manuel Albares<\/a>, ministre espagnol des Affaires \u00e9trang\u00e8res.<\/p>\n","protected":false},"excerpt":{"rendered":"<p>L\u2019envoy\u00e9 personnel du secr\u00e9taire g\u00e9n\u00e9ral des Nations unies pour le Sahara occidental informera, le 16 octobre, les membres du Conseil de s\u00e9curit\u00e9 sur ses consultations avec les repr\u00e9sentants de toutes les parties concern\u00e9es par ce dossier. Une annonce faite vendredi 15 septembre par le porte-parole du secr\u00e9taire g\u00e9n\u00e9ral de l\u2019ONU, lors de son point de [&hellip;]<\/p>\n","protected":false},"author":2,"featured_media":53790,"comment_status":"open","ping_status":"open","sticky":false,"template":"","format":"standard","meta":{"footnotes":""},"categories":[1],"tags":[],"class_list":["post-53788","post","type-post","status-publish","format-standard","has-post-thumbnail","hentry","category-aucun"],"_links":{"self":[{"href":"https:\/\/lestracesdelinfo.com\/index.php\/wp-json\/wp\/v2\/posts\/53788","targetHints":{"allow":["GET"]}}],"collection":[{"href":"https:\/\/lestracesdelinfo.com\/index.php\/wp-json\/wp\/v2\/posts"}],"about":[{"href":"https:\/\/lestracesdelinfo.com\/index.php\/wp-json\/wp\/v2\/types\/post"}],"author":[{"embeddable":true,"href":"https:\/\/lestracesdelinfo.com\/index.php\/wp-json\/wp\/v2\/users\/2"}],"replies":[{"embeddable":true,"href":"https:\/\/lestracesdelinfo.com\/index.php\/wp-json\/wp\/v2\/comments?post=53788"}],"version-history":[{"count":1,"href":"https:\/\/lestracesdelinfo.com\/index.php\/wp-json\/wp\/v2\/posts\/53788\/revisions"}],"predecessor-version":[{"id":53791,"href":"https:\/\/lestracesdelinfo.com\/index.php\/wp-json\/wp\/v2\/posts\/53788\/revisions\/53791"}],"wp:featuredmedia":[{"embeddable":true,"href":"https:\/\/lestracesdelinfo.com\/index.php\/wp-json\/wp\/v2\/media\/53790"}],"wp:attachment":[{"href":"https:\/\/lestracesdelinfo.com\/index.php\/wp-json\/wp\/v2\/media?parent=53788"}],"wp:term":[{"taxonomy":"category","embeddable":true,"href":"https:\/\/lestracesdelinfo.com\/index.php\/wp-json\/wp\/v2\/categories?post=53788"},{"taxonomy":"post_tag","embeddable":true,"href":"https:\/\/lestracesdelinfo.com\/index.php\/wp-json\/wp\/v2\/tags?post=53788"}],"curies":[{"name":"wp","href":"https:\/\/api.w.org\/{rel}","templated":true}]}}