{"id":53795,"date":"2023-09-20T17:56:16","date_gmt":"2023-09-20T17:56:16","guid":{"rendered":"https:\/\/lestracesdelinfo.com\/?p=53795"},"modified":"2023-09-20T17:56:19","modified_gmt":"2023-09-20T17:56:19","slug":"le-president-de-la-republique-participe-au-sommet-des-objectifs-de-developpement-durable-2030new-york","status":"publish","type":"post","link":"https:\/\/lestracesdelinfo.com\/index.php\/2023\/09\/20\/le-president-de-la-republique-participe-au-sommet-des-objectifs-de-developpement-durable-2030new-york\/","title":{"rendered":"Le Pr\u00e9sident de la R\u00e9publique participe au Sommet des Objectifs de D\u00e9veloppement Durable 2030New York"},"content":{"rendered":"\n<figure class=\"wp-block-image size-full\"><img loading=\"lazy\" decoding=\"async\" width=\"750\" height=\"430\" src=\"https:\/\/lestracesdelinfo.com\/wp-content\/uploads\/2023\/09\/Sans-titre-4-1-750x430-1.jpg\" alt=\"\" class=\"wp-image-53796\" srcset=\"https:\/\/lestracesdelinfo.com\/wp-content\/uploads\/2023\/09\/Sans-titre-4-1-750x430-1.jpg 750w, https:\/\/lestracesdelinfo.com\/wp-content\/uploads\/2023\/09\/Sans-titre-4-1-750x430-1-300x172.jpg 300w\" sizes=\"auto, (max-width: 750px) 100vw, 750px\" \/><\/figure>\n\n\n\n<p><br><strong>AMI<\/strong><\/p>\n\n\n\n<p>Son Excellence le Pr\u00e9sident de la R\u00e9publique, Monsieur Mohamed Ould Cheikh Ghazouani, a particip\u00e9 mardi apr\u00e8s-midi, en marge de la 78\u00e8me session ordinaire de l\u2019Assembl\u00e9e g\u00e9n\u00e9rale des Nations Unies, au Sommet des Objectifs de D\u00e9veloppement Durable 2030.<\/p>\n\n\n\n<p>Ce sommet, dont Son Excellence le Pr\u00e9sident de la R\u00e9publique \u00e9tait l\u2019un des principaux intervenants, a \u00e9t\u00e9 le t\u00e9moin d\u2019une \u00e9valuation approfondie du Plan de d\u00e9veloppement durable \u00e0 l\u2019horizon 2030. Les dirigeants du monde adopteront la d\u00e9claration politique charni\u00e8re du sommet apr\u00e8s des n\u00e9gociations ardues et tumultueuses.<\/p>\n\n\n\n<p>Cette d\u00e9claration vise \u00e0 pr\u00e9senter des orientations sur des \u00ab actions transformatrices et acc\u00e9l\u00e9r\u00e9es \u00bb pour que tous les pays \u0153uvrent \u00e0 la r\u00e9alisation des 17 objectifs de d\u00e9veloppement durable.<\/p>\n\n\n\n<p>Ont particip\u00e9 au sommet en question, outre Son Excellence le Pr\u00e9sident de la R\u00e9publique, le ministre charg\u00e9 du Cabinet de la Pr\u00e9sidence de la R\u00e9publique, M. Mokhtar Ould Diay, le ministre des Affaires \u00c9conomiques et du D\u00e9veloppement durable, M. Abdessalam Ould Mohamed Saleh, et le Repr\u00e9sentant permanent de notre pays aupr\u00e8s des Nations Unies, SEM. Sidi Ould Mohamed Laghdaf.<\/p>\n","protected":false},"excerpt":{"rendered":"<p>AMI Son Excellence le Pr\u00e9sident de la R\u00e9publique, Monsieur Mohamed Ould Cheikh Ghazouani, a particip\u00e9 mardi apr\u00e8s-midi, en marge de la 78\u00e8me session ordinaire de l\u2019Assembl\u00e9e g\u00e9n\u00e9rale des Nations Unies, au Sommet des Objectifs de D\u00e9veloppement Durable 2030. Ce sommet, dont Son Excellence le Pr\u00e9sident de la R\u00e9publique \u00e9tait l\u2019un des principaux intervenants, a \u00e9t\u00e9 [&hellip;]<\/p>\n","protected":false},"author":2,"featured_media":53797,"comment_status":"open","ping_status":"open","sticky":false,"template":"","format":"standard","meta":{"footnotes":""},"categories":[1],"tags":[],"class_list":["post-53795","post","type-post","status-publish","format-standard","has-post-thumbnail","hentry","category-aucun"],"_links":{"self":[{"href":"https:\/\/lestracesdelinfo.com\/index.php\/wp-json\/wp\/v2\/posts\/53795","targetHints":{"allow":["GET"]}}],"collection":[{"href":"https:\/\/lestracesdelinfo.com\/index.php\/wp-json\/wp\/v2\/posts"}],"about":[{"href":"https:\/\/lestracesdelinfo.com\/index.php\/wp-json\/wp\/v2\/types\/post"}],"author":[{"embeddable":true,"href":"https:\/\/lestracesdelinfo.com\/index.php\/wp-json\/wp\/v2\/users\/2"}],"replies":[{"embeddable":true,"href":"https:\/\/lestracesdelinfo.com\/index.php\/wp-json\/wp\/v2\/comments?post=53795"}],"version-history":[{"count":1,"href":"https:\/\/lestracesdelinfo.com\/index.php\/wp-json\/wp\/v2\/posts\/53795\/revisions"}],"predecessor-version":[{"id":53798,"href":"https:\/\/lestracesdelinfo.com\/index.php\/wp-json\/wp\/v2\/posts\/53795\/revisions\/53798"}],"wp:featuredmedia":[{"embeddable":true,"href":"https:\/\/lestracesdelinfo.com\/index.php\/wp-json\/wp\/v2\/media\/53797"}],"wp:attachment":[{"href":"https:\/\/lestracesdelinfo.com\/index.php\/wp-json\/wp\/v2\/media?parent=53795"}],"wp:term":[{"taxonomy":"category","embeddable":true,"href":"https:\/\/lestracesdelinfo.com\/index.php\/wp-json\/wp\/v2\/categories?post=53795"},{"taxonomy":"post_tag","embeddable":true,"href":"https:\/\/lestracesdelinfo.com\/index.php\/wp-json\/wp\/v2\/tags?post=53795"}],"curies":[{"name":"wp","href":"https:\/\/api.w.org\/{rel}","templated":true}]}}