{"id":53802,"date":"2023-09-21T07:52:03","date_gmt":"2023-09-21T07:52:03","guid":{"rendered":"https:\/\/lestracesdelinfo.com\/?p=53802"},"modified":"2023-09-21T07:52:06","modified_gmt":"2023-09-21T07:52:06","slug":"le-president-de-la-republique-sentretient-avec-le-secretaire-general-des-nations-unies","status":"publish","type":"post","link":"https:\/\/lestracesdelinfo.com\/index.php\/2023\/09\/21\/le-president-de-la-republique-sentretient-avec-le-secretaire-general-des-nations-unies\/","title":{"rendered":"Le Pr\u00e9sident de la R\u00e9publique s\u2019entretient avec le Secr\u00e9taire g\u00e9n\u00e9ral des Nations Unies"},"content":{"rendered":"\n<p>AMI<\/p>\n\n\n\n<figure class=\"wp-block-image\"><a href=\"https:\/\/ami.mr\/fr\/wp-content\/uploads\/2023\/09\/pr-un-.jpg\"><img decoding=\"async\" src=\"https:\/\/ami.mr\/fr\/wp-content\/uploads\/2023\/09\/pr-un--750x430.jpg\" alt=\"\"\/><\/a><\/figure>\n\n\n\n<p>Son Excellence le Pr\u00e9sident de la R\u00e9publique, M. Mohamed Ould Cheikh El-Ghazouani, a tenu, mercredi apr\u00e8s-midi \u00e0 New York, une r\u00e9union avec le Secr\u00e9taire g\u00e9n\u00e9ral des Nations Unies, M. Antonio Guterres, au cours de laquelle les deux hommes ont discut\u00e9 des moyens de d\u00e9velopper les relations de coop\u00e9ration entre la Mauritanie et l\u2019ONU, ainsi que l\u2019\u00e9volution de la situation r\u00e9gionale et internationale.<\/p>\n\n\n\n<p>A l\u2019issue de la rencontre, Son Excellence le Pr\u00e9sident de la R\u00e9publique a consign\u00e9 ses impressions dans le Registre d\u2019Or des Nations Unies.<\/p>\n\n\n\n<p>La r\u00e9union s\u2019est d\u00e9roul\u00e9e en pr\u00e9sence du Ministre charg\u00e9 du Cabinet du Pr\u00e9sident de la R\u00e9publique, M. Mokhtar Ould Djaye, du Ministre des Affaires \u00e9trang\u00e8res, de la Coop\u00e9ration et des Mauritaniens de l\u2019\u00e9tranger, M. Mohamed Salem Ould Merzoug, et du Ministre de l\u2019\u00c9conomie et du D\u00e9veloppement durable, M. Abdessalam Ould Mohamed Saleh, en plus du Repr\u00e9sentant permanent de la Mauritanie aupr\u00e8s des Nations Unies, SEM. Sidi Ould Mohammad Laghdhaf.<\/p>\n\n\n\n<p>Cette r\u00e9union et des r\u00e9unions similaires conduites par Son Excellence le Pr\u00e9sident de la R\u00e9publique interviennent en marge de la 78\u00e8me session ordinaire de l\u2019Assembl\u00e9e g\u00e9n\u00e9rale des Nations Unies, qui a commenc\u00e9 ses travaux hier, mardi, \u00e0 New York.<\/p>\n","protected":false},"excerpt":{"rendered":"<p>AMI Son Excellence le Pr\u00e9sident de la R\u00e9publique, M. Mohamed Ould Cheikh El-Ghazouani, a tenu, mercredi apr\u00e8s-midi \u00e0 New York, une r\u00e9union avec le Secr\u00e9taire g\u00e9n\u00e9ral des Nations Unies, M. Antonio Guterres, au cours de laquelle les deux hommes ont discut\u00e9 des moyens de d\u00e9velopper les relations de coop\u00e9ration entre la Mauritanie et l\u2019ONU, ainsi [&hellip;]<\/p>\n","protected":false},"author":2,"featured_media":53803,"comment_status":"open","ping_status":"open","sticky":false,"template":"","format":"standard","meta":{"footnotes":""},"categories":[1],"tags":[],"class_list":["post-53802","post","type-post","status-publish","format-standard","has-post-thumbnail","hentry","category-aucun"],"_links":{"self":[{"href":"https:\/\/lestracesdelinfo.com\/index.php\/wp-json\/wp\/v2\/posts\/53802","targetHints":{"allow":["GET"]}}],"collection":[{"href":"https:\/\/lestracesdelinfo.com\/index.php\/wp-json\/wp\/v2\/posts"}],"about":[{"href":"https:\/\/lestracesdelinfo.com\/index.php\/wp-json\/wp\/v2\/types\/post"}],"author":[{"embeddable":true,"href":"https:\/\/lestracesdelinfo.com\/index.php\/wp-json\/wp\/v2\/users\/2"}],"replies":[{"embeddable":true,"href":"https:\/\/lestracesdelinfo.com\/index.php\/wp-json\/wp\/v2\/comments?post=53802"}],"version-history":[{"count":1,"href":"https:\/\/lestracesdelinfo.com\/index.php\/wp-json\/wp\/v2\/posts\/53802\/revisions"}],"predecessor-version":[{"id":53804,"href":"https:\/\/lestracesdelinfo.com\/index.php\/wp-json\/wp\/v2\/posts\/53802\/revisions\/53804"}],"wp:featuredmedia":[{"embeddable":true,"href":"https:\/\/lestracesdelinfo.com\/index.php\/wp-json\/wp\/v2\/media\/53803"}],"wp:attachment":[{"href":"https:\/\/lestracesdelinfo.com\/index.php\/wp-json\/wp\/v2\/media?parent=53802"}],"wp:term":[{"taxonomy":"category","embeddable":true,"href":"https:\/\/lestracesdelinfo.com\/index.php\/wp-json\/wp\/v2\/categories?post=53802"},{"taxonomy":"post_tag","embeddable":true,"href":"https:\/\/lestracesdelinfo.com\/index.php\/wp-json\/wp\/v2\/tags?post=53802"}],"curies":[{"name":"wp","href":"https:\/\/api.w.org\/{rel}","templated":true}]}}