{"id":53805,"date":"2023-09-21T07:54:25","date_gmt":"2023-09-21T07:54:25","guid":{"rendered":"https:\/\/lestracesdelinfo.com\/?p=53805"},"modified":"2023-09-21T07:54:28","modified_gmt":"2023-09-21T07:54:28","slug":"le-depute-khally-diallo-appelle-a-creer-un-ministere-independant-dedie-aux-mauritaniens-de-lexterieur","status":"publish","type":"post","link":"https:\/\/lestracesdelinfo.com\/index.php\/2023\/09\/21\/le-depute-khally-diallo-appelle-a-creer-un-ministere-independant-dedie-aux-mauritaniens-de-lexterieur\/","title":{"rendered":"Le d\u00e9put\u00e9 Khally Diallo appelle \u00e0 cr\u00e9er un minist\u00e8re ind\u00e9pendant d\u00e9di\u00e9 aux mauritaniens de l&rsquo;ext\u00e9rieur"},"content":{"rendered":"\n<p><img loading=\"lazy\" decoding=\"async\" src=\"https:\/\/cridem.org\/media\/photos\/photo\/khally_diallo_depute_000.jpg\" alt=\"Le d\u00e9put\u00e9 Khally Diallo appelle \u00e0 cr\u00e9er un minist\u00e8re ind\u00e9pendant d\u00e9di\u00e9 aux mauritaniens de l'ext\u00e9rieur\" width=\"300\" height=\"200\"><\/p>\n\n\n\n<p><strong>EN BREF | #Cridem \u2013<\/strong> Le souhait a \u00e9t\u00e9 exprim\u00e9, ce mercredi 20 septembre, sur sa page Facebook. Le d\u00e9put\u00e9 mauritanien est en tourn\u00e9e en Europe notamment en France et en Belgique.<br><br>\u00ab Nous avons beaucoup \u00e9chang\u00e9 avec nos compatriotes et il est important de pr\u00e9ciser que le sujet qui revient en boucle c&rsquo;est d&rsquo;abord le probl\u00e8me d&rsquo;\u00e9tat civil car malheureusement beaucoup de mauritaniens en Europe font face \u00e0 un v\u00e9ritable probl\u00e8me d&rsquo;enr\u00f4lement dans le nouveau syst\u00e8me biom\u00e9trique et de nombreuses familles sont apatrides car les mesures mises en place ne sont pas simples et sont m\u00eame discriminatoires \u00bb, a-t-il \u00e9crit.<br><br>\u00ab On peut voir que certains ont r\u00e9ussi \u00e0 s&rsquo;enr\u00f4ler mais s&rsquo;offrir des passeports et les cartes d&rsquo;identit\u00e9 restent un v\u00e9ritable casse-t\u00eate \u00bb, dit-il, estimant qu\u2019 \u00ab on n\u00e9glige s\u00e9v\u00e8rement les mauritaniens de l&rsquo;ext\u00e9rieur \u00bb.<br><br>Le d\u00e9put\u00e9 de la Coalition Espoir Mauritanie s\u2019est en outre interrog\u00e9 sur le fait que \u00ab toute l&rsquo;Europe soit rattach\u00e9e seulement \u00e0 l&rsquo;ambassade de Mauritanie de Paris alors que dans d&rsquo;autres pays comme l&rsquo;Espagne, la Belgique et m\u00eame en Allemagne, la pr\u00e9sence de nos compatriotes est assez cons\u00e9quente \u00bb. M. Diallo estime que \u00ab le fait de ne pas mettre des centres d&rsquo;enr\u00f4lement et des bureaux de vote r\u00e9v\u00e8le l&rsquo;irresponsabilit\u00e9 et l&rsquo;amateurisme de nos autorit\u00e9s. \u00bb<br><br>\u00ab J&rsquo;invite le pr\u00e9sident de la R\u00e9publique \u00e0 r\u00e9gler cette situation injuste, et de cr\u00e9er un v\u00e9ritable minist\u00e8re ind\u00e9pendant d\u00e9di\u00e9 uniquement aux Mauritaniens de l&rsquo;ext\u00e9rieur afin de permettre \u00e0 notre pays de b\u00e9n\u00e9ficier de cette force intellectuelle, \u00e9conomique et sociale que repr\u00e9sente notre diaspora \u00bb, a post\u00e9 le d\u00e9put\u00e9.<br><br>\u00ab Tous les pays accordent une importance particuli\u00e8re \u00e0 leurs ressortissants sauf le gouvernement Mauritanien qui au lieu d&rsquo;\u00e9couter ses fils les discrimine. Il est vraiment urgent de prendre des mesures concr\u00e8tes et sinc\u00e8res \u00bb, a encore pest\u00e9 le parlementaire de la Coalition Espoir Mauritanie.<br><br>M. Diallo vient de boucler une tourn\u00e9e en France et en Belgique.<br><br>Par La r\u00e9daction de Cridem<br><br>&#8212;<\/p>\n","protected":false},"excerpt":{"rendered":"<p>EN BREF | #Cridem \u2013 Le souhait a \u00e9t\u00e9 exprim\u00e9, ce mercredi 20 septembre, sur sa page Facebook. Le d\u00e9put\u00e9 mauritanien est en tourn\u00e9e en Europe notamment en France et en Belgique. \u00ab Nous avons beaucoup \u00e9chang\u00e9 avec nos compatriotes et il est important de pr\u00e9ciser que le sujet qui revient en boucle c&rsquo;est d&rsquo;abord [&hellip;]<\/p>\n","protected":false},"author":2,"featured_media":53806,"comment_status":"open","ping_status":"open","sticky":false,"template":"","format":"standard","meta":{"footnotes":""},"categories":[1],"tags":[],"class_list":["post-53805","post","type-post","status-publish","format-standard","has-post-thumbnail","hentry","category-aucun"],"_links":{"self":[{"href":"https:\/\/lestracesdelinfo.com\/index.php\/wp-json\/wp\/v2\/posts\/53805","targetHints":{"allow":["GET"]}}],"collection":[{"href":"https:\/\/lestracesdelinfo.com\/index.php\/wp-json\/wp\/v2\/posts"}],"about":[{"href":"https:\/\/lestracesdelinfo.com\/index.php\/wp-json\/wp\/v2\/types\/post"}],"author":[{"embeddable":true,"href":"https:\/\/lestracesdelinfo.com\/index.php\/wp-json\/wp\/v2\/users\/2"}],"replies":[{"embeddable":true,"href":"https:\/\/lestracesdelinfo.com\/index.php\/wp-json\/wp\/v2\/comments?post=53805"}],"version-history":[{"count":1,"href":"https:\/\/lestracesdelinfo.com\/index.php\/wp-json\/wp\/v2\/posts\/53805\/revisions"}],"predecessor-version":[{"id":53807,"href":"https:\/\/lestracesdelinfo.com\/index.php\/wp-json\/wp\/v2\/posts\/53805\/revisions\/53807"}],"wp:featuredmedia":[{"embeddable":true,"href":"https:\/\/lestracesdelinfo.com\/index.php\/wp-json\/wp\/v2\/media\/53806"}],"wp:attachment":[{"href":"https:\/\/lestracesdelinfo.com\/index.php\/wp-json\/wp\/v2\/media?parent=53805"}],"wp:term":[{"taxonomy":"category","embeddable":true,"href":"https:\/\/lestracesdelinfo.com\/index.php\/wp-json\/wp\/v2\/categories?post=53805"},{"taxonomy":"post_tag","embeddable":true,"href":"https:\/\/lestracesdelinfo.com\/index.php\/wp-json\/wp\/v2\/tags?post=53805"}],"curies":[{"name":"wp","href":"https:\/\/api.w.org\/{rel}","templated":true}]}}