{"id":53811,"date":"2023-09-21T10:00:53","date_gmt":"2023-09-21T10:00:53","guid":{"rendered":"https:\/\/lestracesdelinfo.com\/?p=53811"},"modified":"2023-09-21T10:00:57","modified_gmt":"2023-09-21T10:00:57","slug":"b-netanyahu-a-la-maison-blanche-une-visite-sous-tension","status":"publish","type":"post","link":"https:\/\/lestracesdelinfo.com\/index.php\/2023\/09\/21\/b-netanyahu-a-la-maison-blanche-une-visite-sous-tension\/","title":{"rendered":"B. Netanyahu \u00e0 la Maison Blanche : Une visite sous tension"},"content":{"rendered":"\n<p><a href=\"https:\/\/perspectivesmed.com\/b-netanyahu-a-la-ma\">perspectivesmed.com<\/a><\/p>\n\n\n\n<p>Joe Biden recevra Benyamin Netanyahu en d\u00e9placement aux USA en marge des travaux de l\u2019AG ; de l\u2019ONU. C\u2019est la premi\u00e8re fois que les deux dirigeants se voient, depuis le retour au pouvoir de B. Netanyahu, en fin d\u2019ann\u00e9e derni\u00e8re. Washington pr\u00e9f\u00e8re afficher une certaine distance avec lui<\/p>\n\n\n\n<figure class=\"wp-block-image\"><img decoding=\"async\" src=\"https:\/\/perspectivesmed.com\/wp-content\/uploads\/2023\/09\/J.-Biden-Netanyahu.webp\" alt=\"B. Netanyahu \u00e0 la Maison Blanche : Une visite sous tension\" class=\"wp-image-132630\"\/><\/figure>\n\n\n\n<p>Deux dossiers pr\u00e9occupent particuli\u00e8rement la Maison Blanche&nbsp;: la colonisation isra\u00e9lienne dans les Territoires palestiniens, et la r\u00e9forme judiciaire controvers\u00e9e en Isra\u00ebl, voulue par B. Netanyahu et son gouvernement.&nbsp; traditionnellemnt, d\u00e8s qu\u2019un Premier ministre isra\u00e9lien arrive au pouvoir, il est re\u00e7u dans la foul\u00e9e \u00e0 la Maison Blanche. Objectif&nbsp;: r\u00e9affirmer les liens historiques entre les deux alli\u00e9s. B.&nbsp;Netanyahu a repris la t\u00eate du pays, en d\u00e9cembre dernier. Des mois d\u2019attente, d\u2019interrogations et de pol\u00e9miques, pour qu\u2019enfin cet \u00e9t\u00e9, le pr\u00e9sident am\u00e9ricain daigne le convier aux \u00c9tats-Unis. Non pas pour une visite d\u2019\u00c9tat, mais pour une simple r\u00e9union.<\/p>\n\n\n\n<p>Le&nbsp;<em>Yedioth Ahronoth,&nbsp;<\/em>m\u00e9dia isra\u00e9lien,&nbsp;\u00e9trille B. Netanyahu. Et il nest pas le seul \u00e0 le faire. \u00ab&nbsp;<em>Tel un dirigeant du tiers monde, [il] profite de l\u2019Assembl\u00e9e g\u00e9n\u00e9rale de l\u2019ONU pour visiter l\u2019Am\u00e9rique<\/em>&nbsp;\u00bb, raille le quotidien isra\u00e9lien. Car Washington est plus que contrari\u00e9 par la politique de B. Netanyahu.<\/p>\n\n\n\n<p>Malgr\u00e9 cela, l\u2019alli\u00e9 historique de l\u2019\u00c9tat h\u00e9breu \u0153uvre pour faciliter davantage son int\u00e9gration au Proche-Orient, \u00e0 travers notamment la normalisation des relations entre Isra\u00ebl et l\u2019Arabie saoudite. Il en sera question lors de la rencontre. Mais les Saoudiens ont pr\u00e9venu&nbsp;: \u00ab&nbsp;<em>Pas de normalisation, sans le r\u00e8glement de la question palestinienne<\/em>&nbsp;\u00bb. Et cela passe, explique Riyad, \u00ab&nbsp;<em>par la cr\u00e9ation d\u2019un \u00c9tat palestinien<\/em>&nbsp;\u00bb.<\/p>\n\n\n\n<p>Si pour B. Netanyahu, un accord de normalisation avec l\u2019Arabie saoudite serait un succ\u00e8s diplomatique, du c\u00f4t\u00e9 de Riyad, les r\u00e9ticences sont encore nombreuses. Difficile, notamment, de tisser des liens avec un gouvernement isra\u00e9lien domin\u00e9 par l\u2019extr\u00eame droite et les colons, alors que la question palestinienne reste centrale pour les Saoudiens.<\/p>\n\n\n\n<p>Si les Saoudiens ont tout de m\u00eame avanc\u00e9 dans les discussions, c\u2019est qu\u2019ils attendent des gages, en \u00e9change, des \u00c9tats-Unis, m\u00e9diateur dans ce dossier. \u00ab&nbsp;<em>Les Saoudiens font aussi monter les ench\u00e8res, ils veulent obtenir une coop\u00e9ration sur le nucl\u00e9aire civil, et ils veulent quasi un accord de d\u00e9fense \u00e9crit, qui contraindraient les \u00c9tats-Unis \u00e0 d\u00e9fendre co\u00fbte que co\u00fbte l\u2019Arabie saoudite.<\/em>&nbsp;\u00bb<\/p>\n\n\n\n<p>Des questions complexes qui demandent \u00e0 chaque partie des compromis avant d\u2019envisager un accord de normalisation<\/p>\n","protected":false},"excerpt":{"rendered":"<p>perspectivesmed.com Joe Biden recevra Benyamin Netanyahu en d\u00e9placement aux USA en marge des travaux de l\u2019AG ; de l\u2019ONU. C\u2019est la premi\u00e8re fois que les deux dirigeants se voient, depuis le retour au pouvoir de B. Netanyahu, en fin d\u2019ann\u00e9e derni\u00e8re. Washington pr\u00e9f\u00e8re afficher une certaine distance avec lui Deux dossiers pr\u00e9occupent particuli\u00e8rement la Maison [&hellip;]<\/p>\n","protected":false},"author":2,"featured_media":53812,"comment_status":"open","ping_status":"open","sticky":false,"template":"","format":"standard","meta":{"footnotes":""},"categories":[1],"tags":[],"class_list":["post-53811","post","type-post","status-publish","format-standard","has-post-thumbnail","hentry","category-aucun"],"_links":{"self":[{"href":"https:\/\/lestracesdelinfo.com\/index.php\/wp-json\/wp\/v2\/posts\/53811","targetHints":{"allow":["GET"]}}],"collection":[{"href":"https:\/\/lestracesdelinfo.com\/index.php\/wp-json\/wp\/v2\/posts"}],"about":[{"href":"https:\/\/lestracesdelinfo.com\/index.php\/wp-json\/wp\/v2\/types\/post"}],"author":[{"embeddable":true,"href":"https:\/\/lestracesdelinfo.com\/index.php\/wp-json\/wp\/v2\/users\/2"}],"replies":[{"embeddable":true,"href":"https:\/\/lestracesdelinfo.com\/index.php\/wp-json\/wp\/v2\/comments?post=53811"}],"version-history":[{"count":1,"href":"https:\/\/lestracesdelinfo.com\/index.php\/wp-json\/wp\/v2\/posts\/53811\/revisions"}],"predecessor-version":[{"id":53813,"href":"https:\/\/lestracesdelinfo.com\/index.php\/wp-json\/wp\/v2\/posts\/53811\/revisions\/53813"}],"wp:featuredmedia":[{"embeddable":true,"href":"https:\/\/lestracesdelinfo.com\/index.php\/wp-json\/wp\/v2\/media\/53812"}],"wp:attachment":[{"href":"https:\/\/lestracesdelinfo.com\/index.php\/wp-json\/wp\/v2\/media?parent=53811"}],"wp:term":[{"taxonomy":"category","embeddable":true,"href":"https:\/\/lestracesdelinfo.com\/index.php\/wp-json\/wp\/v2\/categories?post=53811"},{"taxonomy":"post_tag","embeddable":true,"href":"https:\/\/lestracesdelinfo.com\/index.php\/wp-json\/wp\/v2\/tags?post=53811"}],"curies":[{"name":"wp","href":"https:\/\/api.w.org\/{rel}","templated":true}]}}