{"id":53814,"date":"2023-09-21T10:06:54","date_gmt":"2023-09-21T10:06:54","guid":{"rendered":"https:\/\/lestracesdelinfo.com\/?p=53814"},"modified":"2023-09-21T10:06:57","modified_gmt":"2023-09-21T10:06:57","slug":"tension-au-mali-les-politiques-appellent-au-dialogue","status":"publish","type":"post","link":"https:\/\/lestracesdelinfo.com\/index.php\/2023\/09\/21\/tension-au-mali-les-politiques-appellent-au-dialogue\/","title":{"rendered":"Tension au Mali : Les politiques appellent au dialogue"},"content":{"rendered":"\n<p>Au Mali, diff\u00e9rents partis politiques appellent au dialogue pour sauver l\u2019accord de paix de 2015 alors que les Forces arm\u00e9es maliennes (Fama) et les combattants du Cadre strat\u00e9gique permanent (CSP) se sont affront\u00e9s \u00e0 plusieurs reprises dans le nord du pays depuis la fin-ao\u00fbt.<\/p>\n\n\n\n<figure class=\"wp-block-image\"><img decoding=\"async\" src=\"https:\/\/perspectivesmed.com\/wp-content\/uploads\/2023\/09\/MALI-1-3.webp\" alt=\"Tension au Mali : Les politiques appellent au dialogue\" class=\"wp-image-132619\"\/><\/figure>\n\n\n\n<p>Le calme est revenu \u00e0 L\u00e9r\u00e9 apr\u00e8s l\u2019attaque du camp militaire de cette ville de la r\u00e9gion de Tombouctou. Attaque revendiqu\u00e9e, il y a quelques jours, par le&nbsp;<em>CSP<\/em>&nbsp;qui rassemble la majorit\u00e9 des groupes arm\u00e9s signataires de l\u2019accord de paix de 2015 et qui accusent les autorit\u00e9s maliennes de transition d\u2019avoir rompu cet accord.<\/p>\n\n\n\n<p>L\u2019arm\u00e9e malienne d\u00e9clare ce matin d\u00e9plorer 5 morts, 20 bless\u00e9s et 11 disparus \u00e0 L\u00e9r\u00e9. Les&nbsp;<em>Fama<\/em>&nbsp;assurent \u00e9galement avoir tu\u00e9 une trentaine d\u2019ennemis. Bilan contest\u00e9 par le&nbsp;<em>CSP<\/em>, qui avait pris le contr\u00f4le de L\u00e9r\u00e9 avant de se replier, et qui n\u2019a pas communiqu\u00e9 son propre bilan. L\u2019attaque de L\u00e9r\u00e9 fait suite \u00e0 celle de Bourem, la semaine derni\u00e8re, qui avait fait des dizaines de morts.<\/p>\n\n\n\n<p>Face \u00e0 cette reprise des combats dans le Nord, onze ans apr\u00e8s la guerre civile de 2012 et huit ans apr\u00e8s la signature d\u2019un accord de paix, de nombreux partis politiques maliens, de diff\u00e9rentes sensibilit\u00e9s, expriment leurs inqui\u00e9tudes et lancent des appels pour tenter, tant qu\u2019il en est peut-\u00eatre encore temps, de sauver la paix.<\/p>\n\n\n\n<p>Le&nbsp;<em>Parti pour la renaissance nationale (Parena)<\/em>&nbsp;\u00ab&nbsp;<em>exhorte les autorit\u00e9s de transition \u00e0 favoriser l\u2019union nationale<\/em>&nbsp;\u00bb et invite les mouvements arm\u00e9s du Nord \u00ab&nbsp;<em>\u00e0 la retenue en restant ouverts au dialogue<\/em>&nbsp;\u00bb. Face aux \u00ab&nbsp;<em>carnages<\/em>&nbsp;\u00bb provoqu\u00e9s concomitamment par les groupes jihadistes, le&nbsp;<em>Parena,<\/em>&nbsp;qui a communiqu\u00e9 apr\u00e8s l\u2019attaque de Bourem et avant celle de L\u00e9r\u00e9, demande aux Maliens de&nbsp;\u00ab&nbsp;<em>mettre entre parenth\u00e8ses les d\u00e9bats subalternes<\/em>&nbsp;\u00bb pour favoriser le dialogue, \u00ab&nbsp;<em>avec tous les compatriotes qui ont pris les armes<\/em>&nbsp;\u00bb.<\/p>\n\n\n\n<p>Le&nbsp;<em>Rassemblement pour le&nbsp;Mali&nbsp;(RPM)<\/em>&nbsp;de feu Ibrahim Boubacar Ke\u00efta (pr\u00e9sident du Mali \u00e0 2013 \u00e0 2020) \u00ab&nbsp;<em>pr\u00f4ne le dialogue<\/em>&nbsp;\u00bb : \u00ab&nbsp;<em>Tout doit se r\u00e9gler dans le respect de l\u2019accord de paix<\/em>&nbsp;\u00bb, estime son porte-parole S\u00e9kou Niam\u00e9 Bathily, qui estime que cet accord \u00ab&nbsp;<em>permet de lutter efficacement contre le terrorisme&nbsp;<\/em>\u00bb et qui rappelle que \u00ab&nbsp;<em>les autorit\u00e9s sont les garantes de l\u2019unit\u00e9 nationale<\/em>&nbsp;\u00bb.<\/p>\n\n\n\n<p>L\u2019<em>Alliance pour la d\u00e9mocratie au&nbsp;Mali&nbsp;(Adema),&nbsp;<\/em>plus vieux parti du Mali, s\u2019oppose \u00e9galement \u00e0 la guerre : \u00ab&nbsp;<em>Nous n\u2019avons aucune alternative en dehors du dialogue<\/em>&nbsp;\u00bb, juge son Secr\u00e9taire g\u00e9n\u00e9ral. Yaya Sangar\u00e9, qui prend soin de pr\u00e9ciser : \u00ab&nbsp;<em>Nous soutenons nos forces de d\u00e9fense<\/em><em>&nbsp;<\/em>\u00bb, comme les autres partis politiques cit\u00e9s ici, et \u00ab&nbsp;<em>appelons nos fr\u00e8res de la CMA et autres bellig\u00e9rants \u00e0 revenir \u00e0 la table des n\u00e9gociations&nbsp;<\/em>\u00bb.<\/p>\n\n\n\n<p>M\u00eame ligne pour le&nbsp;<em>Parti social-d\u00e9mocrate africain (PSDA),<\/em>&nbsp;mais avec plus de virulence : son pr\u00e9sident Isma\u00ebl Sacko, en exil, \u00ab&nbsp;<em>condamne l\u2019attitude belliqueuse, gravissime et immature du gouvernement malien&nbsp;<\/em>\u00bb. Il estime que cette guerre a \u00e9t\u00e9 \u00ab&nbsp;<em>d\u00e9clench\u00e9e et minutieusement pr\u00e9par\u00e9e par la junte<\/em>&nbsp;\u00bb, et \u00ab&nbsp;<em>invite d\u00e9mocrates et patriotes \u00e0 [la] faire stopper<\/em>&nbsp;\u00bb et \u00ab&nbsp;<em>\u00e0 exiger le dialogue inter-malien&nbsp;<\/em>\u00bb.<\/p>\n\n\n\n<p>Enfin, Oumar Mariko, pr\u00e9sident du&nbsp;<em>Solidarit\u00e9 africaine pour la d\u00e9mocratie et l\u2019ind\u00e9pendance&nbsp;(Sadi)<\/em>, lui aussi en exil, sort exceptionnellement de sa r\u00e9serve : \u00ab&nbsp;<em>Il est difficile de se taire lorsque le pays est men\u00e9 par des aventuriers, des va-t\u2019en guerre qui ne mesurent pas la cons\u00e9quence de leurs actes.<\/em>&nbsp;\u00bb Ce militant historique de la souverainet\u00e9 du Mali, qui avait soutenu le coup d\u2019\u00c9tat militaire de 2012, se pose en d\u00e9fenseur de l\u2019accord de paix de 2015 et attribue cette fois la responsabilit\u00e9 de la guerre aux autorit\u00e9s de transition. \u00ab&nbsp;<em>Lorsqu\u2019il y aura un vainqueur, il le sera sur un pays en ruine<\/em>&nbsp;\u00bb, pr\u00e9dit Oumar Mariko. Et d\u2019appeler \u00ab&nbsp;<em>tous ceux qui croient encore en la paix<\/em>&nbsp;\u00bb \u00e0 \u00ab&nbsp;<em>travailler ensemble<\/em>&nbsp;\u00bb pour \u00ab&nbsp;<em>une paix juste et d\u00e9finitive&nbsp;<\/em>\u00bb.<\/p>\n","protected":false},"excerpt":{"rendered":"<p>Au Mali, diff\u00e9rents partis politiques appellent au dialogue pour sauver l\u2019accord de paix de 2015 alors que les Forces arm\u00e9es maliennes (Fama) et les combattants du Cadre strat\u00e9gique permanent (CSP) se sont affront\u00e9s \u00e0 plusieurs reprises dans le nord du pays depuis la fin-ao\u00fbt. Le calme est revenu \u00e0 L\u00e9r\u00e9 apr\u00e8s l\u2019attaque du camp militaire [&hellip;]<\/p>\n","protected":false},"author":2,"featured_media":53815,"comment_status":"open","ping_status":"open","sticky":false,"template":"","format":"standard","meta":{"footnotes":""},"categories":[1],"tags":[],"class_list":["post-53814","post","type-post","status-publish","format-standard","has-post-thumbnail","hentry","category-aucun"],"_links":{"self":[{"href":"https:\/\/lestracesdelinfo.com\/index.php\/wp-json\/wp\/v2\/posts\/53814","targetHints":{"allow":["GET"]}}],"collection":[{"href":"https:\/\/lestracesdelinfo.com\/index.php\/wp-json\/wp\/v2\/posts"}],"about":[{"href":"https:\/\/lestracesdelinfo.com\/index.php\/wp-json\/wp\/v2\/types\/post"}],"author":[{"embeddable":true,"href":"https:\/\/lestracesdelinfo.com\/index.php\/wp-json\/wp\/v2\/users\/2"}],"replies":[{"embeddable":true,"href":"https:\/\/lestracesdelinfo.com\/index.php\/wp-json\/wp\/v2\/comments?post=53814"}],"version-history":[{"count":1,"href":"https:\/\/lestracesdelinfo.com\/index.php\/wp-json\/wp\/v2\/posts\/53814\/revisions"}],"predecessor-version":[{"id":53816,"href":"https:\/\/lestracesdelinfo.com\/index.php\/wp-json\/wp\/v2\/posts\/53814\/revisions\/53816"}],"wp:featuredmedia":[{"embeddable":true,"href":"https:\/\/lestracesdelinfo.com\/index.php\/wp-json\/wp\/v2\/media\/53815"}],"wp:attachment":[{"href":"https:\/\/lestracesdelinfo.com\/index.php\/wp-json\/wp\/v2\/media?parent=53814"}],"wp:term":[{"taxonomy":"category","embeddable":true,"href":"https:\/\/lestracesdelinfo.com\/index.php\/wp-json\/wp\/v2\/categories?post=53814"},{"taxonomy":"post_tag","embeddable":true,"href":"https:\/\/lestracesdelinfo.com\/index.php\/wp-json\/wp\/v2\/tags?post=53814"}],"curies":[{"name":"wp","href":"https:\/\/api.w.org\/{rel}","templated":true}]}}