{"id":53817,"date":"2023-09-22T06:51:02","date_gmt":"2023-09-22T06:51:02","guid":{"rendered":"https:\/\/lestracesdelinfo.com\/?p=53817"},"modified":"2023-09-22T06:51:05","modified_gmt":"2023-09-22T06:51:05","slug":"mali-les-autorites-de-transition-ne-semblent-pas-pretes-a-entendre-les-appels-au-dialogue","status":"publish","type":"post","link":"https:\/\/lestracesdelinfo.com\/index.php\/2023\/09\/22\/mali-les-autorites-de-transition-ne-semblent-pas-pretes-a-entendre-les-appels-au-dialogue\/","title":{"rendered":"Mali: les autorit\u00e9s de transition ne semblent pas pr\u00eates \u00e0 entendre les appels au dialogue"},"content":{"rendered":"\n<p><strong>RFI <\/strong> Il n&rsquo;y a pas eu de nouveaux combats entre l\u2019arm\u00e9e malienne et les groupes arm\u00e9s du nord du CSP (Cadre strat\u00e9gique permanent). Mais la situation reste plus tendue que jamais apr\u00e8s les attaques de L\u00e9r\u00e9, dimanche dernier, et de Bourem, la semaine pr\u00e9c\u00e9dente. Sur le terrain, l\u2019accord de paix de 2015 a bel et bien vol\u00e9 en \u00e9clat, m\u00eame si ni l\u2019\u00c9tat malien, ni les groupes arm\u00e9s ne s\u2019en sont officiellement retir\u00e9s. Au sein de la classe politique et de la soci\u00e9t\u00e9 civile malienne, de nombreuses voix s\u2019\u00e9l\u00e8vent pour tenter de sauver la paix. Mais \u00e0 ce stade, les autorit\u00e9s maliennes de transition ne semblent pas pr\u00eates \u00e0 reprendre le dialogue avec les groupes arm\u00e9s.<\/p>\n\n\n\n<p>AMI<\/p>\n\n\n\n<figure class=\"wp-block-image\"><img decoding=\"async\" src=\"https:\/\/s.rfi.fr\/media\/display\/f3e6006c-1017-11ea-bb9b-005056bf7c53\/w:980\/p:16x9\/2013-03-01T234131Z_1971580030_GM1E9320JSV01_RTRMADP_3_MALI-REBELS_0.JPG\" alt=\"Un soldat malien, \u00e0 proximit\u00e9 du village de Kadji, dans la r\u00e9gion de Gao (image d'illustration).\"\/><figcaption class=\"wp-element-caption\">Un soldat malien, \u00e0 proximit\u00e9 du village de Kadji, dans la r\u00e9gion de Gao (image d&rsquo;illustration).&nbsp;REUTERS\/Joe Penney<\/figcaption><\/figure>\n\n\n\n<p>Par :<a href=\"https:\/\/www.rfi.fr\/fr\/auteur\/david-bach%C3%A9\/\">David Bach<\/a>e<\/p>\n\n\n\n<p>Depuis plusieurs jours, de tr\u00e8s nombreux partis politiques maliens, de diff\u00e9rentes sensibilit\u00e9s, interpellent les autorit\u00e9s de transition, pour leur demander de privil\u00e9gier le dialogue avec les groupes arm\u00e9s du nord, plut\u00f4t que la guerre. Mais selon Aly Tounkara, enseignant-chercheur \u00e0 l\u2019Universit\u00e9 de Bamako et directeur du Centre des \u00e9tudes s\u00e9curitaires et strat\u00e9giques au Sahel, il est tr\u00e8s peu probable que ces appels soient entendus.<\/p>\n\n\n\n<p>\u00ab<em>&nbsp;Les diff\u00e9rents communiqu\u00e9s des autorit\u00e9s de la Transition sont des communiqu\u00e9s qui invitent par moments et par endroits les mouvements signataires<\/em>&nbsp;[de l\u2019accord de paix de 2015, NDLR]<em>&nbsp;\u00e0 d\u00e9poser les armes. Mais au regard de l\u2019intensit\u00e9 des combats, il serait un peu hasardeux \u00e0 ce stade de penser que l\u2019\u00c9tat du Mali pourrait entendre un tel appel au dialogue. Du moment o\u00f9 ces mouvements arm\u00e9s aujourd\u2019hui sont clairement identifi\u00e9s par l\u2019\u00c9tat du Mali comme \u00ab\u00a0terroristes\u00a0\u00bb, l\u2019offre de dialogue ne semble plus d\u2019actualit\u00e9.&nbsp;<\/em>\u00bb<\/p>\n\n\n\n<p>Si les autorit\u00e9s de transition utilisent le mot \u00ab<em>&nbsp;terroriste<\/em>&nbsp;\u00bb, c\u2019est qu\u2019elles accusent les groupes signataires de l\u2019accord de paix de collusion avec les groupes jihadistes. Des accusations cat\u00e9goriquement r\u00e9fut\u00e9es par les groupes arm\u00e9s du CSP, le Cadre strat\u00e9gique permanent qui rassemble les groupes arm\u00e9s signataires qui ont repris les armes contre l\u2019arm\u00e9e malienne. Mais ces accusations constituent le principal argument des autorit\u00e9s de transition pour justifier leur approche guerri\u00e8re.<\/p>\n\n\n\n<p>\u00ab<em>&nbsp;L\u2019heure n\u2019est plus au sentiment de suspicion ou de soup\u00e7on,&nbsp;<\/em>analyse Aly Tounkara.<em>&nbsp;\u00c0 \u00e9couter les militaires qui sont sur le front, la duplicit\u00e9<\/em>&nbsp;[des groupes signataires, NDLR]<em>&nbsp;avec al-Qa\u00efda et avec le groupe \u00c9tat islamique est sans \u00e9quivoque pour l\u2019arm\u00e9e malienne. De ce fait, le fait d\u2019engager une offre de dialogue avec les mouvements anciennement s\u00e9cessionnistes serait une hypoth\u00e8se marginale au regard de l\u2019attitude aujourd\u2019hui adopt\u00e9e par l\u2019arm\u00e9e malienne.<\/em>&nbsp;\u00bb<\/p>\n\n\n\n<p>La m\u00e9diation internationale pour le suivi de l\u2019accord de paix, conduite par l\u2019Alg\u00e9rie, n\u2019a fait aucune d\u00e9claration depuis la reprise des combats.<\/p>\n","protected":false},"excerpt":{"rendered":"<p>RFI Il n&rsquo;y a pas eu de nouveaux combats entre l\u2019arm\u00e9e malienne et les groupes arm\u00e9s du nord du CSP (Cadre strat\u00e9gique permanent). Mais la situation reste plus tendue que jamais apr\u00e8s les attaques de L\u00e9r\u00e9, dimanche dernier, et de Bourem, la semaine pr\u00e9c\u00e9dente. Sur le terrain, l\u2019accord de paix de 2015 a bel et [&hellip;]<\/p>\n","protected":false},"author":2,"featured_media":53818,"comment_status":"open","ping_status":"open","sticky":false,"template":"","format":"standard","meta":{"footnotes":""},"categories":[1],"tags":[],"class_list":["post-53817","post","type-post","status-publish","format-standard","has-post-thumbnail","hentry","category-aucun"],"_links":{"self":[{"href":"https:\/\/lestracesdelinfo.com\/index.php\/wp-json\/wp\/v2\/posts\/53817","targetHints":{"allow":["GET"]}}],"collection":[{"href":"https:\/\/lestracesdelinfo.com\/index.php\/wp-json\/wp\/v2\/posts"}],"about":[{"href":"https:\/\/lestracesdelinfo.com\/index.php\/wp-json\/wp\/v2\/types\/post"}],"author":[{"embeddable":true,"href":"https:\/\/lestracesdelinfo.com\/index.php\/wp-json\/wp\/v2\/users\/2"}],"replies":[{"embeddable":true,"href":"https:\/\/lestracesdelinfo.com\/index.php\/wp-json\/wp\/v2\/comments?post=53817"}],"version-history":[{"count":1,"href":"https:\/\/lestracesdelinfo.com\/index.php\/wp-json\/wp\/v2\/posts\/53817\/revisions"}],"predecessor-version":[{"id":53819,"href":"https:\/\/lestracesdelinfo.com\/index.php\/wp-json\/wp\/v2\/posts\/53817\/revisions\/53819"}],"wp:featuredmedia":[{"embeddable":true,"href":"https:\/\/lestracesdelinfo.com\/index.php\/wp-json\/wp\/v2\/media\/53818"}],"wp:attachment":[{"href":"https:\/\/lestracesdelinfo.com\/index.php\/wp-json\/wp\/v2\/media?parent=53817"}],"wp:term":[{"taxonomy":"category","embeddable":true,"href":"https:\/\/lestracesdelinfo.com\/index.php\/wp-json\/wp\/v2\/categories?post=53817"},{"taxonomy":"post_tag","embeddable":true,"href":"https:\/\/lestracesdelinfo.com\/index.php\/wp-json\/wp\/v2\/tags?post=53817"}],"curies":[{"name":"wp","href":"https:\/\/api.w.org\/{rel}","templated":true}]}}