{"id":53820,"date":"2023-09-22T06:55:59","date_gmt":"2023-09-22T06:55:59","guid":{"rendered":"https:\/\/lestracesdelinfo.com\/?p=53820"},"modified":"2023-09-22T06:56:03","modified_gmt":"2023-09-22T06:56:03","slug":"immense-pagaille-au-palais-des-congres","status":"publish","type":"post","link":"https:\/\/lestracesdelinfo.com\/index.php\/2023\/09\/22\/immense-pagaille-au-palais-des-congres\/","title":{"rendered":"Immense pagaille au Palais des Congr\u00e8s"},"content":{"rendered":"\n<figure class=\"wp-block-image size-full\"><img loading=\"lazy\" decoding=\"async\" width=\"718\" height=\"611\" src=\"https:\/\/lestracesdelinfo.com\/wp-content\/uploads\/2023\/09\/Palais_congrek.jpg\" alt=\"\" class=\"wp-image-53822\" srcset=\"https:\/\/lestracesdelinfo.com\/wp-content\/uploads\/2023\/09\/Palais_congrek.jpg 718w, https:\/\/lestracesdelinfo.com\/wp-content\/uploads\/2023\/09\/Palais_congrek-300x255.jpg 300w\" sizes=\"auto, (max-width: 718px) 100vw, 718px\" \/><\/figure>\n\n\n\n<p><strong>Le Calame &#8211;<\/strong> Initialement pr\u00e9vue \u00e0 18 heures, puis repouss\u00e9e \u00e0 21 heures, la c\u00e9r\u00e9monie de signature du Pacte R\u00e9publicain, entre l\u2019INSAF d\u2019une part, l\u2019Union des Forces de Progr\u00e8s(UFP), le Rassemblement des Forces D\u00e9mocratiques (RFD) et l\u2019Union Nationale pour l Alternance D\u00e9mocratique (UNAD), a donn\u00e9 lieu \u00e0 une v\u00e9ritable pagaille au premier Centre International des Conf\u00e9rences de Nouakchott, jeudi.<br><br>L&rsquo;\u00e9v\u00e9nement a \u00e9t\u00e9 transform\u00e9 en une v\u00e9ritable manifestation populaire, avec la pr\u00e9sence d\u00a0\u00bbune immense foule.<br><br>Une situation dans laquelle le travail de la presse est devenue extr\u00eamement difficile.<br><br><\/p>\n","protected":false},"excerpt":{"rendered":"<p>Le Calame &#8211; Initialement pr\u00e9vue \u00e0 18 heures, puis repouss\u00e9e \u00e0 21 heures, la c\u00e9r\u00e9monie de signature du Pacte R\u00e9publicain, entre l\u2019INSAF d\u2019une part, l\u2019Union des Forces de Progr\u00e8s(UFP), le Rassemblement des Forces D\u00e9mocratiques (RFD) et l\u2019Union Nationale pour l Alternance D\u00e9mocratique (UNAD), a donn\u00e9 lieu \u00e0 une v\u00e9ritable pagaille au premier Centre International des [&hellip;]<\/p>\n","protected":false},"author":2,"featured_media":53823,"comment_status":"open","ping_status":"open","sticky":false,"template":"","format":"standard","meta":{"footnotes":""},"categories":[1],"tags":[],"class_list":["post-53820","post","type-post","status-publish","format-standard","has-post-thumbnail","hentry","category-aucun"],"_links":{"self":[{"href":"https:\/\/lestracesdelinfo.com\/index.php\/wp-json\/wp\/v2\/posts\/53820","targetHints":{"allow":["GET"]}}],"collection":[{"href":"https:\/\/lestracesdelinfo.com\/index.php\/wp-json\/wp\/v2\/posts"}],"about":[{"href":"https:\/\/lestracesdelinfo.com\/index.php\/wp-json\/wp\/v2\/types\/post"}],"author":[{"embeddable":true,"href":"https:\/\/lestracesdelinfo.com\/index.php\/wp-json\/wp\/v2\/users\/2"}],"replies":[{"embeddable":true,"href":"https:\/\/lestracesdelinfo.com\/index.php\/wp-json\/wp\/v2\/comments?post=53820"}],"version-history":[{"count":1,"href":"https:\/\/lestracesdelinfo.com\/index.php\/wp-json\/wp\/v2\/posts\/53820\/revisions"}],"predecessor-version":[{"id":53824,"href":"https:\/\/lestracesdelinfo.com\/index.php\/wp-json\/wp\/v2\/posts\/53820\/revisions\/53824"}],"wp:featuredmedia":[{"embeddable":true,"href":"https:\/\/lestracesdelinfo.com\/index.php\/wp-json\/wp\/v2\/media\/53823"}],"wp:attachment":[{"href":"https:\/\/lestracesdelinfo.com\/index.php\/wp-json\/wp\/v2\/media?parent=53820"}],"wp:term":[{"taxonomy":"category","embeddable":true,"href":"https:\/\/lestracesdelinfo.com\/index.php\/wp-json\/wp\/v2\/categories?post=53820"},{"taxonomy":"post_tag","embeddable":true,"href":"https:\/\/lestracesdelinfo.com\/index.php\/wp-json\/wp\/v2\/tags?post=53820"}],"curies":[{"name":"wp","href":"https:\/\/api.w.org\/{rel}","templated":true}]}}