{"id":53825,"date":"2023-09-22T06:59:22","date_gmt":"2023-09-22T06:59:22","guid":{"rendered":"https:\/\/lestracesdelinfo.com\/?p=53825"},"modified":"2023-09-22T06:59:26","modified_gmt":"2023-09-22T06:59:26","slug":"assemblee-generale-de-lonu-le-chef-de-la-junte-guineenne-se-fait-le-porte-parole-de-lafrique","status":"publish","type":"post","link":"https:\/\/lestracesdelinfo.com\/index.php\/2023\/09\/22\/assemblee-generale-de-lonu-le-chef-de-la-junte-guineenne-se-fait-le-porte-parole-de-lafrique\/","title":{"rendered":"Assembl\u00e9e g\u00e9n\u00e9rale de l&rsquo;ONU: le chef de la junte guin\u00e9enne se fait le porte-parole de l\u2019Afrique"},"content":{"rendered":"\n<p><strong>RFI   <\/strong>   Les d\u00e9bats se poursuivent \u00e0 l&rsquo;Assembl\u00e9e <em><strong>g\u00e9n\u00e9rale des Nations unies. Au total, 17 repr\u00e9sentants d&rsquo;\u00c9tats africains devaient s&rsquo;exprimer \u00e0 la tribune ce jeudi. Pour la Guin\u00e9e, le colonel Mamadi Doumbouya <\/strong><\/em>a v\u00e9cu son bapt\u00eame du feu \u00e0 la tribune de l&rsquo;ONU. Le pr\u00e9sident de transition s&rsquo;est fait le porte-parole du continent avec un discours plus tourn\u00e9 vers l&rsquo;Afrique en g\u00e9n\u00e9ral que vers son propre <\/p>\n\n\n\n<figure class=\"wp-block-image\"><img decoding=\"async\" src=\"https:\/\/s.rfi.fr\/media\/display\/06cae39c-58b6-11ee-8e27-005056a90321\/w:980\/p:16x9\/000_33VY6PE.jpg\" alt=\"Le chef de l'\u00c9tat guin\u00e9en, Mamadi Doumbouya, \u00e0 la tribune de l'Assembl\u00e9e g\u00e9n\u00e9rale de l'ONU, le 21 septembre 2023.\"\/><figcaption class=\"wp-element-caption\">Le chef de l&rsquo;\u00c9tat guin\u00e9en, Mamadi Doumbouya, \u00e0 la tribune de l&rsquo;Assembl\u00e9e g\u00e9n\u00e9rale de l&rsquo;ONU, le 21 septembre 2023.&nbsp;AFP &#8211; TIMOTHY A. CLARY<\/figcaption><\/figure>\n\n\n\n<p>Le chef de l&rsquo;\u00c9tat guin\u00e9en, plusieurs fois applaudi, a d\u00e9nonc\u00e9 un mod\u00e8le de gouvernance selon lui \u00ab<em>&nbsp;impos\u00e9<\/em>&nbsp;\u00bb par l&rsquo;Occident. Un mod\u00e8le occidental qu&rsquo;il estime \u00eatre un \u00e9chec sur le continent. \u00ab<em>&nbsp;L&rsquo;Afrique souffre d&rsquo;un mod\u00e8le de gouvernance qui nous a \u00e9t\u00e9 impos\u00e9, un mod\u00e8le certes bon et efficace pour l&rsquo;Occident, qui l&rsquo;a con\u00e7u au fil de son histoire, mais qui a du mal \u00e0 passer et \u00e0 s&rsquo;adapter \u00e0 notre r\u00e9alit\u00e9&nbsp;<\/em>\u00bb, a-t-il d\u00e9clar\u00e9 devant l&rsquo;Assembl\u00e9e g\u00e9n\u00e9rale. \u00ab&nbsp;<em>H\u00e9las, j&rsquo;aimerais dire que la greffe n&rsquo;a pas pris.<\/em>&nbsp;\u00bb<\/p>\n\n\n\n<p>Le leader de la junte a \u00e9galement d\u00e9nonc\u00e9 les \u00ab&nbsp;<em>cat\u00e9gorisations<\/em>&nbsp;\u00bb dans lesquelles les autres nations veulent cantonner les \u00c9tats africains. \u00ab&nbsp;<em>Nous ne sommes ni pro, ni anti-Am\u00e9ricains, ni pro, ni anti-Chinois, ni pro, ni anti-Fran\u00e7ais, ni pro, ni anti-Russes<\/em>.&nbsp;<em>Nous ne sommes tout simplement pro-Africains, c&rsquo;est tout.<\/em>&nbsp;<em>Nous mettre sous la coupe de telle ou telle puissance est une insulte \u00e0 une population de plus d&rsquo;un milliard d&rsquo;Africains,&nbsp;<\/em>a-t-il martel\u00e9,<em>&nbsp;dont environ 70% des jeunes totalement d\u00e9complex\u00e9s. Des jeunes ouverts sur le monde et d\u00e9cid\u00e9s \u00e0 prendre en main leur destin.<\/em>&nbsp;\u00bb<\/p>\n\n\n\n<p>Mamadi Doumbouya a ensuite invit\u00e9 la communaut\u00e9 internationale \u00e0 \u00ab&nbsp;<em>regarder l&rsquo;Afrique avec les yeux neufs&nbsp;<\/em>\u00bb et \u00e0 entreprendre avec le continent \u00ab&nbsp;<em>une coop\u00e9ration franche dans un esprit de partenariat gagnant-gagnant<\/em>&nbsp;\u00bb.<\/p>\n\n\n\n<blockquote class=\"wp-block-quote is-layout-flow wp-block-quote-is-layout-flow\">\n<p>La communaut\u00e9 internationale doit regarder l&rsquo;Afrique avec les yeux neufs.<\/p>\n<\/blockquote>\n\n\n\n<p>D\u00e9laissant exceptionnellement l&rsquo;uniforme et le b\u00e9ret pour un large boubou blanc et une toque, il s&rsquo;est d\u00e9fendu d&rsquo;\u00eatre \u00ab<em>&nbsp;encore un bidasse qui veut tordre le cou \u00e0 la d\u00e9mocratie, encore un soldat qui veut imposer sa dictature&nbsp;<\/em>\u00bb. \u00ab&nbsp;<em>Le putschiste n&rsquo;est pas seulement celui qui prend les armes, qui renverse un r\u00e9gime&nbsp;<\/em>\u00bb, a-t-il dit. \u00ab&nbsp;<em>Les vrais putschistes, les plus nombreux, qui ne font l&rsquo;objet d&rsquo;aucune condamnation, ce sont aussi ceux qui manigancent, qui utilisent la fourberie, qui trichent pour manipuler les textes de la Constitution afin de se maintenir \u00e9ternellement au pouvoir<\/em>&nbsp;\u00bb, a-t-il d\u00e9nonc\u00e9.<\/p>\n\n\n\n<p>Lui-m\u00eame dit \u00eatre pass\u00e9 \u00e0 l&rsquo;action en Guin\u00e9e \u00ab&nbsp;<em>pour \u00e9viter \u00e0 notre pays un chaos complet&nbsp;<\/em>\u00bb. \u00ab&nbsp;<em>Nous n&rsquo;avons qu&rsquo;une seule pr\u00e9occupation : le bien-\u00eatre du peuple et le vivre-ensemble,<\/em>&nbsp;a-t-il assur\u00e9.<em>&nbsp;Mon uniforme, je l&rsquo;ai mis au service de mon peuple. Je vous serai reconnaissant de respecter ces serments. Le Sahel traverse l&rsquo;une des histoires les plus graves de sa tr\u00e8s vieille histoire, mais elle a les ressorts n\u00e9cessaires pour y faire face. C&rsquo;est pour cela que la C\u00e9d\u00e9ao, dont la vocation \u00e9tait \u00e9conomique, doit cesser de se m\u00ealer de la politique et privil\u00e9gier le dialogue.<\/em>&nbsp;\u00bb<\/p>\n\n\n\n<p>Il a invoqu\u00e9 \u00e0 la fois la maturit\u00e9 et la jeunesse d&rsquo;Afrique pour appeler \u00e0 rompre avec l&rsquo;ancien ordre mondial tout en d\u00e9fendant le non-alignement. \u00ab&nbsp;<em>L&rsquo;Afrique de papa, la vieille Afrique, c&rsquo;est termin\u00e9&nbsp;<\/em>\u00bb, a-t-il dit. \u00ab&nbsp;<em>C&rsquo;est le moment de prendre en compte nos droits, de nous donner notre place. Mais aussi et surtout le moment d&rsquo;arr\u00eater de nous faire la le\u00e7on, de nous prendre de haut, d&rsquo;arr\u00eater de nous traiter comme des enfants&nbsp;<\/em>\u00bb, a-t-il dit.<\/p>\n","protected":false},"excerpt":{"rendered":"<p>RFI Les d\u00e9bats se poursuivent \u00e0 l&rsquo;Assembl\u00e9e g\u00e9n\u00e9rale des Nations unies. Au total, 17 repr\u00e9sentants d&rsquo;\u00c9tats africains devaient s&rsquo;exprimer \u00e0 la tribune ce jeudi. Pour la Guin\u00e9e, le colonel Mamadi Doumbouya a v\u00e9cu son bapt\u00eame du feu \u00e0 la tribune de l&rsquo;ONU. Le pr\u00e9sident de transition s&rsquo;est fait le porte-parole du continent avec un discours [&hellip;]<\/p>\n","protected":false},"author":2,"featured_media":53826,"comment_status":"open","ping_status":"open","sticky":false,"template":"","format":"standard","meta":{"footnotes":""},"categories":[1],"tags":[],"class_list":["post-53825","post","type-post","status-publish","format-standard","has-post-thumbnail","hentry","category-aucun"],"_links":{"self":[{"href":"https:\/\/lestracesdelinfo.com\/index.php\/wp-json\/wp\/v2\/posts\/53825","targetHints":{"allow":["GET"]}}],"collection":[{"href":"https:\/\/lestracesdelinfo.com\/index.php\/wp-json\/wp\/v2\/posts"}],"about":[{"href":"https:\/\/lestracesdelinfo.com\/index.php\/wp-json\/wp\/v2\/types\/post"}],"author":[{"embeddable":true,"href":"https:\/\/lestracesdelinfo.com\/index.php\/wp-json\/wp\/v2\/users\/2"}],"replies":[{"embeddable":true,"href":"https:\/\/lestracesdelinfo.com\/index.php\/wp-json\/wp\/v2\/comments?post=53825"}],"version-history":[{"count":1,"href":"https:\/\/lestracesdelinfo.com\/index.php\/wp-json\/wp\/v2\/posts\/53825\/revisions"}],"predecessor-version":[{"id":53827,"href":"https:\/\/lestracesdelinfo.com\/index.php\/wp-json\/wp\/v2\/posts\/53825\/revisions\/53827"}],"wp:featuredmedia":[{"embeddable":true,"href":"https:\/\/lestracesdelinfo.com\/index.php\/wp-json\/wp\/v2\/media\/53826"}],"wp:attachment":[{"href":"https:\/\/lestracesdelinfo.com\/index.php\/wp-json\/wp\/v2\/media?parent=53825"}],"wp:term":[{"taxonomy":"category","embeddable":true,"href":"https:\/\/lestracesdelinfo.com\/index.php\/wp-json\/wp\/v2\/categories?post=53825"},{"taxonomy":"post_tag","embeddable":true,"href":"https:\/\/lestracesdelinfo.com\/index.php\/wp-json\/wp\/v2\/tags?post=53825"}],"curies":[{"name":"wp","href":"https:\/\/api.w.org\/{rel}","templated":true}]}}