{"id":53853,"date":"2023-09-22T10:38:31","date_gmt":"2023-09-22T10:38:31","guid":{"rendered":"https:\/\/lestracesdelinfo.com\/?p=53853"},"modified":"2023-09-22T10:38:36","modified_gmt":"2023-09-22T10:38:36","slug":"le-president-de-la-republique-dominicaine-au-maroc-un-nouveau-consulat-attendu-a-laayoune","status":"publish","type":"post","link":"https:\/\/lestracesdelinfo.com\/index.php\/2023\/09\/22\/le-president-de-la-republique-dominicaine-au-maroc-un-nouveau-consulat-attendu-a-laayoune\/","title":{"rendered":"Le pr\u00e9sident de la R\u00e9publique dominicaine au Maroc : Un nouveau consulat attendu \u00e0 Laayoune"},"content":{"rendered":"\n<p>Apr\u00e8s avoir r\u00e9it\u00e9r\u00e9 son soutien au plan marocain d\u2019autonomie pour le Sahara, la R\u00e9publique Dominicaine envisagerait l\u2019ouverture d\u2019un consulat \u00e0 La\u00e2youne. C\u2019est ce qu\u2019a d\u00e9clar\u00e9 Amaury Justo Duarte, ambassadeur de la R\u00e9publique Dominicaine au Maroc. Le diplomate a aussi laiss\u00e9 entendre la possible visite du Pr\u00e9sident dominicain dans le Royaume<\/p>\n\n\n\n<figure class=\"wp-block-image\"><img decoding=\"async\" src=\"https:\/\/perspectivesmed.com\/wp-content\/uploads\/2023\/09\/Presidente-Abinader.webp\" alt=\"Le pr\u00e9sident de la R\u00e9publique dominicaine au Maroc : Un nouveau consulat attendu \u00e0 Laayoune\" class=\"wp-image-132691\"\/><\/figure>\n\n\n\n<p>Invit\u00e9 de Fausto Rosario Adames dans son \u00e9mission \u00ab&nbsp;Et toi\u2026 qu\u2019en dis-tu?&nbsp;\u00bb diffus\u00e9e sur&nbsp;<em>AcentoTV,<\/em>&nbsp;Amaury Justo Duarte, ambassadeur de la R\u00e9publique Dominicaine au Maroc, a annonc\u00e9 qu\u2019\u00e0 l\u2019occasion de l\u2019Assembl\u00e9e g\u00e9n\u00e9rale de l\u2019ONU, les ministres des Affaires \u00e9trang\u00e8res marocain et dominicain&nbsp;se r\u00e9uniront afin d\u2019explorer les tenants et aboutissants d\u2019une visite officielle du pr\u00e9sident Luis Abinader au Maroc.<\/p>\n\n\n\n<p>Cette d\u00e9marche fait suite \u00e0 la reconnaissance par la R\u00e9publique Dominicaine de la souverainet\u00e9 du Maroc sur le Sahara, territoire autrefois sous l\u2019emprise espagnole, a-t-il indiqu\u00e9. Dans cette perspective, il a \u00e9galement pr\u00e9cis\u00e9 que son payspourrait bient\u00f4t ouvrir un consulat dans la capitale de la r\u00e9gion du sud, La\u00e2youne.<\/p>\n\n\n\n<p>Il convient de rappeler qu\u2019en juin 2022, lors de la r\u00e9union annuelle du Comit\u00e9 des 24 (C24) de l\u2019ONU \u00e0 New York, la R\u00e9publique Dominicaine avait r\u00e9affirm\u00e9 son plein appui aux initiatives du Maroc visant \u00e0 parvenir \u00e0 une solution politique cr\u00e9dible et acceptable pour le diff\u00e9rend r\u00e9gional concernant le Sahara.<\/p>\n\n\n\n<p>Concernant le violent s\u00e9isme qui a secou\u00e9 plusieurs r\u00e9gions du Maroc dans la nuit du vendredi 8 septembre 2023, le diplomate a fait savoir que le personnel de l\u2019ambassade dominicaine \u00e0 Rabat se trouve en s\u00e9curit\u00e9. Il souligne ainsi que les activit\u00e9s reprendront leur cours dans les prochains jours, avec une rencontre mettant en avant les tabacs et rhums dominicains, en pr\u00e9sence de producteurs dominicains. J. Duarte a expliqu\u00e9 \u00e0 son h\u00f4te que cette catastrophe naturelle a engendr\u00e9 d\u2019\u00e9normes d\u00e9g\u00e2ts au Maroc. Les r\u00e9percussions et dommages les plus importants et d\u00e9vastateurs se sont produits dans les r\u00e9gions montagneuses du Haut Atlas, avec la destruction de jusqu\u2019\u00e0 50 000 foyers.&nbsp;Le bilan humain, quant \u00e0 lui, est douloureux, d\u00e9plorant au moins de 3.000 pertes en vies humaines et plus de 5.000 bless\u00e9s, t\u00e9moignant de l\u2019ampleur de la trag\u00e9die.<\/p>\n","protected":false},"excerpt":{"rendered":"<p>Apr\u00e8s avoir r\u00e9it\u00e9r\u00e9 son soutien au plan marocain d\u2019autonomie pour le Sahara, la R\u00e9publique Dominicaine envisagerait l\u2019ouverture d\u2019un consulat \u00e0 La\u00e2youne. C\u2019est ce qu\u2019a d\u00e9clar\u00e9 Amaury Justo Duarte, ambassadeur de la R\u00e9publique Dominicaine au Maroc. Le diplomate a aussi laiss\u00e9 entendre la possible visite du Pr\u00e9sident dominicain dans le Royaume Invit\u00e9 de Fausto Rosario Adames [&hellip;]<\/p>\n","protected":false},"author":2,"featured_media":53854,"comment_status":"open","ping_status":"open","sticky":false,"template":"","format":"standard","meta":{"footnotes":""},"categories":[1],"tags":[],"class_list":["post-53853","post","type-post","status-publish","format-standard","has-post-thumbnail","hentry","category-aucun"],"_links":{"self":[{"href":"https:\/\/lestracesdelinfo.com\/index.php\/wp-json\/wp\/v2\/posts\/53853","targetHints":{"allow":["GET"]}}],"collection":[{"href":"https:\/\/lestracesdelinfo.com\/index.php\/wp-json\/wp\/v2\/posts"}],"about":[{"href":"https:\/\/lestracesdelinfo.com\/index.php\/wp-json\/wp\/v2\/types\/post"}],"author":[{"embeddable":true,"href":"https:\/\/lestracesdelinfo.com\/index.php\/wp-json\/wp\/v2\/users\/2"}],"replies":[{"embeddable":true,"href":"https:\/\/lestracesdelinfo.com\/index.php\/wp-json\/wp\/v2\/comments?post=53853"}],"version-history":[{"count":1,"href":"https:\/\/lestracesdelinfo.com\/index.php\/wp-json\/wp\/v2\/posts\/53853\/revisions"}],"predecessor-version":[{"id":53855,"href":"https:\/\/lestracesdelinfo.com\/index.php\/wp-json\/wp\/v2\/posts\/53853\/revisions\/53855"}],"wp:featuredmedia":[{"embeddable":true,"href":"https:\/\/lestracesdelinfo.com\/index.php\/wp-json\/wp\/v2\/media\/53854"}],"wp:attachment":[{"href":"https:\/\/lestracesdelinfo.com\/index.php\/wp-json\/wp\/v2\/media?parent=53853"}],"wp:term":[{"taxonomy":"category","embeddable":true,"href":"https:\/\/lestracesdelinfo.com\/index.php\/wp-json\/wp\/v2\/categories?post=53853"},{"taxonomy":"post_tag","embeddable":true,"href":"https:\/\/lestracesdelinfo.com\/index.php\/wp-json\/wp\/v2\/tags?post=53853"}],"curies":[{"name":"wp","href":"https:\/\/api.w.org\/{rel}","templated":true}]}}