{"id":53856,"date":"2023-09-22T10:41:44","date_gmt":"2023-09-22T10:41:44","guid":{"rendered":"https:\/\/lestracesdelinfo.com\/?p=53856"},"modified":"2023-09-22T10:42:30","modified_gmt":"2023-09-22T10:42:30","slug":"53856","status":"publish","type":"post","link":"https:\/\/lestracesdelinfo.com\/index.php\/2023\/09\/22\/53856\/","title":{"rendered":"Mauritanie : signature d\u2019une charte entre gouvernement, parti majoritaire et deux formations d\u2019opposition"},"content":{"rendered":"\n<p><img loading=\"lazy\" decoding=\"async\" src=\"https:\/\/cridem.org\/media\/photos\/photo\/accord_politique_rfd_ufp_insaf_gouv_1.jpg\" alt=\"Mauritanie : signature d\u2019une charte entre gouvernement, parti majoritaire et deux formations d\u2019opposition\" width=\"300\" height=\"200\"><\/p>\n\n\n\n<p><strong>RFI Afrique <\/strong>&#8211; En Mauritanie, le gouvernement, le parti majoritaire et deux partis d\u2019opposition historiques ont sign\u00e9 une charte d\u2019entente nationale, ce 21 septembre 2023.<br><br>Objectif, ouvrir le dialogue pour d\u00e9finir une feuille de route commune \u00e0 moins d\u2019un an de l\u2019\u00e9lection pr\u00e9sidentielle de juin 2024. Explications.<br><br>En Mauritanie, une charte d\u2019entente nationale a \u00e9t\u00e9 sign\u00e9e ce jeudi soir entre les membres du gouvernement, du parti majoritaire au pouvoir El Insaf, et les deux partis d\u2019opposition historiques du Rassemblement des forces d\u00e9mocratiques (RFD) et de l\u2019Union des forces du progr\u00e8s (UFP) qui, pour la premi\u00e8re fois, n\u2019ont pas \u00e9t\u00e9 repr\u00e9sent\u00e9s au parlement lors des derni\u00e8res l\u00e9gislatives de mai 2023.<br><br>C\u2019est au sein de l\u2019ancien palais des congr\u00e8s que le parti au pouvoir El Insaf et les partis d\u2019opposition du RFD et de L&rsquo;UFP ont adopt\u00e9 ce pacte r\u00e9publicain. Objectif de cette charte : ouvrir le dialogue autour de 18 grandes th\u00e9matiques pour d\u00e9finir une feuille de route commune.<br><br>Mohamed Yahya Horma, vice-pr\u00e9sident du parti au pouvoir El Insaf, explique : \u00ab Il y aura des discussions sous forme d\u2019ateliers sur les probl\u00e8mes li\u00e9s \u00e0 l\u2019unit\u00e9 nationale, \u00e0 la gouvernance politique \u00e9conomique et \u00e9lectorale. Chacun reste dans son camp mais ensemble nous pouvons faire quelque chose de positif pour le pays. \u00bb<br><br>Cette charte, en pr\u00e9paration depuis pr\u00e8s d\u2019un an, a \u00e9t\u00e9 ralentie par des d\u00e9saccords entre plusieurs partis d\u2019oppositions. Mais pour Gourmo Abdoul Lo, vice-pr\u00e9sident de l\u2019UFP, il \u00e9tait urgent qu\u2019elle soit adopt\u00e9e. Surtout apr\u00e8s le d\u00e9roulement des derni\u00e8res l\u00e9gislatives qu\u2019il conteste toujours. Il souligne : \u00ab L\u2019un des points de discussion pour ce pacte r\u00e9publicain, c\u2019est de voir comment r\u00e9former le syst\u00e8me actuel qui a montr\u00e9 toutes ses limites avec ces \u00e9lections. Pour la premi\u00e8re fois, gr\u00e2ce \u00e0 ce pacte, on soul\u00e8ve des probl\u00e8mes tr\u00e8s concrets alors qu\u2019avant c\u2019\u00e9taient des probl\u00e8mes qui n\u2019\u00e9taient envisag\u00e9s que par l\u2019opposition. \u00bb<br><br>Mais d\u2019autres partis comme la coalition d\u2019opposition Front r\u00e9publicain pour l&rsquo;Unit\u00e9 et la D\u00e9mocratie (FRUD), pr\u00e9sente au parlement, d\u00e9plorent ne pas avoir eu connaissance du projet final de la charte avant son adoption. Balla Tour\u00e9, d\u00e9put\u00e9 cette la coalition, affirme : \u00ab Il ne nous a pas \u00e9t\u00e9 pr\u00e9sent\u00e9 officiellement. Nous nous posons la question de l&rsquo;inclusivit\u00e9 de la d\u00e9marche. Mais nous restons ouverts au dialogue. \u00bb<br><br>Comme d&rsquo;autres, la coalition FRUD se laisse le temps de la r\u00e9flexion pour savoir si elle rejoindra ou non le mouvement.<br><br>Avec notre correspondante \u00e0 Nouakchott,&nbsp;<strong>L\u00e9a Breuil<\/strong><br><\/p>\n","protected":false},"excerpt":{"rendered":"<p>RFI Afrique &#8211; En Mauritanie, le gouvernement, le parti majoritaire et deux partis d\u2019opposition historiques ont sign\u00e9 une charte d\u2019entente nationale, ce 21 septembre 2023. Objectif, ouvrir le dialogue pour d\u00e9finir une feuille de route commune \u00e0 moins d\u2019un an de l\u2019\u00e9lection pr\u00e9sidentielle de juin 2024. Explications. En Mauritanie, une charte d\u2019entente nationale a \u00e9t\u00e9 [&hellip;]<\/p>\n","protected":false},"author":2,"featured_media":53857,"comment_status":"open","ping_status":"open","sticky":false,"template":"","format":"standard","meta":{"footnotes":""},"categories":[1],"tags":[],"class_list":["post-53856","post","type-post","status-publish","format-standard","has-post-thumbnail","hentry","category-aucun"],"_links":{"self":[{"href":"https:\/\/lestracesdelinfo.com\/index.php\/wp-json\/wp\/v2\/posts\/53856","targetHints":{"allow":["GET"]}}],"collection":[{"href":"https:\/\/lestracesdelinfo.com\/index.php\/wp-json\/wp\/v2\/posts"}],"about":[{"href":"https:\/\/lestracesdelinfo.com\/index.php\/wp-json\/wp\/v2\/types\/post"}],"author":[{"embeddable":true,"href":"https:\/\/lestracesdelinfo.com\/index.php\/wp-json\/wp\/v2\/users\/2"}],"replies":[{"embeddable":true,"href":"https:\/\/lestracesdelinfo.com\/index.php\/wp-json\/wp\/v2\/comments?post=53856"}],"version-history":[{"count":2,"href":"https:\/\/lestracesdelinfo.com\/index.php\/wp-json\/wp\/v2\/posts\/53856\/revisions"}],"predecessor-version":[{"id":53859,"href":"https:\/\/lestracesdelinfo.com\/index.php\/wp-json\/wp\/v2\/posts\/53856\/revisions\/53859"}],"wp:featuredmedia":[{"embeddable":true,"href":"https:\/\/lestracesdelinfo.com\/index.php\/wp-json\/wp\/v2\/media\/53857"}],"wp:attachment":[{"href":"https:\/\/lestracesdelinfo.com\/index.php\/wp-json\/wp\/v2\/media?parent=53856"}],"wp:term":[{"taxonomy":"category","embeddable":true,"href":"https:\/\/lestracesdelinfo.com\/index.php\/wp-json\/wp\/v2\/categories?post=53856"},{"taxonomy":"post_tag","embeddable":true,"href":"https:\/\/lestracesdelinfo.com\/index.php\/wp-json\/wp\/v2\/tags?post=53856"}],"curies":[{"name":"wp","href":"https:\/\/api.w.org\/{rel}","templated":true}]}}