{"id":53863,"date":"2023-09-22T10:50:57","date_gmt":"2023-09-22T10:50:57","guid":{"rendered":"https:\/\/lestracesdelinfo.com\/?p=53863"},"modified":"2023-09-22T10:50:59","modified_gmt":"2023-09-22T10:50:59","slug":"climat-politique-majorite-et-opposition-signent-un-pacte-republicain","status":"publish","type":"post","link":"https:\/\/lestracesdelinfo.com\/index.php\/2023\/09\/22\/climat-politique-majorite-et-opposition-signent-un-pacte-republicain\/","title":{"rendered":"Climat politique : Majorit\u00e9 et Opposition signent un Pacte R\u00e9publicain"},"content":{"rendered":"\n<h2 class=\"wp-block-heading\">ami<\/h2>\n\n\n\n<figure class=\"wp-block-image\"><a href=\"https:\/\/ami.mr\/fr\/wp-content\/uploads\/2023\/09\/se-gn-4--scaled.jpg\"><img decoding=\"async\" src=\"https:\/\/ami.mr\/fr\/wp-content\/uploads\/2023\/09\/se-gn-4--750x430.jpg\" alt=\"\"\/><\/a><\/figure>\n\n\n\n<figure class=\"wp-block-image\"><img decoding=\"async\" src=\"https:\/\/ami.mr\/fr\/wp-content\/uploads\/2023\/09\/inter-m-1-300x205.jpg\" alt=\"\" class=\"wp-image-230247\"\/><\/figure>\n\n\n\n<figure class=\"wp-block-image\"><img decoding=\"async\" src=\"https:\/\/ami.mr\/fr\/wp-content\/uploads\/2023\/09\/002-mew-r-300x205.jpg\" alt=\"\" class=\"wp-image-230242\"\/><\/figure>\n\n\n\n<figure class=\"wp-block-image\"><img decoding=\"async\" src=\"https:\/\/ami.mr\/fr\/wp-content\/uploads\/2023\/09\/rfd-d-03-300x205.jpg\" alt=\"\" class=\"wp-image-230246\"\/><\/figure>\n\n\n\n<figure class=\"wp-block-image\"><img decoding=\"async\" src=\"https:\/\/ami.mr\/fr\/wp-content\/uploads\/2023\/09\/001-isaf-1-1-300x205.jpg\" alt=\"\" class=\"wp-image-230245\"\/><\/figure>\n\n\n\n<p>La c\u00e9r\u00e9monie de signature du Pacte R\u00e9publicain, conclu entre le Gouvernement, l\u2019Union des Forces du Progr\u00e8s, le Rassemblement des Forces D\u00e9mocratiques et Insaf, a eu lieu, jeudi soir, \u00e0 Nouakchott. Selon les signataires, cet accord est le fruit de l\u2019atmosph\u00e8re d\u2019apaisement et d\u2019ouverture, instaur\u00e9 par le Pr\u00e9sident de la R\u00e9publique, depuis son accession au pouvoir.<\/p>\n\n\n\n<p>Le palais des congr\u00e8s de Nouakchott a refus\u00e9 du monde. Militants et sympathisants des partis dirig\u00e9s par M. Ahmed Ould Daddah, M. Mohamed Ould Maouloud et M. Mohamed Lemine Ould Eyih, ont r\u00e9pondu pr\u00e9sent. Ils sont venus assister \u00e0 un \u00ab \u00e9pisode majeur \u00bb de l\u2019histoire politique du pays, qui s\u2019est d\u00e9roul\u00e9 sous la supervision du ministre de l\u2019Int\u00e9rieur et de la D\u00e9centralisation, M. Mohamed Ahmed Ould Mohamed Lemine.<\/p>\n\n\n\n<p>Les d\u00e9l\u00e9gu\u00e9s des partis, qui se sont succ\u00e9d\u00e9 au pupitre, ont tous mis en avant le souci de leurs formations politiques, de r\u00e9unir majorit\u00e9 et opposition autour de l\u2019essentiel. Il s\u2019agit d\u2019apr\u00e8s eux, d\u2019une demande pressante de toutes les forces nationales, qui aspirent \u00e0 la bonne gouvernance, \u00e0 la cons\u00e9cration des libert\u00e9s et \u00e0 la lutte s\u00e9rieuse contre la corruption.<\/p>\n\n\n\n<p>Ainsi, une feuille de route constitu\u00e9e de huit points a \u00e9t\u00e9 \u00e9tablie pour venir \u00e0 bout, de nombreux maux qui touchent la soci\u00e9t\u00e9. Les parties prenantes notent que les r\u00e9formes viseront \u00e0 renforcer la coh\u00e9sion sociale, la pr\u00e9servation de l\u2019unit\u00e9 nationale, \u00e0 travers le r\u00e8glement de tous les dossiers li\u00e9s aux droits de l\u2019homme. Par la m\u00eame occasion, ils entendent mat\u00e9rialiser leur volont\u00e9 de consolider les valeurs et pratiques de la d\u00e9mocratie, en mettant en exergue la n\u00e9cessit\u00e9 de r\u00e9former les institutions de l\u2019\u00c9tat.<\/p>\n\n\n\n<p>Pour eux, la finalit\u00e9 de cet accord, c\u2019est d\u2019am\u00e9liorer les conditions de vie des populations, acc\u00e9dant librement aux services publics de base, notamment la sant\u00e9, l\u2019\u00e9ducation et l\u2019emploi. Concernant la mise en \u0153uvre cette vision, les parties ont pr\u00e9vu la constitution d\u2019un comit\u00e9 d\u2019orientation et de suivi dans un d\u00e9lai n\u2019exc\u00e9dant pas deux mois, \u00e0 compter de la date de signature.<\/p>\n\n\n\n<p>Par ailleurs, les signataires de l\u2019accord politique qui estiment que l\u2019opposition et la majorit\u00e9, endossent la responsabilit\u00e9 politique et morale de tout ce qui pourrait advenir au pays, mettent en garde contre le manque de lucidit\u00e9 et de clairvoyance des protagonistes politiques. C\u2019est pour cette raison, qu\u2019ils tendent la main, aux partis politiques d\u00e9sireux de se joindre au Pacte R\u00e9publicain, afin de contribuer \u00e0 la r\u00e9alisation des objectifs \u00e9voqu\u00e9s plus haut.<\/p>\n\n\n\n<p>Outre la constitution du comit\u00e9 de suivi, les parties prenantes vont s\u2019atteler \u00e0 la conception d\u2019ateliers th\u00e9matiques, afin de discuter des r\u00e9formes estim\u00e9es n\u00e9cessaires et entrer rapidement dans une phase d\u2019op\u00e9rationnalisation.<\/p>\n\n\n\n<p><strong>Feuille de route:<\/strong><\/p>\n\n\n\n<p>D\u00e9termin\u00e9es \u00e0 faire face \u00e0 ces multiples d\u00e9fis et p\u00e9rils, nous, parties signataires :<\/p>\n\n\n\n<p>1. R\u00e9it\u00e9rons notre ind\u00e9fectible attachement \u00e0 la pr\u00e9servation de la stabilit\u00e9 et de la s\u00e9curit\u00e9 du pays par l\u2019instauration d\u2019un syst\u00e8me fond\u00e9 sur la justice sociale, l\u2019\u00c9tat de droit et les valeurs d\u00e9mocratiques ;<\/p>\n\n\n\n<p>2. Consid\u00e9rons que la Majorit\u00e9 et l\u2019Opposition constituent les acteurs principaux dans toute d\u00e9mocratie et portent, chacun en ce qui le concerne, la responsabilit\u00e9 politique et morale de tout ce qui pourrait advenir au pays, en raison du manque de lucidit\u00e9 et de clairvoyance des protagonistes politiques ;<\/p>\n\n\n\n<p>3. D\u00e9cidons, dans ce contexte sensible, de surmonter nos divergences, en vue de servir les int\u00e9r\u00eats sup\u00e9rieurs du pays et lui \u00e9viter les p\u00e9rils auxquels peuvent le soumettre les divisions st\u00e9riles et destructrices au sein de la classe politique ;<\/p>\n\n\n\n<p>4. Comptons conduire, en urgence, une profonde r\u00e9flexion sur notre syst\u00e8me \u00e9lectoral et, le cas \u00e9ch\u00e9ant, engager les r\u00e9formes pertinentes visant \u00e0 renforcer notre d\u00e9mocratie, afin de d\u00e9passer le contexte issu des derni\u00e8res \u00e9lections et pr\u00e9venir tout d\u00e9saccord \u00e9lectoral \u00e0 l\u2019avenir ;<\/p>\n\n\n\n<p>5. Exprimons notre commune volont\u00e9 de proc\u00e9der aux r\u00e9formes fondamentales indispensables \u00e0 la pr\u00e9servation et au renforcement de l\u2019unit\u00e9 nationale, et \u00e0 l\u2019ancrage des valeurs et pratiques de la d\u00e9mocratie et de l\u2019\u00c9tat de droit. Ces r\u00e9formes porteront, \u00e9galement, sur la concr\u00e9tisation de la justice sociale et de la bonne gouvernance ainsi que sur l\u2019am\u00e9lioration des conditions de vie de nos populations, \u00e9prouv\u00e9es par la crise et les r\u00e9percussions des conditions r\u00e9sultant de la d\u00e9cennie du pouvoir pr\u00e9c\u00e9dent. Ces r\u00e9formes seront men\u00e9es dans un cadre national inclusif et participatif, sous forme d\u2019ateliers, sur la base de la liste des th\u00e9matiques en annexe au pr\u00e9sent Accord, dont elle constitue une partie int\u00e9grante ;<\/p>\n\n\n\n<p>6. Annon\u00e7ons la conclusion du pr\u00e9sent Accord pour la cr\u00e9ation d\u2019une Entente politique, nationale, r\u00e9publicaine et d\u00e9mocratique, d\u00e9nomm\u00e9e Pacte R\u00e9publicain, ouverte \u00e0 tous les partis politiques d\u00e9sireux de s\u2019y joindre pour la r\u00e9alisation des r\u00e9formes \u00e9num\u00e9r\u00e9es ci-haut ;<\/p>\n\n\n\n<p>7. \u0152uvrerons dans le cadre du Pacte R\u00e9publicain, \u00e0 tous les niveaux et par tous les moyens, en vue de conduire notre pays vers davantage d\u2019unit\u00e9, d\u2019harmonie, de coh\u00e9sion sociale et, partant, de d\u00e9mocratie, de d\u00e9veloppement et de prosp\u00e9rit\u00e9 ;<\/p>\n\n\n\n<p>8. Convenons de la mise en place, \u00e0 compter de la signature du pr\u00e9sent Accord, d\u2019un Comit\u00e9 d\u2019Orientation et de Suivi o\u00f9 seront repr\u00e9sent\u00e9es les parties signataires, pour la mise en \u0153uvre de l\u2019Accord, dans un d\u00e9lai n\u2019exc\u00e9dant pas deux mois \u00e0 compter de sa date de signature.<\/p>\n\n\n\n<p><strong>Annexe au \u00ab Pacte R\u00e9publicain \u00bb<\/strong><\/p>\n\n\n\n<p>Les r\u00e9formes \u00e9voqu\u00e9es dans le Pacte R\u00e9publicain s\u2019articulent, notamment, autour des mesures suivantes :<\/p>\n\n\n\n<p>1. Conduire, en urgence, une profonde r\u00e9flexion sur notre syst\u00e8me \u00e9lectoral et, le cas \u00e9ch\u00e9ant, engager les r\u00e9formes pertinentes, afin de d\u00e9passer le contexte issu des derni\u00e8res \u00e9lections, activer les dispositions l\u00e9gales en mati\u00e8re \u00e9lectorale et pr\u00e9venir tout d\u00e9saccord \u00e9lectoral \u00e0 l\u2019avenir ;<\/p>\n\n\n\n<p>2. Mettre en place un m\u00e9canisme cr\u00e9dible pour le r\u00e8glement d\u00e9finitif des dossiers des droits de l\u2019homme et des injustices en suspens, en tenant compte des efforts d\u00e9ploy\u00e9s et des actions entreprises par le pass\u00e9 afin de r\u00e9soudre ces questions ;<\/p>\n\n\n\n<p>3. Adopter des mesures concr\u00e8tes visant \u00e0 traduire, dans les faits, la diversit\u00e9 culturelle du pays dans l\u2019espace public, notamment au niveau des m\u00e9dias, des programmes \u00e9ducatifs et des \u00e9v\u00e9nements officiels, en activant le statut constitutionnel de la langue arabe et en reconnaissant la vocation des langues pulaar, soninke et wolof \u00e0 acc\u00e9der au statut de langues officielles ;<\/p>\n\n\n\n<p>4. Appliquer de mani\u00e8re stricte le dispositif juridique p\u00e9nalisant les pratiques esclavagistes et racistes, et les injustices \u00e0 l\u2019\u00e9gard des couches marginalis\u00e9es, ainsi que les discours incitant \u00e0 la violence, au fanatisme, \u00e0 l\u2019extr\u00e9misme, au racisme et \u00e0 la haine, et mettre en place un m\u00e9canisme national pour la prise en charge des victimes des pratiques sus-\u00e9voqu\u00e9es, y compris par l\u2019adoption et la mise en \u0153uvre de politiques nationales efficientes \u00e0 m\u00eame de r\u00e9duire les in\u00e9galit\u00e9s sociales, conduisant ainsi \u00e0 une discrimination positive en faveur de ces groupes ;<\/p>\n\n\n\n<p>5. Appliquer de mani\u00e8re effective le principe de l\u2019\u00e9galit\u00e9 des chances entre tous les citoyens du pays, dans tous les domaines et \u00e0 tous les niveaux, et instaurer l\u2019\u00e9galit\u00e9 entre les acteurs \u00e9conomiques devant les services administratifs ;<\/p>\n\n\n\n<p>6. Combattre la hausse des prix par des mesures appropri\u00e9es de nature \u00e0 prot\u00e9ger, durablement, le pouvoir d\u2019achat des populations ;<\/p>\n\n\n\n<p>7. Mettre en place un m\u00e9canisme efficace de mobilisation nationale pour une r\u00e9forme fonci\u00e8re visant \u00e0 soutenir et promouvoir l\u2019agriculture et \u00e0 renforcer les politiques visant l\u2019atteinte de l\u2019autosuffisance alimentaire qui constitue un des piliers de la souverainet\u00e9 et de la s\u00e9curit\u00e9 nationales ;<\/p>\n\n\n\n<p>8. Promouvoir la d\u00e9centralisation et la bonne gouvernance dans les domaines de la gestion des affaires publiques, de l\u2019administration et des finances de l\u2019Etat, en renfor\u00e7ant et en mettant en \u0153uvre, de mani\u00e8re effective, les dispositifs nationaux de lutte contre la corruption ;<\/p>\n\n\n\n<p>9. Appliquer les conclusions des concertations nationales sur la r\u00e9forme de l\u2019\u00e9ducation et promouvoir la contribution substantielle de toutes les forces vives de la nation pour assurer le succ\u00e8s de l\u2019\u00e9cole r\u00e9publicaine ;<\/p>\n\n\n\n<p>10. Appliquer les conclusions des concertations nationales sur la r\u00e9forme de la justice ;<\/p>\n\n\n\n<p>11. Appliquer la stricte s\u00e9paration entre les emplois politiques et postes techniques et proc\u00e9der \u00e0 l\u2019\u00e9loignement de l\u2019administration publique du champ politique et des comp\u00e9titions \u00e9lectorales ;<\/p>\n\n\n\n<p>12. Assurer la promotion des partis politiques afin de leur permettre de s\u2019acquitter de leurs missions constitutionnelles ; r\u00e9viser et appliquer les textes juridiques et r\u00e9glementaires qui les r\u00e9gissent ;<\/p>\n\n\n\n<p>13. Assurer la promotion du secteur priv\u00e9, des collectivit\u00e9s locales, de la soci\u00e9t\u00e9 civile, de la presse, des syndicats et pour leur permettre de jouer leur r\u00f4le d\u2019acteurs majeurs dans le d\u00e9veloppement du pays ;<\/p>\n\n\n\n<p>14. Promouvoir l\u2019instauration d\u2019un dialogue durable entre les partenaires sociaux et assurer la protection des droits des travailleurs ;<\/p>\n\n\n\n<p>15. Mettre en place une strat\u00e9gie nationale int\u00e9gr\u00e9e visant \u00e0 prot\u00e9ger les enfants et les jeunes contre la drogue, la d\u00e9linquance et la violence, et assurer un traitement ad\u00e9quat du ch\u00f4mage et du ph\u00e9nom\u00e8ne de la migration des jeunes ;<\/p>\n\n\n\n<p>16. Promouvoir une autonomisation plus accrue des femmes, des jeunes et des personnes aux besoins sp\u00e9cifiques, et veiller \u00e0 leur insertion dans la vie politique, \u00e9conomique, culturelle et sociale du pays \u00e0 travers notamment l\u2019adoption et la mise en \u0153uvre de politiques efficientes en mati\u00e8re d\u2019emplois professionnels qualifiants ;<\/p>\n\n\n\n<p>17. Mettre en place un fonds souverain aliment\u00e9 par les revenus des hydrocarbures pour la promotion du d\u00e9veloppement \u00e9conomique durable et \u00e9quilibr\u00e9 du pays et qui pr\u00e9serve les int\u00e9r\u00eats des g\u00e9n\u00e9rations futures ;<\/p>\n\n\n\n<p>18. Identifier et mobiliser les comp\u00e9tences, expertises et investissements de nos communaut\u00e9s \u00e0 l\u2019\u00e9tranger au profit du pays.<\/p>\n\n\n\n<p>Fait \u00e0 Nouakchott le 05 rabi\u2019al-awal 1445 correspondant au 21 septembre 2023 en cinq (5) exemplaires originaux.<\/p>\n\n\n\n<p>Les parties signataires:<\/p>\n\n\n\n<p>Pour le Parti UFP Pour le Parti RFD Pour le Parti INSAF<\/p>\n\n\n\n<p>Le Pr\u00e9sident Le Pr\u00e9sident Le Pr\u00e9sident<\/p>\n\n\n\n<p>Mohamed ould Maouloud Ahmed ould Daddah Mohamed Melainine ould Eyih<\/p>\n\n\n\n<p>Pour le Gouvernement<\/p>\n\n\n\n<p>Le Ministre de l\u2019Int\u00e9rieur et de la D\u00e9centralisation<\/p>\n\n\n\n<p>Mohamed Ahmed ould Mohamed Lemine<\/p>\n","protected":false},"excerpt":{"rendered":"<p>ami La c\u00e9r\u00e9monie de signature du Pacte R\u00e9publicain, conclu entre le Gouvernement, l\u2019Union des Forces du Progr\u00e8s, le Rassemblement des Forces D\u00e9mocratiques et Insaf, a eu lieu, jeudi soir, \u00e0 Nouakchott. Selon les signataires, cet accord est le fruit de l\u2019atmosph\u00e8re d\u2019apaisement et d\u2019ouverture, instaur\u00e9 par le Pr\u00e9sident de la R\u00e9publique, depuis son accession au [&hellip;]<\/p>\n","protected":false},"author":2,"featured_media":53864,"comment_status":"open","ping_status":"open","sticky":false,"template":"","format":"standard","meta":{"footnotes":""},"categories":[1],"tags":[],"class_list":["post-53863","post","type-post","status-publish","format-standard","has-post-thumbnail","hentry","category-aucun"],"_links":{"self":[{"href":"https:\/\/lestracesdelinfo.com\/index.php\/wp-json\/wp\/v2\/posts\/53863","targetHints":{"allow":["GET"]}}],"collection":[{"href":"https:\/\/lestracesdelinfo.com\/index.php\/wp-json\/wp\/v2\/posts"}],"about":[{"href":"https:\/\/lestracesdelinfo.com\/index.php\/wp-json\/wp\/v2\/types\/post"}],"author":[{"embeddable":true,"href":"https:\/\/lestracesdelinfo.com\/index.php\/wp-json\/wp\/v2\/users\/2"}],"replies":[{"embeddable":true,"href":"https:\/\/lestracesdelinfo.com\/index.php\/wp-json\/wp\/v2\/comments?post=53863"}],"version-history":[{"count":1,"href":"https:\/\/lestracesdelinfo.com\/index.php\/wp-json\/wp\/v2\/posts\/53863\/revisions"}],"predecessor-version":[{"id":53865,"href":"https:\/\/lestracesdelinfo.com\/index.php\/wp-json\/wp\/v2\/posts\/53863\/revisions\/53865"}],"wp:featuredmedia":[{"embeddable":true,"href":"https:\/\/lestracesdelinfo.com\/index.php\/wp-json\/wp\/v2\/media\/53864"}],"wp:attachment":[{"href":"https:\/\/lestracesdelinfo.com\/index.php\/wp-json\/wp\/v2\/media?parent=53863"}],"wp:term":[{"taxonomy":"category","embeddable":true,"href":"https:\/\/lestracesdelinfo.com\/index.php\/wp-json\/wp\/v2\/categories?post=53863"},{"taxonomy":"post_tag","embeddable":true,"href":"https:\/\/lestracesdelinfo.com\/index.php\/wp-json\/wp\/v2\/tags?post=53863"}],"curies":[{"name":"wp","href":"https:\/\/api.w.org\/{rel}","templated":true}]}}