{"id":53866,"date":"2023-09-23T11:28:42","date_gmt":"2023-09-23T11:28:42","guid":{"rendered":"https:\/\/lestracesdelinfo.com\/?p=53866"},"modified":"2023-09-23T11:28:46","modified_gmt":"2023-09-23T11:28:46","slug":"benno-candidatures-paralleles-macky-met-en-garde-les-dissidents","status":"publish","type":"post","link":"https:\/\/lestracesdelinfo.com\/index.php\/2023\/09\/23\/benno-candidatures-paralleles-macky-met-en-garde-les-dissidents\/","title":{"rendered":"Benno \u2013 Candidatures parall\u00e8les : Macky met en garde les dissidents"},"content":{"rendered":"\n<p><a href=\"https:\/\/lequotidien.sn\/author\/aicha\/\">Lequotidien<\/a>\u00a0<\/p>\n\n\n\n<figure class=\"wp-block-image\"><img decoding=\"async\" src=\"https:\/\/lequotidien.sn\/wp-content\/uploads\/2022\/10\/Defis-de-securite-en-Afrique-Macky-Sall-appelle-a-une-nouvelle-philosophie-des-Nations-Unies.jpg\" alt=\"\"\/><\/figure>\n\n\n\n<p><strong>Les candidats parall\u00e8les au sein de la majorit\u00e9 pr\u00e9sidentielle devraient s\u2019attendre \u00e0 des sanctions. Du moins, si l\u2019on s\u2019en tient aux propos tenus par le patron de Bby, Macky Sall, devant les militants de la diaspora du camp pr\u00e9sidentiel rencontr\u00e9s \u00e0 New York, apr\u00e8s l\u2019entretien du chef de l\u2019Etat accord\u00e9 \u00e0 Rfi et France 24.<\/strong><\/p>\n\n\n\n<p><strong>Par Mamadou T. DIATTA \u2013&nbsp;<\/strong>Les candidats parall\u00e8les au sein de Benno bokk yaakaar (Bby) n\u2019ont pas toujours l\u2019heur de plaire au patron de ladite coalition, le Pr\u00e9sident Macky Sall. Ce dernier est-il en passe de siffler la fin de la r\u00e9cr\u00e9ation au sein de la majorit\u00e9 pr\u00e9sidentielle&nbsp;? Va-t-on vers des sanctions \u00e0 l\u2019encontre de ceux qui ne veulent pas regagner les rangs et appuyer la candidature de Amadou Ba&nbsp;? Les d\u00e9cisions que le patron de la Coalition Bby sera amen\u00e9 \u00e0 prendre pour mettre fin aux contestations de son choix \u00e9difieront l\u2019opinion, \u00e0 coup s\u00fbr. Mais en attendant, \u00e0 travers des sorties m\u00e9diatiques et rencontres avec ses alli\u00e9s politiques et autres militants ou responsables de sa formation politique, l\u2019Alliance pour la R\u00e9publique (Apr), le Pr\u00e9sident Macky Sall trouve toujours le moyen de marteler fermement la r\u00e9solution que le camp de la majorit\u00e9 a prise : Amadou Ba est le seul et unique candidat de Benno.<\/p>\n\n\n\n<p>A New York, le patron de la mouvance pr\u00e9sidentielle ne s\u2019est pas encore retenu de la faire savoir \u00e0 ses partisans qu\u2019il a rencontr\u00e9s. Ces derniers entendront le leader de Bby leur dire, d\u2019apr\u00e8s le site Dakaractu&nbsp;: \u00abLa Coalition Benno bokk yaakaar n\u2019a qu\u2019un seul et unique candidat, c\u2019est Amadou Ba. Quiconque d\u00e9clare sa candidature alors qu\u2019il appartient au parti ou \u00e0 la m\u00eame coalition, ne fait plus partie de notre organisation politique, car ne s\u2019\u00e9tant pas conform\u00e9 au choix ent\u00e9rin\u00e9.\u00bb Des propos qui peuvent \u00eatre assimil\u00e9s \u00e0 une mise en garde lanc\u00e9e aux contestataires de la candidature du Premier ministre Amadou et qui ont jusqu\u2019ici pour noms&nbsp;: l\u2019ex-chef du gouvernement, Mahammed Boun Abdallah Dionne, le ministre d\u00e9missionnaire de l\u2019Agricul-ture et maire Bby de la commune de Lingu\u00e8re, Aly Ngouille Ndiauye, et l\u2019ex-Directeur g\u00e9n\u00e9ral de la Caisse des d\u00e9p\u00f4ts et consignations (Cdc) et maire de Kolda, El Hadj Mouhamadou Diao dit Mame Boye. Jusqu\u2019\u00e0 preuve du contraire, ces derniers maintiennent leur ambition&nbsp;: pr\u00e9sider aux destin\u00e9es des S\u00e9n\u00e9galais. D\u00e9j\u00e0, il a \u00e9t\u00e9 fait \u00e9tat hier, par certains sites d\u2019informations, d\u2019une rencontre entre l\u2019ex-Premier ministre, Mahammed Boun Abdallah Dionne, et le ministre de l\u2019Agriculture, Aly Ngouille Ndiaye.<\/p>\n\n\n\n<p>Le Pr\u00e9sident Sall ne s\u2019en est pas limit\u00e9 \u00e0 la mise en garde contre les responsables rebelles qui lorgnent le fauteuil pr\u00e9sidentiel. Puisqu\u2019il poursuivra son propos en faisant comprendre \u00e0 ses h\u00f4tes politiques du jour&nbsp;: \u00abQuand nous avons regard\u00e9 les crit\u00e8res de chacun des potentiels candidats, nous nous sommes accord\u00e9s que Amadou Ba a le meilleur profil. Cela ne veut pas dire que les autres n\u2019ont pas de comp\u00e9tences ou de qualit\u00e9s pour gouverner\u2026 Mais aujourd\u2019hui, si Amadou Ba gagne, c\u2019est moi, Pr\u00e9sident Macky Sall, et la coalition tout enti\u00e8re qui gagneraient.\u00bb<\/p>\n\n\n\n<p>Le chef de Benno veut continuer \u00e0 \u0153uvrer pour un resserrement des rangs. Ce qui le conduit \u00e0 appeler sans cesse les militants de son camp politique \u00e0 l\u2019unit\u00e9. Celle-ci devant passer par le d\u00e9passement et la fin des querelles inutiles qui n\u2019aideront pas \u00e0 faire triompher Bby. D\u2019o\u00f9 la conviction de Macky Sall que ce qui est primordial, \u00abc\u2019est cette victoire qu\u2019il faut aller chercher dans l\u2019unit\u00e9\u00bb.<\/p>\n\n\n\n<p>Listant les atouts du candidat de Bby, Amadou Ba, lors d\u2019un entretien accord\u00e9 \u00e0 New York aux m\u00e9dias fran\u00e7ais Rfi et France 24, le Pr\u00e9sident Macky n\u2019avait pas manqu\u00e9 de rassurer ses partisans et les sympathisants de&nbsp;son camp politique&nbsp;: \u00abJe pense qu\u2019avant le d\u00e9p\u00f4t des candidatures, il y aura des discussions qui permettront d\u2019arriver vers une convergence totale. A d\u00e9faut, l\u2019essentiel a \u00e9t\u00e9 b\u00e2ti autour de cette candidature pour donner des chances \u00e0 la majorit\u00e9 de l\u2019emporter d\u00e8s le premier tour.\u00bb Non sans avoir indiqu\u00e9, auparavant&nbsp;: \u00abJe ne peux pas fracturer la coalition que j\u2019ai mise en place et entretenue depuis 12 ans (\u2026) C\u2019est normal qu\u2019il y ait des r\u00e9sistances. D\u2019ailleurs, nous avons vu les processus d\u2019alignement et finalement d\u2019acceptation. Il y a encore 2 ou 3 qui pensent qu\u2019ils doivent \u00eatre candidats. C\u2019est leur droit, leur libert\u00e9.\u00bb<br><strong>mdiatta@leuotidien.sn<\/strong><\/p>\n","protected":false},"excerpt":{"rendered":"<p>Lequotidien\u00a0 Les candidats parall\u00e8les au sein de la majorit\u00e9 pr\u00e9sidentielle devraient s\u2019attendre \u00e0 des sanctions. Du moins, si l\u2019on s\u2019en tient aux propos tenus par le patron de Bby, Macky Sall, devant les militants de la diaspora du camp pr\u00e9sidentiel rencontr\u00e9s \u00e0 New York, apr\u00e8s l\u2019entretien du chef de l\u2019Etat accord\u00e9 \u00e0 Rfi et France [&hellip;]<\/p>\n","protected":false},"author":2,"featured_media":53867,"comment_status":"open","ping_status":"open","sticky":false,"template":"","format":"standard","meta":{"footnotes":""},"categories":[1],"tags":[],"class_list":["post-53866","post","type-post","status-publish","format-standard","has-post-thumbnail","hentry","category-aucun"],"_links":{"self":[{"href":"https:\/\/lestracesdelinfo.com\/index.php\/wp-json\/wp\/v2\/posts\/53866","targetHints":{"allow":["GET"]}}],"collection":[{"href":"https:\/\/lestracesdelinfo.com\/index.php\/wp-json\/wp\/v2\/posts"}],"about":[{"href":"https:\/\/lestracesdelinfo.com\/index.php\/wp-json\/wp\/v2\/types\/post"}],"author":[{"embeddable":true,"href":"https:\/\/lestracesdelinfo.com\/index.php\/wp-json\/wp\/v2\/users\/2"}],"replies":[{"embeddable":true,"href":"https:\/\/lestracesdelinfo.com\/index.php\/wp-json\/wp\/v2\/comments?post=53866"}],"version-history":[{"count":1,"href":"https:\/\/lestracesdelinfo.com\/index.php\/wp-json\/wp\/v2\/posts\/53866\/revisions"}],"predecessor-version":[{"id":53868,"href":"https:\/\/lestracesdelinfo.com\/index.php\/wp-json\/wp\/v2\/posts\/53866\/revisions\/53868"}],"wp:featuredmedia":[{"embeddable":true,"href":"https:\/\/lestracesdelinfo.com\/index.php\/wp-json\/wp\/v2\/media\/53867"}],"wp:attachment":[{"href":"https:\/\/lestracesdelinfo.com\/index.php\/wp-json\/wp\/v2\/media?parent=53866"}],"wp:term":[{"taxonomy":"category","embeddable":true,"href":"https:\/\/lestracesdelinfo.com\/index.php\/wp-json\/wp\/v2\/categories?post=53866"},{"taxonomy":"post_tag","embeddable":true,"href":"https:\/\/lestracesdelinfo.com\/index.php\/wp-json\/wp\/v2\/tags?post=53866"}],"curies":[{"name":"wp","href":"https:\/\/api.w.org\/{rel}","templated":true}]}}