{"id":53869,"date":"2023-09-23T11:36:04","date_gmt":"2023-09-23T11:36:04","guid":{"rendered":"https:\/\/lestracesdelinfo.com\/?p=53869"},"modified":"2023-09-23T11:36:51","modified_gmt":"2023-09-23T11:36:51","slug":"au-mali-63e-anniversaire-dindependance-une-celebration-sous-le-signe-du-sursaut-national-et-de-la-defense-de-la-patrie","status":"publish","type":"post","link":"https:\/\/lestracesdelinfo.com\/index.php\/2023\/09\/23\/au-mali-63e-anniversaire-dindependance-une-celebration-sous-le-signe-du-sursaut-national-et-de-la-defense-de-la-patrie\/","title":{"rendered":"Mali   : 63e anniversaire d\u2019ind\u00e9pendance : une c\u00e9l\u00e9bration sous le signe du sursaut national et de la d\u00e9fense de la patrie"},"content":{"rendered":"\n<p><a href=\"https:\/\/www.maliweb.net\/armee\/63e-anniv\">.maliweb.net<\/a><\/p>\n\n\n\n<figure class=\"wp-block-image\"><a href=\"https:\/\/www.maliweb.net\/wp-content\/news\/images\/2023\/09\/ASSIMI-22-SEPT-2023-4.jpg\"><img decoding=\"async\" src=\"https:\/\/www.maliweb.net\/wp-content\/news\/images\/2023\/09\/ASSIMI-22-SEPT-2023-4-696x464.jpg\" alt=\"\" title=\"ASSIMI-22-SEPT-2023-4\"\/><\/a><\/figure>\n\n\n\n<p><strong>Ce vendredi 22 septembre 2023, le Mali a comm\u00e9mor\u00e9, dans la plus grande sobri\u00e9t\u00e9, le 63e anniversaire de son accession \u00e0 l\u2019ind\u00e9pendance. Le Pr\u00e9sident de la Transition, Son Excellence, le Colonel Assimi GOITA, Chef de l\u2019\u00c9tat, a proc\u00e9d\u00e9, t\u00f4t le matin, au traditionnel d\u00e9p\u00f4t de gerbe de fleurs au Monument de l\u2019Ind\u00e9pendance. Il a ensuite pr\u00e9sid\u00e9 la c\u00e9r\u00e9monie de prise d\u2019armes au G\u00e9nie militaire de Bamako apr\u00e8s le d\u00e9p\u00f4t de la gerbe de fleurs sur la st\u00e8le du m\u00e9morial militaire. Ce 63e anniversaire est plac\u00e9 sous le signe du sursaut national pour la d\u00e9fense de la patrie.<\/strong><\/p>\n\n\n\n<p>Ces c\u00e9r\u00e9monies ont enregistr\u00e9 la pr\u00e9sence du Premier ministre, du Pr\u00e9sident du Conseil national de Transition, du ministre de la D\u00e9fense et des Anciens Combattants, des Chefs d\u2019\u00c9tats-majors G\u00e9n\u00e9ral des Arm\u00e9es, ainsi que des partenaires et amis du Mali, mais aussi des corps constitu\u00e9s.<\/p>\n\n\n\n<p>Apr\u00e8s le d\u00e9fil\u00e9 militaire, le Pr\u00e9sident de la Transition a accord\u00e9 une interview au cours de laquelle il a rendu un hommage m\u00e9rit\u00e9 au feu Pr\u00e9sident Modibo KEITA et \u00e0 ses fid\u00e8les compagnons pour avoir permis au Mali d\u2019acc\u00e9der \u00e0 son ind\u00e9pendance par leur lutte. Le Chef supr\u00eame des Arm\u00e9es a ensuite expliqu\u00e9 les raisons de la d\u00e9cision de sursoir aux activit\u00e9s festives de ce 63e anniversaire. \u00ab Il \u00e9tait important pour nous de manifester notre compassion vis-\u00e0-vis des familles endeuill\u00e9es \u00bb.<\/p>\n\n\n\n<p>L\u2019objectif est de r\u00e9orienter les fonds \u00e0 l\u2019assistance des familles endeuill\u00e9es, des rescap\u00e9s de l\u2019attaque barbare et l\u00e2che contre le bateau \u00ab Le Tombouctou \u00bb, mais \u00e9galement de soutenir les sinistr\u00e9s dans les diff\u00e9rentes r\u00e9gions du Mali. Cela est d\u2019autant plus important que le Mali est un pays de solidarit\u00e9 l\u00e9gendaire, a expliqu\u00e9 le Pr\u00e9sident de la Transition.<\/p>\n\n\n\n<p>Le Chef de l\u2019\u00c9tat a profit\u00e9 des activit\u00e9s de ce 63e anniversaire pour donner des explications sur la d\u00e9t\u00e9rioration soudaine de la situation s\u00e9curitaire du pays, mais aussi sur le d\u00e9part de la MINUSMA. Outre cela, le Pr\u00e9sident GOITA a r\u00e9it\u00e9r\u00e9 l\u2019engagement des autorit\u00e9s de la Transition \u00e0 lutter avec d\u00e9termination et de fa\u00e7on efficace contre la corruption et la d\u00e9linquance financi\u00e8re. Ces fl\u00e9aux sont, selon ses explications, facteurs de stabilit\u00e9.<\/p>\n\n\n\n<p>Un autre point \u00e9voqu\u00e9 par le Chef de l\u2019Etat dans son allocution, a \u00e9t\u00e9 la mise en place de l\u2019Alliance des \u00c9tats du Sahel (AES), le 16 septembre dernier.<\/p>\n\n\n\n<p>Une Alliance compos\u00e9e du Mali, du Burkina Faso et du Niger. Trois pays, selon le Pr\u00e9sident de la Transition, qui partagent les m\u00eames d\u00e9fis en termes de lutte contre le terrorisme, mais aussi de d\u00e9veloppement. Des pays qui partagent \u00e9galement les m\u00eames fronti\u00e8res. \u00ab Cette Alliance est une bonne initiative qu\u2019il faudra consolider dans les jours \u00e0 venir pour le grand bonheur de nos peuples \u00bb, exhorte le Pr\u00e9sident GOITA.<\/p>\n\n\n\n<p>Le Chef de l\u2019\u00c9tat a, de nouveau, salu\u00e9 la r\u00e9silience du peuple malien. Une r\u00e9silience qui a permis aujourd\u2019hui aux autorit\u00e9s de la Transition de se focaliser sur l\u2019essentiel. Il exhorte donc le peuple \u00e0 la coh\u00e9sion sociale en vue de faire face \u00e0 la menace commune qu\u2019est le terrorisme.<\/p>\n\n\n\n<p>S\u2019adressant aux hommes de m\u00e9dias, le Chef supr\u00eame des Arm\u00e9es a demand\u00e9 plus de patriotisme aux journalistes. Ces professionnels de l\u2019information doivent veiller \u00e0 ne pas se pr\u00eater aux jeux des ennemis de la nation, qui m\u00e8nent une v\u00e9ritable campagne de propagande. Le Chef de l\u2019\u00c9tat exhorte donc les hommes de m\u00e9dias d\u2019\u00e9viter d\u2019inonder les r\u00e9seaux sociaux de propos de nature \u00e0 d\u00e9moraliser les troupes engag\u00e9es sur le terrain. \u00ab On est journaliste parce qu\u2019on est en vie. \u00c0 l\u2019instant o\u00f9 on n\u2019est plus en vie, on ne sera plus en mesure d\u2019informer ou de communiquer \u00bb, a-t-il expliqu\u00e9.<\/p>\n\n\n\n<p>Toutefois, il a f\u00e9licit\u00e9 et encourag\u00e9 tous les journalistes, qui motivent \u00e0 leur mani\u00e8re, les Forces de d\u00e9fense et de s\u00e9curit\u00e9 en les encourageant \u00e0 la d\u00e9fense de la patrie. Il a r\u00e9it\u00e9r\u00e9 son appel \u00e0 l\u2019Union sacr\u00e9e autour des FAMA, dont il salue la d\u00e9termination et le d\u00e9vouement.<\/p>\n\n\n\n<p>Le Pr\u00e9sident de la Transition rassure tous les Maliens que la lutte engag\u00e9e se poursuivra jusqu\u2019\u00e0 la victoire finale, \u00e0 savoir pacification totale du Mali, le retour des services sociaux de base au b\u00e9n\u00e9fice des populations.<\/p>\n\n\n\n<p>Il a enfin souhait\u00e9 bonne f\u00eate d\u2019ind\u00e9pendance \u00e0 tous les partenaires sinc\u00e8res du Mali ainsi qu\u2019au peuple malien.<\/p>\n\n\n\n<p>1&nbsp;de 35<\/p>\n\n\n\n<figure class=\"wp-block-image\"><a href=\"https:\/\/www.maliweb.net\/wp-content\/news\/images\/2023\/09\/ASSIMI-22-SEPT-2023-35.jpg\"><img decoding=\"async\" src=\"https:\/\/www.maliweb.net\/wp-content\/news\/images\/2023\/09\/ASSIMI-22-SEPT-2023-35-630x420.jpg\" alt=\"\"\/><\/a><\/figure>\n\n\n\n<figure class=\"wp-block-image\"><a href=\"https:\/\/www.maliweb.net\/wp-content\/news\/images\/2023\/09\/ASSIMI-22-SEPT-2023-34.jpg\"><img decoding=\"async\" src=\"https:\/\/www.maliweb.net\/wp-content\/news\/images\/2023\/09\/ASSIMI-22-SEPT-2023-34-630x420.jpg\" alt=\"\"\/><\/a><\/figure>\n\n\n\n<figure class=\"wp-block-image\"><a href=\"https:\/\/www.maliweb.net\/wp-content\/news\/images\/2023\/09\/ASSIMI-22-SEPT-2023-33.jpg\"><img decoding=\"async\" src=\"https:\/\/www.maliweb.net\/wp-content\/news\/images\/2023\/09\/ASSIMI-22-SEPT-2023-33-630x420.jpg\" alt=\"\"\/><\/a><\/figure>\n\n\n\n<figure class=\"wp-block-image\"><a href=\"https:\/\/www.maliweb.net\/wp-content\/news\/images\/2023\/09\/ASSIMI-22-SEPT-2023-32.jpg\"><img decoding=\"async\" src=\"https:\/\/www.maliweb.net\/wp-content\/news\/images\/2023\/09\/ASSIMI-22-SEPT-2023-32-630x420.jpg\" alt=\"\"\/><\/a><\/figure>\n\n\n\n<figure class=\"wp-block-image\"><a href=\"https:\/\/www.maliweb.net\/wp-content\/news\/images\/2023\/09\/ASSIMI-22-SEPT-2023-31.jpg\"><img decoding=\"async\" src=\"https:\/\/www.maliweb.net\/wp-content\/news\/images\/2023\/09\/ASSIMI-22-SEPT-2023-31-630x420.jpg\" alt=\"\"\/><\/a><\/figure>\n\n\n\n<figure class=\"wp-block-image\"><a href=\"https:\/\/www.maliweb.net\/wp-content\/news\/images\/2023\/09\/ASSIMI-22-SEPT-2023-30.jpg\"><img decoding=\"async\" src=\"https:\/\/www.maliweb.net\/wp-content\/news\/images\/2023\/09\/ASSIMI-22-SEPT-2023-30-630x420.jpg\" alt=\"\"\/><\/a><\/figure>\n\n\n\n<figure class=\"wp-block-image\"><a href=\"https:\/\/www.maliweb.net\/wp-content\/news\/images\/2023\/09\/ASSIMI-22-SEPT-2023-29.jpg\"><img decoding=\"async\" src=\"https:\/\/www.maliweb.net\/wp-content\/news\/images\/2023\/09\/ASSIMI-22-SEPT-2023-29-630x420.jpg\" alt=\"\"\/><\/a><\/figure>\n\n\n\n<figure class=\"wp-block-image\"><a href=\"https:\/\/www.maliweb.net\/wp-content\/news\/images\/2023\/09\/ASSIMI-22-SEPT-2023-28.jpg\"><img decoding=\"async\" src=\"https:\/\/www.maliweb.net\/wp-content\/news\/images\/2023\/09\/ASSIMI-22-SEPT-2023-28-630x420.jpg\" alt=\"\"\/><\/a><\/figure>\n\n\n\n<figure class=\"wp-block-image\"><a href=\"https:\/\/www.maliweb.net\/wp-content\/news\/images\/2023\/09\/ASSIMI-22-SEPT-2023-27.jpg\"><img decoding=\"async\" src=\"https:\/\/www.maliweb.net\/wp-content\/news\/images\/2023\/09\/ASSIMI-22-SEPT-2023-27-630x420.jpg\" alt=\"\"\/><\/a><\/figure>\n\n\n\n<figure class=\"wp-block-image\"><a href=\"https:\/\/www.maliweb.net\/wp-content\/news\/images\/2023\/09\/ASSIMI-22-SEPT-2023-26.jpg\"><img decoding=\"async\" src=\"https:\/\/www.maliweb.net\/wp-content\/news\/images\/2023\/09\/ASSIMI-22-SEPT-2023-26-630x420.jpg\" alt=\"\"\/><\/a><\/figure>\n\n\n\n<figure class=\"wp-block-image\"><a href=\"https:\/\/www.maliweb.net\/wp-content\/news\/images\/2023\/09\/ASSIMI-22-SEPT-2023-25.jpg\"><img decoding=\"async\" src=\"https:\/\/www.maliweb.net\/wp-content\/news\/images\/2023\/09\/ASSIMI-22-SEPT-2023-25-630x420.jpg\" alt=\"\"\/><\/a><\/figure>\n\n\n\n<figure class=\"wp-block-image\"><a href=\"https:\/\/www.maliweb.net\/wp-content\/news\/images\/2023\/09\/ASSIMI-22-SEPT-2023-24.jpg\"><img decoding=\"async\" src=\"https:\/\/www.maliweb.net\/wp-content\/news\/images\/2023\/09\/ASSIMI-22-SEPT-2023-24-630x420.jpg\" alt=\"\"\/><\/a><\/figure>\n\n\n\n<figure class=\"wp-block-image\"><a href=\"https:\/\/www.maliweb.net\/wp-content\/news\/images\/2023\/09\/ASSIMI-22-SEPT-2023-23.jpg\"><img decoding=\"async\" src=\"https:\/\/www.maliweb.net\/wp-content\/news\/images\/2023\/09\/ASSIMI-22-SEPT-2023-23-630x420.jpg\" alt=\"\"\/><\/a><\/figure>\n\n\n\n<figure class=\"wp-block-image\"><a href=\"https:\/\/www.maliweb.net\/wp-content\/news\/images\/2023\/09\/ASSIMI-22-SEPT-2023-21.jpg\"><img decoding=\"async\" src=\"https:\/\/www.maliweb.net\/wp-content\/news\/images\/2023\/09\/ASSIMI-22-SEPT-2023-21-630x420.jpg\" alt=\"\"\/><\/a><\/figure>\n\n\n\n<figure class=\"wp-block-image\"><a href=\"https:\/\/www.maliweb.net\/wp-content\/news\/images\/2023\/09\/ASSIMI-22-SEPT-2023-20.jpg\"><img decoding=\"async\" src=\"https:\/\/www.maliweb.net\/wp-content\/news\/images\/2023\/09\/ASSIMI-22-SEPT-2023-20-630x420.jpg\" alt=\"\"\/><\/a><\/figure>\n\n\n\n<figure class=\"wp-block-image\"><a href=\"https:\/\/www.maliweb.net\/wp-content\/news\/images\/2023\/09\/ASSIMI-22-SEPT-2023-19.jpg\"><img decoding=\"async\" src=\"https:\/\/www.maliweb.net\/wp-content\/news\/images\/2023\/09\/ASSIMI-22-SEPT-2023-19-630x420.jpg\" alt=\"\"\/><\/a><\/figure>\n\n\n\n<figure class=\"wp-block-image\"><a href=\"https:\/\/www.maliweb.net\/wp-content\/news\/images\/2023\/09\/ASSIMI-22-SEPT-2023-18.jpg\"><img decoding=\"async\" src=\"https:\/\/www.maliweb.net\/wp-content\/news\/images\/2023\/09\/ASSIMI-22-SEPT-2023-18-630x420.jpg\" alt=\"\"\/><\/a><\/figure>\n\n\n\n<figure class=\"wp-block-image\"><a href=\"https:\/\/www.maliweb.net\/wp-content\/news\/images\/2023\/09\/ASSIMI-22-SEPT-2023-17.jpg\"><img decoding=\"async\" src=\"https:\/\/www.maliweb.net\/wp-content\/news\/images\/2023\/09\/ASSIMI-22-SEPT-2023-17-630x420.jpg\" alt=\"\"\/><\/a><\/figure>\n\n\n\n<figure class=\"wp-block-image\"><a href=\"https:\/\/www.maliweb.net\/wp-content\/news\/images\/2023\/09\/ASSIMI-22-SEPT-2023-16.jpg\"><img decoding=\"async\" src=\"https:\/\/www.maliweb.net\/wp-content\/news\/images\/2023\/09\/ASSIMI-22-SEPT-2023-16-280x420.jpg\" alt=\"\"\/><\/a><\/figure>\n\n\n\n<figure class=\"wp-block-image\"><a href=\"https:\/\/www.maliweb.net\/wp-content\/news\/images\/2023\/09\/ASSIMI-22-SEPT-2023-15.jpg\"><img decoding=\"async\" src=\"https:\/\/www.maliweb.net\/wp-content\/news\/images\/2023\/09\/ASSIMI-22-SEPT-2023-15-630x420.jpg\" alt=\"\"\/><\/a><\/figure>\n\n\n\n<figure class=\"wp-block-image\"><a href=\"https:\/\/www.maliweb.net\/wp-content\/news\/images\/2023\/09\/ASSIMI-22-SEPT-2023-14.jpg\"><img decoding=\"async\" src=\"https:\/\/www.maliweb.net\/wp-content\/news\/images\/2023\/09\/ASSIMI-22-SEPT-2023-14-630x420.jpg\" alt=\"\"\/><\/a><\/figure>\n\n\n\n<figure class=\"wp-block-image\"><a href=\"https:\/\/www.maliweb.net\/wp-content\/news\/images\/2023\/09\/ASSIMI-22-SEPT-2023-13.jpg\"><img decoding=\"async\" src=\"https:\/\/www.maliweb.net\/wp-content\/news\/images\/2023\/09\/ASSIMI-22-SEPT-2023-13-630x420.jpg\" alt=\"\"\/><\/a><\/figure>\n\n\n\n<figure class=\"wp-block-image\"><a href=\"https:\/\/www.maliweb.net\/wp-content\/news\/images\/2023\/09\/ASSIMI-22-SEPT-2023-11.jpg\"><img decoding=\"async\" src=\"https:\/\/www.maliweb.net\/wp-content\/news\/images\/2023\/09\/ASSIMI-22-SEPT-2023-11-630x420.jpg\" alt=\"\"\/><\/a><\/figure>\n\n\n\n<figure class=\"wp-block-image\"><a href=\"https:\/\/www.maliweb.net\/wp-content\/news\/images\/2023\/09\/ASSIMI-22-SEPT-2023-10.jpg\"><img decoding=\"async\" src=\"https:\/\/www.maliweb.net\/wp-content\/news\/images\/2023\/09\/ASSIMI-22-SEPT-2023-10-630x420.jpg\" alt=\"\"\/><\/a><\/figure>\n\n\n\n<figure class=\"wp-block-image\"><a href=\"https:\/\/www.maliweb.net\/wp-content\/news\/images\/2023\/09\/ASSIMI-22-SEPT-2023-9.jpg\"><img decoding=\"async\" src=\"https:\/\/www.maliweb.net\/wp-content\/news\/images\/2023\/09\/ASSIMI-22-SEPT-2023-9-630x420.jpg\" alt=\"\"\/><\/a><\/figure>\n\n\n\n<figure class=\"wp-block-image\"><a href=\"https:\/\/www.maliweb.net\/wp-content\/news\/images\/2023\/09\/ASSIMI-22-SEPT-2023-8.jpg\"><img decoding=\"async\" src=\"https:\/\/www.maliweb.net\/wp-content\/news\/images\/2023\/09\/ASSIMI-22-SEPT-2023-8-630x420.jpg\" alt=\"\"\/><\/a><\/figure>\n\n\n\n<figure class=\"wp-block-image\"><a href=\"https:\/\/www.maliweb.net\/wp-content\/news\/images\/2023\/09\/ASSIMI-22-SEPT-2023-7.jpg\"><img decoding=\"async\" src=\"https:\/\/www.maliweb.net\/wp-content\/news\/images\/2023\/09\/ASSIMI-22-SEPT-2023-7-630x420.jpg\" alt=\"\"\/><\/a><\/figure>\n\n\n\n<figure class=\"wp-block-image\"><a href=\"https:\/\/www.maliweb.net\/wp-content\/news\/images\/2023\/09\/ASSIMI-22-SEPT-2023-6.jpg\"><img decoding=\"async\" src=\"https:\/\/www.maliweb.net\/wp-content\/news\/images\/2023\/09\/ASSIMI-22-SEPT-2023-6-630x420.jpg\" alt=\"\"\/><\/a><\/figure>\n\n\n\n<figure class=\"wp-block-image\"><a href=\"https:\/\/www.maliweb.net\/wp-content\/news\/images\/2023\/09\/ASSIMI-22-SEPT-2023-5.jpg\"><img decoding=\"async\" src=\"https:\/\/www.maliweb.net\/wp-content\/news\/images\/2023\/09\/ASSIMI-22-SEPT-2023-5-630x420.jpg\" alt=\"\"\/><\/a><\/figure>\n\n\n\n<figure class=\"wp-block-image\"><a href=\"https:\/\/www.maliweb.net\/wp-content\/news\/images\/2023\/09\/ASSIMI-22-SEPT-2023-4.jpg\"><img decoding=\"async\" src=\"https:\/\/www.maliweb.net\/wp-content\/news\/images\/2023\/09\/ASSIMI-22-SEPT-2023-4-630x420.jpg\" alt=\"\"\/><\/a><\/figure>\n\n\n\n<figure class=\"wp-block-image\"><a href=\"https:\/\/www.maliweb.net\/wp-content\/news\/images\/2023\/09\/ASSIMI-22-SEPT-2023-3.jpg\"><img decoding=\"async\" src=\"https:\/\/www.maliweb.net\/wp-content\/news\/images\/2023\/09\/ASSIMI-22-SEPT-2023-3-630x420.jpg\" alt=\"\"\/><\/a><\/figure>\n\n\n\n<figure class=\"wp-block-image\"><a href=\"https:\/\/www.maliweb.net\/wp-content\/news\/images\/2023\/09\/ASSIMI-22-SEPT-2023-2.jpg\"><img decoding=\"async\" src=\"https:\/\/www.maliweb.net\/wp-content\/news\/images\/2023\/09\/ASSIMI-22-SEPT-2023-2-630x420.jpg\" alt=\"\"\/><\/a><\/figure>\n\n\n\n<figure class=\"wp-block-image\"><a href=\"https:\/\/www.maliweb.net\/wp-content\/news\/images\/2023\/09\/ASSIMI-22-SEPT-2023-1.jpg\"><img decoding=\"async\" src=\"https:\/\/www.maliweb.net\/wp-content\/news\/images\/2023\/09\/ASSIMI-22-SEPT-2023-1-630x420.jpg\" alt=\"\"\/><\/a><\/figure>\n\n\n\n<figure class=\"wp-block-image\"><a href=\"https:\/\/www.maliweb.net\/wp-content\/news\/images\/2023\/09\/ASSIMI-22-SEPT-2023.jpg\"><img decoding=\"async\" src=\"https:\/\/www.maliweb.net\/wp-content\/news\/images\/2023\/09\/ASSIMI-22-SEPT-2023-630x420.jpg\" alt=\"\"\/><\/a><\/figure>\n\n\n\n<figure class=\"wp-block-image\"><a href=\"https:\/\/www.maliweb.net\/wp-content\/news\/images\/2023\/09\/ASSIMI-22-SEPT-2023-36.jpg\"><img decoding=\"async\" src=\"https:\/\/www.maliweb.net\/wp-content\/news\/images\/2023\/09\/ASSIMI-22-SEPT-2023-36-630x420.jpg\" alt=\"\"\/><\/a><\/figure>\n\n\n\n<p>Par&nbsp;<a href=\"https:\/\/www.facebook.com\/Presidence.Mali?__cft__[0]=AZUVXkFu0B9TL6ddMFgIvVR-zXJG2_cPdW6v1L2KtTC9N3EFkvS1NIwNA_yxYh2YuIITAyy5xPl9ECAaHUttFvahtjCLkl3t1pDiAZyKplt_Wg59leUMEyFBaUAwUMlEph22G4M4X5Fr8URL5tgAHy-k5UXbm_PPmimGGzWpxm9RpVOUngk1efAje5fe7uDx3qo&amp;__tn__=-UC%2CP-R\"><strong>Pr\u00e9sidence de la R\u00e9publique du Mal<\/strong><\/a>i<\/p>\n\n\n\n<p><a href=\"https:\/\/www.maliweb.net\/armee\/63e-anniv\">https:\/\/www.maliweb.net\/armee\/63e-anniv<\/a><\/p>\n","protected":false},"excerpt":{"rendered":"<p>.maliweb.net Ce vendredi 22 septembre 2023, le Mali a comm\u00e9mor\u00e9, dans la plus grande sobri\u00e9t\u00e9, le 63e anniversaire de son accession \u00e0 l\u2019ind\u00e9pendance. Le Pr\u00e9sident de la Transition, Son Excellence, le Colonel Assimi GOITA, Chef de l\u2019\u00c9tat, a proc\u00e9d\u00e9, t\u00f4t le matin, au traditionnel d\u00e9p\u00f4t de gerbe de fleurs au Monument de l\u2019Ind\u00e9pendance. Il a [&hellip;]<\/p>\n","protected":false},"author":2,"featured_media":53870,"comment_status":"open","ping_status":"open","sticky":false,"template":"","format":"standard","meta":{"footnotes":""},"categories":[1],"tags":[],"class_list":["post-53869","post","type-post","status-publish","format-standard","has-post-thumbnail","hentry","category-aucun"],"_links":{"self":[{"href":"https:\/\/lestracesdelinfo.com\/index.php\/wp-json\/wp\/v2\/posts\/53869","targetHints":{"allow":["GET"]}}],"collection":[{"href":"https:\/\/lestracesdelinfo.com\/index.php\/wp-json\/wp\/v2\/posts"}],"about":[{"href":"https:\/\/lestracesdelinfo.com\/index.php\/wp-json\/wp\/v2\/types\/post"}],"author":[{"embeddable":true,"href":"https:\/\/lestracesdelinfo.com\/index.php\/wp-json\/wp\/v2\/users\/2"}],"replies":[{"embeddable":true,"href":"https:\/\/lestracesdelinfo.com\/index.php\/wp-json\/wp\/v2\/comments?post=53869"}],"version-history":[{"count":2,"href":"https:\/\/lestracesdelinfo.com\/index.php\/wp-json\/wp\/v2\/posts\/53869\/revisions"}],"predecessor-version":[{"id":53872,"href":"https:\/\/lestracesdelinfo.com\/index.php\/wp-json\/wp\/v2\/posts\/53869\/revisions\/53872"}],"wp:featuredmedia":[{"embeddable":true,"href":"https:\/\/lestracesdelinfo.com\/index.php\/wp-json\/wp\/v2\/media\/53870"}],"wp:attachment":[{"href":"https:\/\/lestracesdelinfo.com\/index.php\/wp-json\/wp\/v2\/media?parent=53869"}],"wp:term":[{"taxonomy":"category","embeddable":true,"href":"https:\/\/lestracesdelinfo.com\/index.php\/wp-json\/wp\/v2\/categories?post=53869"},{"taxonomy":"post_tag","embeddable":true,"href":"https:\/\/lestracesdelinfo.com\/index.php\/wp-json\/wp\/v2\/tags?post=53869"}],"curies":[{"name":"wp","href":"https:\/\/api.w.org\/{rel}","templated":true}]}}