{"id":53883,"date":"2023-09-24T09:02:39","date_gmt":"2023-09-24T09:02:39","guid":{"rendered":"https:\/\/lestracesdelinfo.com\/?p=53883"},"modified":"2023-09-24T09:02:43","modified_gmt":"2023-09-24T09:02:43","slug":"le-president-de-la-republique-recoit-le-secretaire-general-de-la-ligue-islamique-mondiale","status":"publish","type":"post","link":"https:\/\/lestracesdelinfo.com\/index.php\/2023\/09\/24\/le-president-de-la-republique-recoit-le-secretaire-general-de-la-ligue-islamique-mondiale\/","title":{"rendered":"Le Pr\u00e9sident de la R\u00e9publique re\u00e7oit le Secr\u00e9taire G\u00e9n\u00e9ral de la Ligue Islamique Mondiale"},"content":{"rendered":"\n<h2 class=\"wp-block-heading\">ami<\/h2>\n\n\n\n<figure class=\"wp-block-image\"><a href=\"https:\/\/ami.mr\/fr\/wp-content\/uploads\/2023\/09\/23-09-2023-s002.jpg\"><img decoding=\"async\" src=\"https:\/\/ami.mr\/fr\/wp-content\/uploads\/2023\/09\/23-09-2023-s002-750x430.jpg\" alt=\"\"\/><\/a><\/figure>\n\n\n<div class=\"wp-block-image\">\n<figure class=\"alignleft\"><img decoding=\"async\" src=\"https:\/\/ami.mr\/fr\/wp-content\/uploads\/2023\/09\/23-09-2023-s003-300x200.jpg\" alt=\"\" class=\"wp-image-230366\"\/><\/figure>\n<\/div>\n\n\n<p>Son Excellence le Pr\u00e9sident de la R\u00e9publique, M. Mohamed Ould Cheikh El Ghazouani, a re\u00e7u en audience samedi, au Palais des Congr\u00e8s de Nouakchott, Cheikh Dr. Mohamed bin Abdel Karim Al- Issa, secr\u00e9taire g\u00e9n\u00e9ral de la Ligue Islamique Mondiale, pr\u00e9sident de l\u2019Organisation Internationale des savants musulmans.<\/p>\n\n\n\n<p>Au cours de l\u2019entretien, le Pr\u00e9sident de la Ligue Islamique Mondiale a remis \u00e0 Son Excellence le Pr\u00e9sident de la R\u00e9publique le bouclier de l\u2019Organisation Internationale des savants musulmans en l\u2019honneur de ses efforts pour soutenir les activit\u00e9s pertinentes, louant dans le m\u00eame contexte les orientations et les conseils prodigu\u00e9s par Son Excellence le Pr\u00e9sident, soulignant la poursuite des efforts tendant au renforcement de la coop\u00e9ration entre la Ligue Islamique Mondiale et la R\u00e9publique islamique de Mauritanie.<\/p>\n\n\n\n<p>L\u2019entretien s\u2019est d\u00e9roul\u00e9 en pr\u00e9sence du ministre charg\u00e9 du cabinet de la Pr\u00e9sidence de la R\u00e9publique, M. Mokhtar Ould Diay, du ministre des Affaires Islamiques et de l\u2019Enseignement Originel, M. Dah Ould Sidi Ould Amar Taleb, du pr\u00e9sident du Regroupement culturel islamique, Cheikh Mohamed El-Hafedh Ould Enahoui, et de la directrice du bureau de la Ligue Islamique Mondiale en Mauritanie, Mme Messouda Mint Baham.<\/p>\n","protected":false},"excerpt":{"rendered":"<p>ami Son Excellence le Pr\u00e9sident de la R\u00e9publique, M. Mohamed Ould Cheikh El Ghazouani, a re\u00e7u en audience samedi, au Palais des Congr\u00e8s de Nouakchott, Cheikh Dr. Mohamed bin Abdel Karim Al- Issa, secr\u00e9taire g\u00e9n\u00e9ral de la Ligue Islamique Mondiale, pr\u00e9sident de l\u2019Organisation Internationale des savants musulmans. Au cours de l\u2019entretien, le Pr\u00e9sident de la [&hellip;]<\/p>\n","protected":false},"author":2,"featured_media":53884,"comment_status":"open","ping_status":"open","sticky":false,"template":"","format":"standard","meta":{"footnotes":""},"categories":[1],"tags":[],"class_list":["post-53883","post","type-post","status-publish","format-standard","has-post-thumbnail","hentry","category-aucun"],"_links":{"self":[{"href":"https:\/\/lestracesdelinfo.com\/index.php\/wp-json\/wp\/v2\/posts\/53883","targetHints":{"allow":["GET"]}}],"collection":[{"href":"https:\/\/lestracesdelinfo.com\/index.php\/wp-json\/wp\/v2\/posts"}],"about":[{"href":"https:\/\/lestracesdelinfo.com\/index.php\/wp-json\/wp\/v2\/types\/post"}],"author":[{"embeddable":true,"href":"https:\/\/lestracesdelinfo.com\/index.php\/wp-json\/wp\/v2\/users\/2"}],"replies":[{"embeddable":true,"href":"https:\/\/lestracesdelinfo.com\/index.php\/wp-json\/wp\/v2\/comments?post=53883"}],"version-history":[{"count":1,"href":"https:\/\/lestracesdelinfo.com\/index.php\/wp-json\/wp\/v2\/posts\/53883\/revisions"}],"predecessor-version":[{"id":53885,"href":"https:\/\/lestracesdelinfo.com\/index.php\/wp-json\/wp\/v2\/posts\/53883\/revisions\/53885"}],"wp:featuredmedia":[{"embeddable":true,"href":"https:\/\/lestracesdelinfo.com\/index.php\/wp-json\/wp\/v2\/media\/53884"}],"wp:attachment":[{"href":"https:\/\/lestracesdelinfo.com\/index.php\/wp-json\/wp\/v2\/media?parent=53883"}],"wp:term":[{"taxonomy":"category","embeddable":true,"href":"https:\/\/lestracesdelinfo.com\/index.php\/wp-json\/wp\/v2\/categories?post=53883"},{"taxonomy":"post_tag","embeddable":true,"href":"https:\/\/lestracesdelinfo.com\/index.php\/wp-json\/wp\/v2\/tags?post=53883"}],"curies":[{"name":"wp","href":"https:\/\/api.w.org\/{rel}","templated":true}]}}