{"id":53886,"date":"2023-09-24T09:05:20","date_gmt":"2023-09-24T09:05:20","guid":{"rendered":"https:\/\/lestracesdelinfo.com\/?p=53886"},"modified":"2023-09-24T09:05:23","modified_gmt":"2023-09-24T09:05:23","slug":"le-president-de-la-republique-supervise-le-lancement-de-la-36eme-session-du-congres-international-de-la-sirah-du-prophete-pls","status":"publish","type":"post","link":"https:\/\/lestracesdelinfo.com\/index.php\/2023\/09\/24\/le-president-de-la-republique-supervise-le-lancement-de-la-36eme-session-du-congres-international-de-la-sirah-du-prophete-pls\/","title":{"rendered":"Le Pr\u00e9sident de la R\u00e9publique supervise le lancement de la 36\u00e8me session du congr\u00e8s international de la Sirah du proph\u00e8te (PLS)"},"content":{"rendered":"\n<figure class=\"wp-block-image\"><a href=\"https:\/\/ami.mr\/fr\/wp-content\/uploads\/2023\/09\/23-09-2023-008-2.jpg\"><img decoding=\"async\" src=\"https:\/\/ami.mr\/fr\/wp-content\/uploads\/2023\/09\/23-09-2023-008-2-750x430.jpg\" alt=\"\"\/><\/a><\/figure>\n\n\n\n<figure class=\"wp-block-image\"><img decoding=\"async\" src=\"https:\/\/ami.mr\/fr\/wp-content\/uploads\/2023\/09\/A28I4566-1-300x205.jpg\" alt=\"\" class=\"wp-image-230361\"\/><\/figure>\n\n\n\n<p><strong>AMI<\/strong>  Le Pr\u00e9sident de la R\u00e9publique, Son Excellence Monsieur Mohamed Ould Cheikh El Ghazouani, a supervis\u00e9, samedi, au palais des congr\u00e8s de Nouakchott, le lancement des travaux de la 36\u00e8me session du congr\u00e8s international de la Sirah (Biographie) du Proph\u00e8te Mohamed (Paix et Salut sur Lui) et de la plaidoirie pour son soutien, organis\u00e9 par le regroupement culturel et islamique en Mauritanie et en Afrique de l\u2019Ouest, en collaboration avec la Ligue islamique mondiale, sous le th\u00e8me : \u00ab R\u00f4le des Oul\u00e9mas et des leaders religieux dans la r\u00e9conciliation et le renforcement des liens islamiques entre les peuples et les nations- l\u2019Afrique comme mod\u00e8le\u00bb.<\/p>\n\n\n\n<p>Le premier jour du congr\u00e8s a \u00e9t\u00e9 l\u2019occasion pour les diff\u00e9rents intervenants de revenir sur les valeurs nobles et comportements du proph\u00e8te Mohamed (PSL) et de s\u00e9quences d\u2019\u00e9loges \u00e0 son endroit (Medh).<\/p>\n\n\n\n<p>Les notions de fraternit\u00e9, de tol\u00e9rance et de la r\u00e9conciliation, sont autant de valeurs incarn\u00e9es par le proph\u00e8te Mohamed (PSL), ont \u00e9t\u00e9 particuli\u00e8rement \u00e9voqu\u00e9es au cours de diff\u00e9rentes pr\u00e9sentations.<\/p>\n\n\n<div class=\"wp-block-image\">\n<figure class=\"alignleft\"><img decoding=\"async\" src=\"https:\/\/ami.mr\/fr\/wp-content\/uploads\/2023\/09\/DSC_1292-205x300.jpg\" alt=\"\" class=\"wp-image-230355\"\/><\/figure>\n<\/div>\n\n\n<p>Dans un mot prononc\u00e9 \u00e0 l\u2019occasion, le pr\u00e9sident du regroupement culturel et islamique en Mauritanie et en Afrique de l\u2019Ouest, Cheikh Mohamed El Hafedh Ennahoui, a exprim\u00e9 ses remerciements au Pr\u00e9sident de la R\u00e9publique pour le soutien qu\u2019il n\u2019a cess\u00e9 d\u2019apporter au congr\u00e8s depuis son acc\u00e8s au pouvoir. Un soutien qui s\u2019est consolid\u00e9, cette ann\u00e9e, par sa supervision du congr\u00e8s, qui t\u00e9moigne, dit-il, de l\u2019attachement de son excellence au proph\u00e8te (PSL) et \u00e0 toutes les causes islamiques.<\/p>\n\n\n\n<p>Il a ajout\u00e9 que ce congr\u00e8s dans son actuelle \u00e9dition aborde des sujets majeurs notamment le r\u00f4le des Oul\u00e9mas dans l\u2019instauration de l\u2019harmonie, en particulier dans les pays fr\u00e8res de la sous-r\u00e9gion qui font face \u00e0 des enjeux s\u00e9curitaires et des conflits communautaires.<\/p>\n\n\n\n<p>Quant au secr\u00e9taire g\u00e9n\u00e9ral de la Ligue islamique mondiale, Dr. Muhamed El Kerim El Issaoui, il a remerci\u00e9 le regroupement pour sa noble tradition d\u2019organiser ce congr\u00e8s annuel pour marquer l\u2019anniversaire de la naissance du proph\u00e8te Muhammad (PSL). Il a \u00e9galement adress\u00e9 ses remerciements au<\/p>\n\n\n<div class=\"wp-block-image\">\n<figure class=\"alignleft\"><img decoding=\"async\" src=\"https:\/\/ami.mr\/fr\/wp-content\/uploads\/2023\/09\/DSC_1396-300x205.jpg\" alt=\"\" class=\"wp-image-230357\"\/><\/figure>\n<\/div>\n\n\n<p>Pr\u00e9sident de la R\u00e9publique pour sa pr\u00e9sence au congr\u00e8s et son soutien \u00e0 cette rencontre grandiose.<\/p>\n\n\n\n<p>Il a, par ailleurs, soulign\u00e9 qu\u2019une \u00e9dition de l\u2019exposition sur la Sirah du proph\u00e8te et la civilisation musulmane sera inaugur\u00e9e \u00e0 Nouakchott en r\u00e9ponse \u00e0 la volont\u00e9 du Pr\u00e9sident de la R\u00e9publique et en conformit\u00e9 avec \u00ab Nouakchott, capitale culturelle du monde islamique \u00bb.<\/p>\n\n\n\n<p>Pour leur part, les repr\u00e9sentants des d\u00e9l\u00e9gations participantes ont unanimement salu\u00e9 l\u2019organisation du congr\u00e8s, marqu\u00e9e par la supervision du Pr\u00e9sident de la R\u00e9publique et mis en exergue les caract\u00e9ristiques spirituelles et morales exceptionnelles du proph\u00e8te Mohamed (PSL) et l\u2019amour que lui porte toute la communaut\u00e9 musulmane.<\/p>\n\n\n\n<p>La c\u00e9r\u00e9monie d\u2019ouverture s\u2019est d\u00e9roul\u00e9e en pr\u00e9sence de la premi\u00e8re Dame, Dr. Mariam Dah Fadel, du Premier ministre M. Mohamed Bilal Messaoud, du ministre secr\u00e9taire g\u00e9n\u00e9ral de la pr\u00e9sidence de la R\u00e9publique, du ministre charg\u00e9 du cabinet du Pr\u00e9sident de la R\u00e9publique, de la ministre conseill\u00e8re \u00e0 la Pr\u00e9sidence, du ministre conseiller \u00e0 la Pr\u00e9sidence, des membres du Gouvernement, du Wali de Nouakchott-Ouest, du maire de Tevragh Zeina, des membres du corps diplomatique accr\u00e9dit\u00e9 dans notre pays et des plusieurs personnalit\u00e9s culturelles et religieuses.<\/p>\n","protected":false},"excerpt":{"rendered":"<p>AMI Le Pr\u00e9sident de la R\u00e9publique, Son Excellence Monsieur Mohamed Ould Cheikh El Ghazouani, a supervis\u00e9, samedi, au palais des congr\u00e8s de Nouakchott, le lancement des travaux de la 36\u00e8me session du congr\u00e8s international de la Sirah (Biographie) du Proph\u00e8te Mohamed (Paix et Salut sur Lui) et de la plaidoirie pour son soutien, organis\u00e9 par [&hellip;]<\/p>\n","protected":false},"author":2,"featured_media":53887,"comment_status":"open","ping_status":"open","sticky":false,"template":"","format":"standard","meta":{"footnotes":""},"categories":[1],"tags":[],"class_list":["post-53886","post","type-post","status-publish","format-standard","has-post-thumbnail","hentry","category-aucun"],"_links":{"self":[{"href":"https:\/\/lestracesdelinfo.com\/index.php\/wp-json\/wp\/v2\/posts\/53886","targetHints":{"allow":["GET"]}}],"collection":[{"href":"https:\/\/lestracesdelinfo.com\/index.php\/wp-json\/wp\/v2\/posts"}],"about":[{"href":"https:\/\/lestracesdelinfo.com\/index.php\/wp-json\/wp\/v2\/types\/post"}],"author":[{"embeddable":true,"href":"https:\/\/lestracesdelinfo.com\/index.php\/wp-json\/wp\/v2\/users\/2"}],"replies":[{"embeddable":true,"href":"https:\/\/lestracesdelinfo.com\/index.php\/wp-json\/wp\/v2\/comments?post=53886"}],"version-history":[{"count":1,"href":"https:\/\/lestracesdelinfo.com\/index.php\/wp-json\/wp\/v2\/posts\/53886\/revisions"}],"predecessor-version":[{"id":53888,"href":"https:\/\/lestracesdelinfo.com\/index.php\/wp-json\/wp\/v2\/posts\/53886\/revisions\/53888"}],"wp:featuredmedia":[{"embeddable":true,"href":"https:\/\/lestracesdelinfo.com\/index.php\/wp-json\/wp\/v2\/media\/53887"}],"wp:attachment":[{"href":"https:\/\/lestracesdelinfo.com\/index.php\/wp-json\/wp\/v2\/media?parent=53886"}],"wp:term":[{"taxonomy":"category","embeddable":true,"href":"https:\/\/lestracesdelinfo.com\/index.php\/wp-json\/wp\/v2\/categories?post=53886"},{"taxonomy":"post_tag","embeddable":true,"href":"https:\/\/lestracesdelinfo.com\/index.php\/wp-json\/wp\/v2\/tags?post=53886"}],"curies":[{"name":"wp","href":"https:\/\/api.w.org\/{rel}","templated":true}]}}