{"id":53913,"date":"2023-09-24T14:00:51","date_gmt":"2023-09-24T14:00:51","guid":{"rendered":"https:\/\/lestracesdelinfo.com\/?p=53913"},"modified":"2023-09-24T14:00:54","modified_gmt":"2023-09-24T14:00:54","slug":"premier-ministre-et-candidat-amadou-bat-ses-challengers","status":"publish","type":"post","link":"https:\/\/lestracesdelinfo.com\/index.php\/2023\/09\/24\/premier-ministre-et-candidat-amadou-bat-ses-challengers\/","title":{"rendered":"Premier ministre et candidat : Amadou bat ses challengers"},"content":{"rendered":"\n<p><a href=\"https:\/\/lequotidien.sn\/author\/aicha\/\">Lequotidien<\/a>\u00a0<\/p>\n\n\n\n<figure class=\"wp-block-image\"><img decoding=\"async\" src=\"https:\/\/lequotidien.sn\/wp-content\/uploads\/2023\/09\/amadou-ba-6.jpg\" alt=\"\"\/><\/figure>\n\n\n\n<p><strong>Amadou Ba a un atout majeur par rapport aux autres candidats. Ces derniers ne peuvent, pour le moment, pas battre campagne. Avec sa casquette de Premier ministre, il peut se permettre ce que les autres n\u2019ont pas les moyens de faire, \u00e0 savoir sillonner le S\u00e9n\u00e9gal au motif de conduire les affaires du pays. On ne le voit pas perdre cet avantage au prochain remaniement.<\/strong><\/p>\n\n\n\n<p><strong>Par Malick GAYE \u2013&nbsp;<\/strong>A 6 mois de la Pr\u00e9sidentielle, la majorit\u00e9 des candidats sont connus. Pour beaucoup, c\u2019est d\u00e9sormais l\u2019heure de la p\u00eache aux parrainages, sinon aux \u00e9lecteurs. Visites de proximit\u00e9, \u00e9v\u00e9nements religieux ou sportifs, tout est bon pour chercher \u00e0 se distinguer des autres, s\u2019afficher et s\u2019\u00e9pancher sur le bien-fond\u00e9 de sa candidature. C\u2019est le temps de la g\u00e9n\u00e9rosit\u00e9 et de la proximit\u00e9. Le but est de convaincre le maximum d\u2019\u00e9lecteurs avant l\u2019ouverture officielle de la campagne.<\/p>\n\n\n\n<p>Bien que le tamis du parrainage n\u2019a pas encore livr\u00e9 ses r\u00e9sultats, les candidats d\u00e9clar\u00e9s mettent \u00e0 profit ce temps afin de pr\u00eacher pour leur paroisse. Khalifa Sall de Taxawu Senegaal a repris son Nemeku tour. En petit comit\u00e9, l\u2019ancien maire de Dakar sillonne le pays pour remobiliser ses troupes. Aminata Tour\u00e9 fait la m\u00eame chose. Moins chanceux, Malick Gackou du Grand parti a \u00e9t\u00e9 contraint, par arr\u00eat\u00e9 pr\u00e9fectoral, de cesser sa \u00abpr\u00e9campagne\u00bb. Avec une forte d\u00e9l\u00e9gation, il avait investi le Nord du pays, g\u00e9n\u00e9ralement acquis \u00e0 la cause du pouvoir. En fin strat\u00e8ge, Malick Gackou a activ\u00e9 sa cellule de communication pour tirer profit de cet \u00abacharnement\u00bb sur sa personne. Bougane Gu\u00e8ye Dany a \u00e9galement us\u00e9 de cette propagande pour montrer \u00e0 quel point il \u00e9tait brim\u00e9 par rapport au candidat du pouvoir.<\/p>\n\n\n\n<blockquote class=\"wp-block-quote is-layout-flow wp-block-quote-is-layout-flow\">\n<h2 class=\"wp-block-heading\"><strong><a href=\"https:\/\/lequotidien.sn\/benno-candidatures-paralleles-macky-met-en-garde-les-dissidents\/\">Benno \u2013 Candidatures parall\u00e8les : Macky met en garde les dissidents<\/a><\/strong><\/h2>\n<\/blockquote>\n\n\n\n<p>A contrario, Amadou Ba, le candidat de Bby, s\u2019offre visites et inaugurations. Sa casquette de Premier ministre lui ouvre des portes ferm\u00e9es aux autres candidats. Il peut se permettre de se rendre \u00e0 Tivaouane pour initier des travaux d\u2019embellissement de la ville religieuse. Et par ricochet, de rencontrer des militants, le tout sous l\u2019\u0153il des cam\u00e9ras et les micros des diff\u00e9rents m\u00e9dias. Il en ira de m\u00eame pour toutes les localit\u00e9s o\u00f9 il passera. Il est accueilli avec toute la pompe r\u00e9serv\u00e9e au plus haut dignitaire de l\u2019Etat, apr\u00e8s le pr\u00e9sident de la R\u00e9publique. C\u2019est le cas hier \u00e0 Kaolack, o\u00f9 il s\u2019est rendu, comme \u00e0 Ndiassane et dans d\u2019autres cit\u00e9s religieuses, dans le cadre des pr\u00e9paratifs des c\u00e9r\u00e9monies du Gamou. Partout, les d\u00e9l\u00e9gations officielles se mettent en rangs pour accueillir le Premier ministre, et des militants du pouvoir viennent acclamer leur candidat \u00e0 la prochaine \u00e9lection.<\/p>\n\n\n\n<p>Un avantage que tous les autres candidats aimeraient avoir. Mais pour combien de temps ? En effet, apr\u00e8s la d\u00e9signation de Amadou Ba comme candidat de Bby, un remaniement gouvernemental est annonc\u00e9. Pour les besoins de la 78\u00e8me Assembl\u00e9e g\u00e9n\u00e9rale des Nations unies, le Pr\u00e9sident Macky Sall s\u2019est rendu \u00e0 New York. Sauf changement de derni\u00e8re minute, le remaniement devrait avoir lieu la semaine prochaine. Que va faire le Pr\u00e9sident ? Lui qui avait tenu \u00e0 rappeler l\u2019atout de Amadou Ba, va-t-il lui retirer l\u2019avantage qu\u2019il a sur les autres candidats en lui arrachant le poste de Premier ministre ? Ce faisant, il le ravalerait au rang de n\u2019importe quel candidat. Il lui serait tr\u00e8s difficile, sinon impossible, de tenir des rencontres politiques sous le couvert des d\u00e9placements administratives et \u00e9conomiques normales d\u00e9volues au chef du gouvernement. Quelle diff\u00e9rence pourrait-il alors y avoir entre le candidat du pouvoir et par exemple, celui d\u2019un parti ou mouvement non repr\u00e9sent\u00e9 \u00e0 l\u2019Assembl\u00e9e nationale ?<\/p>\n\n\n\n<blockquote class=\"wp-block-quote is-layout-flow wp-block-quote-is-layout-flow\">\n<h2 class=\"wp-block-heading\"><a href=\"https:\/\/lequotidien.sn\/candidat-a-la-presidentielle-2024-mahammed-veut-etre-lelu\/\"><strong>Candidat \u00e0 la Pr\u00e9sidentielle 2024 : Mahammed veut \u00eatre l\u2019\u00e9lu&nbsp;<\/strong><\/a><\/h2>\n<\/blockquote>\n\n\n\n<p>Par ailleurs, nommer un autre Premier ministre \u00e0 moins de 6 mois de la Pr\u00e9sidentielle, c\u2019est le contraindre \u00e0 faire une D\u00e9claration de politique g\u00e9n\u00e9rale en pleine campagne \u00e9lectorale. Bien que les minist\u00e8res des Sports, de l\u2019Agriculture et de l\u2019Artisanat doivent \u00eatre pourvus, Macky Sall a le choix entre nommer 3 personnes \u00e0 ces postes ou changer tout son gouvernement.<\/p>\n\n\n\n<p>Au vu des enjeux et emb\u00fbches qui se dressent de plus en plus face \u00e0 sa candidature, il serait inconcevable que le chef de l\u2019Etat en vienne \u00e0 handicaper davantage le candidat qu\u2019il a lui-m\u00eame choisi pour son camp, en lui dressant d\u2019autres difficult\u00e9s, notamment en le privant de son poste de Premier ministre. D\u2019ailleurs, lui-m\u00eame, en 2019, quand il s\u2019\u00e9tait repr\u00e9sent\u00e9 pour la Pr\u00e9sidentielle, il avait gard\u00e9 son gouvernement intact tout en battant campagne. Il ne semble y avoir aucune raison de croire que le chef de l\u2019Etat d\u00e9rogera \u00e0 cette m\u00e9thode pour en venir \u00e0 changer de Premier ministre en ce moment.<br><strong>mgaye@lequotidien.sn<\/strong><\/p>\n","protected":false},"excerpt":{"rendered":"<p>Lequotidien\u00a0 Amadou Ba a un atout majeur par rapport aux autres candidats. Ces derniers ne peuvent, pour le moment, pas battre campagne. Avec sa casquette de Premier ministre, il peut se permettre ce que les autres n\u2019ont pas les moyens de faire, \u00e0 savoir sillonner le S\u00e9n\u00e9gal au motif de conduire les affaires du pays. [&hellip;]<\/p>\n","protected":false},"author":2,"featured_media":53914,"comment_status":"open","ping_status":"open","sticky":false,"template":"","format":"standard","meta":{"footnotes":""},"categories":[1],"tags":[],"class_list":["post-53913","post","type-post","status-publish","format-standard","has-post-thumbnail","hentry","category-aucun"],"_links":{"self":[{"href":"https:\/\/lestracesdelinfo.com\/index.php\/wp-json\/wp\/v2\/posts\/53913","targetHints":{"allow":["GET"]}}],"collection":[{"href":"https:\/\/lestracesdelinfo.com\/index.php\/wp-json\/wp\/v2\/posts"}],"about":[{"href":"https:\/\/lestracesdelinfo.com\/index.php\/wp-json\/wp\/v2\/types\/post"}],"author":[{"embeddable":true,"href":"https:\/\/lestracesdelinfo.com\/index.php\/wp-json\/wp\/v2\/users\/2"}],"replies":[{"embeddable":true,"href":"https:\/\/lestracesdelinfo.com\/index.php\/wp-json\/wp\/v2\/comments?post=53913"}],"version-history":[{"count":1,"href":"https:\/\/lestracesdelinfo.com\/index.php\/wp-json\/wp\/v2\/posts\/53913\/revisions"}],"predecessor-version":[{"id":53915,"href":"https:\/\/lestracesdelinfo.com\/index.php\/wp-json\/wp\/v2\/posts\/53913\/revisions\/53915"}],"wp:featuredmedia":[{"embeddable":true,"href":"https:\/\/lestracesdelinfo.com\/index.php\/wp-json\/wp\/v2\/media\/53914"}],"wp:attachment":[{"href":"https:\/\/lestracesdelinfo.com\/index.php\/wp-json\/wp\/v2\/media?parent=53913"}],"wp:term":[{"taxonomy":"category","embeddable":true,"href":"https:\/\/lestracesdelinfo.com\/index.php\/wp-json\/wp\/v2\/categories?post=53913"},{"taxonomy":"post_tag","embeddable":true,"href":"https:\/\/lestracesdelinfo.com\/index.php\/wp-json\/wp\/v2\/tags?post=53913"}],"curies":[{"name":"wp","href":"https:\/\/api.w.org\/{rel}","templated":true}]}}